{"id":1241347,"date":"2026-08-16T22:45:15","date_gmt":"2026-08-16T22:45:15","guid":{"rendered":"https:\/\/www.europesays.com\/de\/1241347\/"},"modified":"2026-08-16T22:45:15","modified_gmt":"2026-08-16T22:45:15","slug":"leichtathletik-em-fuenf-wahrheiten-ueber-den-deutschen-goldrausch-sport","status":"publish","type":"post","link":"https:\/\/www.europesays.com\/de\/1241347\/","title":{"rendered":"Leichtathletik-EM: F\u00fcnf Wahrheiten \u00fcber den deutschen Goldrausch | Sport"},"content":{"rendered":"<p><b>Die Europameisterschaft in Birmingham geht am Sonntagabend zu Ende. Leider! Schon vor den letzten Highlights kann sich Deutschland \u00fcber viele starke Ergebnisse freuen. Vor zwei Jahren in Rom gab es nur einmal Gold und elf Medaillen insgesamt. Vor der Abendsession am Sonntag liegt der DLV bei f\u00fcnfmal Gold und 17 Medaillen insgesamt. Mit BILDplus lesen Sie f\u00fcnf Wahrheiten \u00fcber die deutsche Leichtathletik!<\/b><\/p>\n","protected":false},"excerpt":{"rendered":"Die Europameisterschaft in Birmingham geht am Sonntagabend zu Ende. Leider! Schon vor den letzten Highlights kann sich Deutschland&hellip;\n","protected":false},"author":2,"featured_media":1241348,"comment_status":"","ping_status":"","sticky":false,"template":"","format":"standard","meta":{"footnotes":"","_share_on_mastodon":"0"},"categories":[136],"tags":[1263,29,30,256150,7591,87021,255137,656,5134,265,1470,1576],"class_list":["post-1241347","post","type-post","status-publish","format-standard","has-post-thumbnail","category-sport","tag-aufmacher-bereich","tag-deutschland","tag-germany","tag-krause-gesa-felicitas","tag-leichtathletik","tag-leichtathletik-wm","tag-leichtathletik-em-2026","tag-olympia","tag-quad-teaser","tag-sport","tag-sport-leuchtturm-muenchen","tag-super-a-teaser"],"share_on_mastodon":{"url":"https:\/\/pubeurope.com\/@de\/117107617189670192","error":""},"_links":{"self":[{"href":"https:\/\/www.europesays.com\/de\/wp-json\/wp\/v2\/posts\/1241347","targetHints":{"allow":["GET"]}}],"collection":[{"href":"https:\/\/www.europesays.com\/de\/wp-json\/wp\/v2\/posts"}],"about":[{"href":"https:\/\/www.europesays.com\/de\/wp-json\/wp\/v2\/types\/post"}],"author":[{"embeddable":true,"href":"https:\/\/www.europesays.com\/de\/wp-json\/wp\/v2\/users\/2"}],"replies":[{"embeddable":true,"href":"https:\/\/www.europesays.com\/de\/wp-json\/wp\/v2\/comments?post=1241347"}],"version-history":[{"count":0,"href":"https:\/\/www.europesays.com\/de\/wp-json\/wp\/v2\/posts\/1241347\/revisions"}],"wp:featuredmedia":[{"embeddable":true,"href":"https:\/\/www.europesays.com\/de\/wp-json\/wp\/v2\/media\/1241348"}],"wp:attachment":[{"href":"https:\/\/www.europesays.com\/de\/wp-json\/wp\/v2\/media?parent=1241347"}],"wp:term":[{"taxonomy":"category","embeddable":true,"href":"https:\/\/www.europesays.com\/de\/wp-json\/wp\/v2\/categories?post=1241347"},{"taxonomy":"post_tag","embeddable":true,"href":"https:\/\/www.europesays.com\/de\/wp-json\/wp\/v2\/tags?post=1241347"}],"curies":[{"name":"wp","href":"https:\/\/api.w.org\/{rel}","templated":true}]}}