{"id":1241381,"date":"2026-08-16T23:08:57","date_gmt":"2026-08-16T23:08:57","guid":{"rendered":"https:\/\/www.europesays.com\/de\/1241381\/"},"modified":"2026-08-16T23:08:57","modified_gmt":"2026-08-16T23:08:57","slug":"grosse-kulisse-kleiner-ertrag-preussen-und-ingolstadt-trennen-sich-11","status":"publish","type":"post","link":"https:\/\/www.europesays.com\/de\/1241381\/","title":{"rendered":"Gro\u00dfe Kulisse, kleiner Ertrag: Preu\u00dfen und Ingolstadt trennen sich 1:1"},"content":{"rendered":"<p>Der erste Auftritt vor eigenem Publikum in dieser neuen, alten Liga ist Geschichte. Preu\u00dfen M\u00fcnster hat am gestrigen Samstag im Heimspiel gegen den FC Ingolstadt 04 nicht gewonnen, aber auch nicht verloren. Nach 90 intensiven Minuten stand es 1:1, und mit diesem einen Punkt k\u00f6nnen wir am Ende des Tages ganz gut leben, auch wenn im Stadion zwischenzeitlich mehr drin war.<\/p>\n<p>Ausverkauftes Haus zur Premiere<\/p>\n<p class=\"isSelectedEnd\">Was diesen zweiten Spieltag der 3. Liga so besonders machte, war weniger das Ergebnis als der Rahmen. Zum ersten Heimspiel dieser Saison war der Zuschauerbereich mit rund 12.800 Fans ausverkauft, darunter erstmals die neue Fiffi-Gerritzen-Kurve im Osten des Preu\u00dfenstadions, die mit einer gigantischen Choreografie eingeweiht wurde. Selbst Trainer Thomas W\u00f6rle sprach hinterher von seinem neuen Wohnzimmer und einer grandiosen Atmosph\u00e4re. Das ist genau das Fieber, das sich in den letzten Jahren rund um den SCP entwickelt hat, und es freut mich sehr zu sehen, dass es auch eine Liga tiefer nicht erloschen ist, sondern eher noch gewachsen zu sein scheint.<\/p>\n<p>Der Spielverlauf<\/p>\n<p>Ingolstadt begann zielstrebiger und hatte die ersten guten Gelegenheiten der Partie, ohne dabei wirklich zwingend zu werden. Preu\u00dfen brauchte etwas, um ins Spiel zu finden, ging dann aber in der 22. Minute \u00fcberraschend in F\u00fchrung. Ryan Johansson zog aus rund 20 Metern ab und zirkelte den Ball sehenswert ins lange Eck. Nur wenig sp\u00e4ter, in der 25. Minute, h\u00e4tte er beinahe nachgelegt, doch sein Distanzschuss klatschte an die Latte. Die Antwort der G\u00e4ste lie\u00df nicht lange auf sich warten. In der 27. Minute glich Emre G\u00fcl nach einer Drehung aus etwa 22 Metern zum 1:1 aus, dem Endstand dieser Begegnung. Bis zur Pause passierte auf beiden Seiten nichts Z\u00e4hlbares mehr.<\/p>\n<p>Nach dem Wechsel reagierte Thomas W\u00f6rle mit einer Doppelsubstitution, brachte Antonio Tikvic und Torge Paetow f\u00fcr Tim Dietrich und Lucas Zeller. Die Partie blieb umk\u00e4mpft und phasenweise fehlerbehaftet, wie es f\u00fcr die 3. Liga eben typisch ist. In der 49. Minute sah Ingolstadts Jonas Scholz die Gelbe Karte, in der 70. Minute traf es auf M\u00fcnsteraner Seite Wesley Adeh. Beide Trainer wechselten im Verlauf der zweiten H\u00e4lfte munter durch. Bei Preu\u00dfen kamen noch Marvin Schulz (75.), Oscar Vilhelmsson (81.) und Samuel Althaus (87.) ins Spiel, bei Ingolstadt reagierte Cheftrainerin Sabrina Wittmann mit den Einwechslungen von Josef Ganda (62.), Ognjen Drakulic und Linus Rosenl\u00f6cher (77.) sowie Max Plath und Yannick Deichmann (84.). Zu einer echten Entscheidung f\u00fchrte das aber nicht mehr. Beide Mannschaften erarbeiteten sich zwar noch die eine oder andere M\u00f6glichkeit, doch der Ball wollte nicht mehr \u00fcber die Linie. Schiedsrichter Jonah Besong beendete die Partie beim Stand von 1:1.<\/p>\n<p>Was W\u00f6rle nach dem Spiel sagte<\/p>\n<p>Thomas W\u00f6rle ordnete die Punkteteilung hinterher n\u00fcchtern ein und sprach von einer leistungsgerechten Punkteteilung mit zwei unterschiedlichen Halbzeiten. In der ersten H\u00e4lfte habe seine Mannschaft nie richtig ins eigene Spiel gefunden, die F\u00fchrung sei im Grunde aus dem Nichts gekommen. Nach der Pause h\u00e4tten seine Jungs dann deutlich griffiger agiert. Eine Analyse, der man nach dem Spielverlauf nur zustimmen kann.<\/p>\n<p>Gro\u00dfe Tr\u00e4ume, kleine Schritte<\/p>\n<p>Ehrlich gesagt: Der Abstieg aus der 2. Bundesliga nach nur zwei Jahren dort oben schmerzt viele Anh\u00e4nger des SCP noch immer, und die Entt\u00e4uschung \u00fcber das Saisonende darf man auch aussprechen, wenn man den Verein liebt. Gleichzeitig zeigt genau dieses Spiel, was sich in M\u00fcnster in den letzten Jahren entwickelt hat. Ein ausverkauftes Stadion, eine neue Kurve, eine Choreo, die selbst den Trainer beeindruckt. Dieses Fieber ist real, und der Wunsch vieler Fans d\u00fcrfte sein, dass es sich bald mit dem Wiederaufstieg in die 2. Bundesliga best\u00e4tigt.<\/p>\n<p>Trotzdem tut der Verein gut daran, mit viel Demut auf diese Saison zu blicken. Die Beispiele sind zahlreich genug, wie schnell aus einem Absteiger in die 3. Liga ein Absteiger in die Regionalliga werden kann. Der Durchmarsch nach unten war in den vergangenen Jahren keine Seltenheit. Deshalb muss das oberste Ziel f\u00fcr diese Spielzeit ganz klar lauten, dass der SCP in der 3. Liga ankommt, seinen Platz in dieser Liga findet und m\u00f6glichst wenig mit der Abstiegsregion zu tun hat. Vier Punkte aus den ersten beiden Spielen, ein Ausw\u00e4rtssieg und ein couragiertes Remis gegen einen unangenehmen Gegner vor grandioser Kulisse sind daf\u00fcr ein solider erster Schritt. Was am Ende der Saison noch drin ist, wird sich zeigen. Erst einmal gilt es, in dieser Liga anzukommen.<\/p>\n<p>Ausblick<\/p>\n<p>In der Liga geht es f\u00fcr Preu\u00dfen M\u00fcnster als N\u00e4chstes ausw\u00e4rts bei Viktoria K\u00f6ln weiter. Bis dahin bleibt Zeit, die Eindr\u00fccke dieses ersten Heimspiels sacken zu lassen und sich schon auf das n\u00e4chste Mal an der Hammer Stra\u00dfe zu freuen.<\/p>\n<p><strong>Alle zusammen f\u00fcr Preu\u00dfen M\u00fcnster!<\/strong><\/p>\n<\/p>\n<p>Der Spieltag<\/p>\n<p>\n\t\t\t\t\t\t2026\/2027 &#8211; 3. Liga\t\t\t\t\t<\/p>\n<p>\t\t\t\t\t\t\t\t\t\t\t<img decoding=\"async\" loading=\"lazy\" class=\"anwp-object-contain anwp-w-20 anwp-h-20 anwp-w-sm-30 anwp-h-sm-30 match-slim__competition-logo anwp-flex-none mr-0\" data-toggle=\"anwp-tooltip\" data-tippy-content=\"2026\/2027 \u2013 3. Liga\" src=\"https:\/\/www.europesays.com\/de\/wp-content\/uploads\/2026\/08\/Logo_3_Liga.jpg\" alt=\"2026\/2027 \u2013 3. Liga\"\/><\/p>\n<p>\t\t\t\t\t\tFr., 14. Aug. 2026\n\t\t\t\t\t<\/p>\n<p>\t\t\t\t\t\t\t\t\t\t\t&#8211;<br \/>\n\t\t\t\t\t\t19:00<\/p>\n<p>\n\t\t\t\t\t\t\t\t\t\t\t\tFC W\u00fcrzburger Kickers\t\t\t\t\t<\/p>\n<p>\t\t\t\t\t\t\t\t\t\t\t<img decoding=\"async\" loading=\"lazy\" width=\"30\" height=\"30\" class=\"anwp-object-contain match-slim__team-home-logo anwp-flex-none mr-sm-3 anwp-w-30 anwp-h-30\" src=\"https:\/\/www.europesays.com\/de\/wp-content\/uploads\/2026\/08\/784.png\" alt=\"FC W\u00fcrzburger Kickers\"\/><\/p>\n<p>\t\t\t\t\t\t\t\t\t\t\t<img decoding=\"async\" loading=\"lazy\" width=\"30\" height=\"30\" class=\"anwp-object-contain match-slim__team-away-logo anwp-flex-none ml-sm-3 anwp-w-30 anwp-h-30\" src=\"https:\/\/www.europesays.com\/de\/wp-content\/uploads\/2026\/08\/1319.png\" alt=\"SV Wehen Wiesbaden\"\/><\/p>\n<p>\n\t\t\t\t\t\tSV Wehen Wiesbaden\t\t\t\t\t\t\t\t\t\t\t<\/p>\n<p>\t<a class=\"anwp-link-cover anwp-link-without-effects anwp-cursor-pointer\" aria-label=\"FC W\u00fcrzburger Kickers - SV Wehen Wiesbaden\" href=\"https:\/\/www.nullsechs.de\/begegnung\/fc-w%c3%bcrzburger-kickers-sv-wehen-wiesbaden-2026-08-14\/\" rel=\"nofollow noopener\" target=\"_blank\"><\/p>\n<p>\n\t\t\t\t\t\t2026\/2027 &#8211; 3. Liga\t\t\t\t\t<\/p>\n<p>\t\t\t\t\t\t\t\t\t\t\t<img decoding=\"async\" loading=\"lazy\" class=\"anwp-object-contain anwp-w-20 anwp-h-20 anwp-w-sm-30 anwp-h-sm-30 match-slim__competition-logo anwp-flex-none mr-0\" data-toggle=\"anwp-tooltip\" data-tippy-content=\"2026\/2027 \u2013 3. Liga\" src=\"https:\/\/www.europesays.com\/de\/wp-content\/uploads\/2026\/08\/Logo_3_Liga.jpg\" alt=\"2026\/2027 \u2013 3. Liga\"\/><\/p>\n<p>\t\t\t\t\t\tSa., 15. Aug. 2026\n\t\t\t\t\t<\/p>\n<p>\t\t\t\t\t\t\t\t\t\t\t&#8211;<br \/>\n\t\t\t\t\t\t14:00<\/p>\n<p>\n\t\t\t\t\t\t\t\t\t\t\t\tFortuna D\u00fcsseldorf\t\t\t\t\t<\/p>\n<p>\t\t\t\t\t\t\t\t\t\t\t<img decoding=\"async\" loading=\"lazy\" width=\"30\" height=\"30\" class=\"anwp-object-contain match-slim__team-home-logo anwp-flex-none mr-sm-3 anwp-w-30 anwp-h-30\" src=\"https:\/\/www.europesays.com\/de\/wp-content\/uploads\/2025\/04\/158.png\" alt=\"Fortuna D\u00fcsseldorf\"\/><\/p>\n<p>\t\t\t\t\t\t\t\t\t\t\t<img decoding=\"async\" loading=\"lazy\" width=\"30\" height=\"30\" class=\"anwp-object-contain match-slim__team-away-logo anwp-flex-none ml-sm-3 anwp-w-30 anwp-h-30\" src=\"https:\/\/www.europesays.com\/de\/wp-content\/uploads\/2026\/08\/9364.png\" alt=\"Hoffenheim II\"\/><\/p>\n<p>\n\t\t\t\t\t\tHoffenheim II\t\t\t\t\t\t\t\t\t\t\t<\/p>\n<p>\t<a class=\"anwp-link-cover anwp-link-without-effects anwp-cursor-pointer\" aria-label=\"Fortuna D\u00fcsseldorf - Hoffenheim II\" href=\"https:\/\/www.nullsechs.de\/begegnung\/fortuna-d%c3%bcsseldorf-hoffenheim-ii-2026-08-15\/\" rel=\"nofollow noopener\" target=\"_blank\"><\/p>\n<p>\n\t\t\t\t\t\t2026\/2027 &#8211; 3. Liga\t\t\t\t\t<\/p>\n<p>\t\t\t\t\t\t\t\t\t\t\t<img decoding=\"async\" loading=\"lazy\" class=\"anwp-object-contain anwp-w-20 anwp-h-20 anwp-w-sm-30 anwp-h-sm-30 match-slim__competition-logo anwp-flex-none mr-0\" data-toggle=\"anwp-tooltip\" data-tippy-content=\"2026\/2027 \u2013 3. Liga\" src=\"https:\/\/www.europesays.com\/de\/wp-content\/uploads\/2026\/08\/Logo_3_Liga.jpg\" alt=\"2026\/2027 \u2013 3. Liga\"\/><\/p>\n<p>\t\t\t\t\t\tSa., 15. Aug. 2026\n\t\t\t\t\t<\/p>\n<p>\t\t\t\t\t\t\t\t\t\t\t&#8211;<br \/>\n\t\t\t\t\t\t14:00<\/p>\n<p>\n\t\t\t\t\t\t\t\t\t\t\t\tSC Preu\u00dfen M\u00fcnster\t\t\t\t\t<\/p>\n<p>\t\t\t\t\t\t\t\t\t\t\t<img decoding=\"async\" loading=\"lazy\" width=\"30\" height=\"30\" class=\"anwp-object-contain match-slim__team-home-logo anwp-flex-none mr-sm-3 anwp-w-30 anwp-h-30\" src=\"https:\/\/www.europesays.com\/de\/wp-content\/uploads\/2026\/08\/1313.png\" alt=\"SC Preu\u00dfen M\u00fcnster\"\/><\/p>\n<p>\t\t\t\t\t\t\t\t\t\t\t<img decoding=\"async\" loading=\"lazy\" width=\"30\" height=\"30\" class=\"anwp-object-contain match-slim__team-away-logo anwp-flex-none ml-sm-3 anwp-w-30 anwp-h-30\" src=\"https:\/\/www.europesays.com\/de\/wp-content\/uploads\/2026\/08\/184.png\" alt=\"FC Ingolstadt\"\/><\/p>\n<p>\n\t\t\t\t\t\tFC Ingolstadt\t\t\t\t\t\t\t\t\t\t\t<\/p>\n<p>\t<a class=\"anwp-link-cover anwp-link-without-effects anwp-cursor-pointer\" aria-label=\"SC Preu\u00dfen M\u00fcnster - FC Ingolstadt\" href=\"https:\/\/www.nullsechs.de\/begegnung\/sc-preu%c3%9fen-m%c3%bcnster-fc-ingolstadt-2026-08-15\/\" rel=\"nofollow noopener\" target=\"_blank\"><\/p>\n<p>\n\t\t\t\t\t\t2026\/2027 &#8211; 3. Liga\t\t\t\t\t<\/p>\n<p>\t\t\t\t\t\t\t\t\t\t\t<img decoding=\"async\" loading=\"lazy\" class=\"anwp-object-contain anwp-w-20 anwp-h-20 anwp-w-sm-30 anwp-h-sm-30 match-slim__competition-logo anwp-flex-none mr-0\" data-toggle=\"anwp-tooltip\" data-tippy-content=\"2026\/2027 \u2013 3. Liga\" src=\"https:\/\/www.europesays.com\/de\/wp-content\/uploads\/2026\/08\/Logo_3_Liga.jpg\" alt=\"2026\/2027 \u2013 3. Liga\"\/><\/p>\n<p>\t\t\t\t\t\tSa., 15. Aug. 2026\n\t\t\t\t\t<\/p>\n<p>\t\t\t\t\t\t\t\t\t\t\t&#8211;<br \/>\n\t\t\t\t\t\t14:00<\/p>\n<p>\n\t\t\t\t\t\t\t\t\t\t\t\tSV Meppen\t\t\t\t\t<\/p>\n<p>\t\t\t\t\t\t\t\t\t\t\t<img decoding=\"async\" loading=\"lazy\" width=\"30\" height=\"30\" class=\"anwp-object-contain match-slim__team-home-logo anwp-flex-none mr-sm-3 anwp-w-30 anwp-h-30\" src=\"https:\/\/www.europesays.com\/de\/wp-content\/uploads\/2026\/08\/1318.png\" alt=\"SV Meppen\"\/><\/p>\n<p>\t\t\t\t\t\t\t\t\t\t\t<img decoding=\"async\" loading=\"lazy\" width=\"30\" height=\"30\" class=\"anwp-object-contain match-slim__team-away-logo anwp-flex-none ml-sm-3 anwp-w-30 anwp-h-30\" src=\"https:\/\/www.europesays.com\/de\/wp-content\/uploads\/2026\/08\/1317.png\" alt=\"SG Sonnenhof Gro\u00dfaspach\"\/><\/p>\n<p>\n\t\t\t\t\t\tSG Sonnenhof Gro\u00dfaspach\t\t\t\t\t\t\t\t\t\t\t<\/p>\n<p>\t<a class=\"anwp-link-cover anwp-link-without-effects anwp-cursor-pointer\" aria-label=\"SV Meppen - SG Sonnenhof Gro\u00dfaspach\" href=\"https:\/\/www.nullsechs.de\/begegnung\/sv-meppen-sg-sonnenhof-gro%c3%9faspach-2026-08-15\/\" rel=\"nofollow noopener\" target=\"_blank\"><\/p>\n<p>\n\t\t\t\t\t\t2026\/2027 &#8211; 3. Liga\t\t\t\t\t<\/p>\n<p>\t\t\t\t\t\t\t\t\t\t\t<img decoding=\"async\" loading=\"lazy\" class=\"anwp-object-contain anwp-w-20 anwp-h-20 anwp-w-sm-30 anwp-h-sm-30 match-slim__competition-logo anwp-flex-none mr-0\" data-toggle=\"anwp-tooltip\" data-tippy-content=\"2026\/2027 \u2013 3. Liga\" src=\"https:\/\/www.europesays.com\/de\/wp-content\/uploads\/2026\/08\/Logo_3_Liga.jpg\" alt=\"2026\/2027 \u2013 3. Liga\"\/><\/p>\n<p>\t\t\t\t\t\tSa., 15. Aug. 2026\n\t\t\t\t\t<\/p>\n<p>\t\t\t\t\t\t\t\t\t\t\t&#8211;<br \/>\n\t\t\t\t\t\t14:00<\/p>\n<p>\n\t\t\t\t\t\t\t\t\t\t\t\tSC Fortuna K\u00f6ln\t\t\t\t\t<\/p>\n<p>\t\t\t\t\t\t\t\t\t\t\t<img decoding=\"async\" loading=\"lazy\" width=\"30\" height=\"30\" class=\"anwp-object-contain match-slim__team-home-logo anwp-flex-none mr-sm-3 anwp-w-30 anwp-h-30\" src=\"https:\/\/www.europesays.com\/de\/wp-content\/uploads\/2026\/08\/1326.png\" alt=\"SC Fortuna K\u00f6ln\"\/><\/p>\n<p>\t\t\t\t\t\t\t\t\t\t\t<img decoding=\"async\" loading=\"lazy\" width=\"30\" height=\"30\" class=\"anwp-object-contain match-slim__team-away-logo anwp-flex-none ml-sm-3 anwp-w-30 anwp-h-30\" src=\"https:\/\/www.europesays.com\/de\/wp-content\/uploads\/2026\/08\/4259.png\" alt=\"Alemannia Aachen\"\/><\/p>\n<p>\n\t\t\t\t\t\tAlemannia Aachen\t\t\t\t\t\t\t\t\t\t\t<\/p>\n<p>\t<a class=\"anwp-link-cover anwp-link-without-effects anwp-cursor-pointer\" aria-label=\"SC Fortuna K\u00f6ln - Alemannia Aachen\" href=\"https:\/\/www.nullsechs.de\/begegnung\/sc-fortuna-k%c3%b6ln-alemannia-aachen-2026-08-15\/\" rel=\"nofollow noopener\" target=\"_blank\"><\/p>\n<p>\n\t\t\t\t\t\t2026\/2027 &#8211; 3. Liga\t\t\t\t\t<\/p>\n<p>\t\t\t\t\t\t\t\t\t\t\t<img decoding=\"async\" loading=\"lazy\" class=\"anwp-object-contain anwp-w-20 anwp-h-20 anwp-w-sm-30 anwp-h-sm-30 match-slim__competition-logo anwp-flex-none mr-0\" data-toggle=\"anwp-tooltip\" data-tippy-content=\"2026\/2027 \u2013 3. Liga\" src=\"https:\/\/www.europesays.com\/de\/wp-content\/uploads\/2026\/08\/Logo_3_Liga.jpg\" alt=\"2026\/2027 \u2013 3. Liga\"\/><\/p>\n<p>\t\t\t\t\t\tSa., 15. Aug. 2026\n\t\t\t\t\t<\/p>\n<p>\t\t\t\t\t\t\t\t\t\t\t&#8211;<br \/>\n\t\t\t\t\t\t14:00<\/p>\n<p>\n\t\t\t\t\t\t\t\t\t\t\t\tRot-Weiss Essen\t\t\t\t\t<\/p>\n<p>\t\t\t\t\t\t\t\t\t\t\t<img decoding=\"async\" loading=\"lazy\" width=\"30\" height=\"30\" class=\"anwp-object-contain match-slim__team-home-logo anwp-flex-none mr-sm-3 anwp-w-30 anwp-h-30\" src=\"https:\/\/www.europesays.com\/de\/wp-content\/uploads\/2026\/08\/1621.png\" alt=\"Rot-Weiss Essen\"\/><\/p>\n<p>\t\t\t\t\t\t\t\t\t\t\t<img decoding=\"async\" loading=\"lazy\" width=\"30\" height=\"30\" class=\"anwp-object-contain match-slim__team-away-logo anwp-flex-none ml-sm-3 anwp-w-30 anwp-h-30\" src=\"https:\/\/www.europesays.com\/de\/wp-content\/uploads\/2026\/08\/9342.png\" alt=\"Havelse\"\/><\/p>\n<p>\n\t\t\t\t\t\tHavelse\t\t\t\t\t\t\t\t\t\t\t<\/p>\n<p>\t<a class=\"anwp-link-cover anwp-link-without-effects anwp-cursor-pointer\" aria-label=\"Rot-Weiss Essen - Havelse\" href=\"https:\/\/www.nullsechs.de\/begegnung\/rot-weiss-essen-havelse-2026-08-15\/\" rel=\"nofollow noopener\" target=\"_blank\"><\/p>\n<p>\n\t\t\t\t\t\t2026\/2027 &#8211; 3. Liga\t\t\t\t\t<\/p>\n<p>\t\t\t\t\t\t\t\t\t\t\t<img decoding=\"async\" loading=\"lazy\" class=\"anwp-object-contain anwp-w-20 anwp-h-20 anwp-w-sm-30 anwp-h-sm-30 match-slim__competition-logo anwp-flex-none mr-0\" data-toggle=\"anwp-tooltip\" data-tippy-content=\"2026\/2027 \u2013 3. Liga\" src=\"https:\/\/www.europesays.com\/de\/wp-content\/uploads\/2026\/08\/Logo_3_Liga.jpg\" alt=\"2026\/2027 \u2013 3. Liga\"\/><\/p>\n<p>\t\t\t\t\t\tSa., 15. Aug. 2026\n\t\t\t\t\t<\/p>\n<p>\t\t\t\t\t\t\t\t\t\t\t&#8211;<br \/>\n\t\t\t\t\t\t16:30<\/p>\n<p>\n\t\t\t\t\t\t\t\t\t\t\t\tSC Verl\t\t\t\t\t<\/p>\n<p>\t\t\t\t\t\t\t\t\t\t\t<img decoding=\"async\" loading=\"lazy\" width=\"30\" height=\"30\" class=\"anwp-object-contain match-slim__team-home-logo anwp-flex-none mr-sm-3 anwp-w-30 anwp-h-30\" src=\"https:\/\/www.europesays.com\/de\/wp-content\/uploads\/2026\/08\/4265.png\" alt=\"SC Verl\"\/><\/p>\n<p>\t\t\t\t\t\t\t\t\t\t\t<img decoding=\"async\" loading=\"lazy\" width=\"30\" height=\"30\" class=\"anwp-object-contain match-slim__team-away-logo anwp-flex-none ml-sm-3 anwp-w-30 anwp-h-30\" src=\"https:\/\/www.europesays.com\/de\/wp-content\/uploads\/2026\/08\/187.png\" alt=\"MSV Duisburg\"\/><\/p>\n<p>\n\t\t\t\t\t\tMSV Duisburg\t\t\t\t\t\t\t\t\t\t\t<\/p>\n<p>\t<a class=\"anwp-link-cover anwp-link-without-effects anwp-cursor-pointer\" aria-label=\"SC Verl - MSV Duisburg\" href=\"https:\/\/www.nullsechs.de\/begegnung\/sc-verl-msv-duisburg-2026-08-15\/\" rel=\"nofollow noopener\" target=\"_blank\"><\/p>\n<p>\n\t\t\t\t\t\t2026\/2027 &#8211; 3. Liga\t\t\t\t\t<\/p>\n<p>\t\t\t\t\t\t\t\t\t\t\t<img decoding=\"async\" loading=\"lazy\" class=\"anwp-object-contain anwp-w-20 anwp-h-20 anwp-w-sm-30 anwp-h-sm-30 match-slim__competition-logo anwp-flex-none mr-0\" data-toggle=\"anwp-tooltip\" data-tippy-content=\"2026\/2027 \u2013 3. Liga\" src=\"https:\/\/www.europesays.com\/de\/wp-content\/uploads\/2026\/08\/Logo_3_Liga.jpg\" alt=\"2026\/2027 \u2013 3. Liga\"\/><\/p>\n<p>\t\t\t\t\t\tSo., 16. Aug. 2026\n\t\t\t\t\t<\/p>\n<p>\t\t\t\t\t\t\t\t\t\t\t&#8211;<br \/>\n\t\t\t\t\t\t13:30<\/p>\n<p>\n\t\t\t\t\t\t\t\t\t\t\t\tFC Hansa Rostock\t\t\t\t\t<\/p>\n<p>\t\t\t\t\t\t\t\t\t\t\t<img decoding=\"async\" loading=\"lazy\" width=\"30\" height=\"30\" class=\"anwp-object-contain match-slim__team-home-logo anwp-flex-none mr-sm-3 anwp-w-30 anwp-h-30\" src=\"https:\/\/www.europesays.com\/de\/wp-content\/uploads\/2026\/08\/1321.png\" alt=\"FC Hansa Rostock\"\/><\/p>\n<p>\t\t\t\t\t\t\t\t\t\t\t<img decoding=\"async\" loading=\"lazy\" width=\"30\" height=\"30\" class=\"anwp-object-contain match-slim__team-away-logo anwp-flex-none ml-sm-3 anwp-w-30 anwp-h-30\" src=\"https:\/\/www.europesays.com\/de\/wp-content\/uploads\/2026\/08\/4268.png\" alt=\"SV Waldhof Mannheim\"\/><\/p>\n<p>\n\t\t\t\t\t\tSV Waldhof Mannheim\t\t\t\t\t\t\t\t\t\t\t<\/p>\n<p>\t<a class=\"anwp-link-cover anwp-link-without-effects anwp-cursor-pointer\" aria-label=\"FC Hansa Rostock - SV Waldhof Mannheim\" href=\"https:\/\/www.nullsechs.de\/begegnung\/fc-hansa-rostock-sv-waldhof-mannheim-2026-08-16\/\" rel=\"nofollow noopener\" target=\"_blank\"><\/p>\n<p>\n\t\t\t\t\t\t2026\/2027 &#8211; 3. Liga\t\t\t\t\t<\/p>\n<p>\t\t\t\t\t\t\t\t\t\t\t<img decoding=\"async\" loading=\"lazy\" class=\"anwp-object-contain anwp-w-20 anwp-h-20 anwp-w-sm-30 anwp-h-sm-30 match-slim__competition-logo anwp-flex-none mr-0\" data-toggle=\"anwp-tooltip\" data-tippy-content=\"2026\/2027 \u2013 3. Liga\" src=\"https:\/\/www.europesays.com\/de\/wp-content\/uploads\/2026\/08\/Logo_3_Liga.jpg\" alt=\"2026\/2027 \u2013 3. Liga\"\/><\/p>\n<p>\t\t\t\t\t\tSo., 16. Aug. 2026\n\t\t\t\t\t<\/p>\n<p>\t\t\t\t\t\t\t\t\t\t\t&#8211;<br \/>\n\t\t\t\t\t\t16:30<\/p>\n<p>\n\t\t\t\t\t\t\t\t\t\t\t\tSSV Jahn Regensburg\t\t\t\t\t<\/p>\n<p>\t\t\t\t\t\t\t\t\t\t\t<img decoding=\"async\" loading=\"lazy\" width=\"30\" height=\"30\" class=\"anwp-object-contain match-slim__team-home-logo anwp-flex-none mr-sm-3 anwp-w-30 anwp-h-30\" src=\"https:\/\/www.europesays.com\/de\/wp-content\/uploads\/2025\/04\/177.png\" alt=\"SSV Jahn Regensburg\"\/><\/p>\n<p>\t\t\t\t\t\t\t\t\t\t\t<img decoding=\"async\" loading=\"lazy\" width=\"30\" height=\"30\" class=\"anwp-object-contain match-slim__team-away-logo anwp-flex-none ml-sm-3 anwp-w-30 anwp-h-30\" src=\"https:\/\/www.europesays.com\/de\/wp-content\/uploads\/2026\/08\/1639.png\" alt=\"1. FC Saarbr\u00fccken\"\/><\/p>\n<p>\n\t\t\t\t\t\t1. FC Saarbr\u00fccken\t\t\t\t\t\t\t\t\t\t\t<\/p>\n<p>\t<a class=\"anwp-link-cover anwp-link-without-effects anwp-cursor-pointer\" aria-label=\"SSV Jahn Regensburg - 1. FC Saarbr\u00fccken\" href=\"https:\/\/www.nullsechs.de\/begegnung\/ssv-jahn-regensburg-1-fc-saarbr%c3%bccken-2026-08-16\/\" rel=\"nofollow noopener\" target=\"_blank\"><\/p>\n<p>\n\t\t\t\t\t\t2026\/2027 &#8211; 3. Liga\t\t\t\t\t<\/p>\n<p>\t\t\t\t\t\t\t\t\t\t\t<img decoding=\"async\" loading=\"lazy\" class=\"anwp-object-contain anwp-w-20 anwp-h-20 anwp-w-sm-30 anwp-h-sm-30 match-slim__competition-logo anwp-flex-none mr-0\" data-toggle=\"anwp-tooltip\" data-tippy-content=\"2026\/2027 \u2013 3. Liga\" src=\"https:\/\/www.europesays.com\/de\/wp-content\/uploads\/2026\/08\/Logo_3_Liga.jpg\" alt=\"2026\/2027 \u2013 3. Liga\"\/><\/p>\n<p>\t\t\t\t\t\tSo., 16. Aug. 2026\n\t\t\t\t\t<\/p>\n<p>\t\t\t\t\t\t\t\t\t\t\t&#8211;<br \/>\n\t\t\t\t\t\t19:30<\/p>\n<p>\n\t\t\t\t\t\t\t\t\t\t\t\tStuttgart II\t\t\t\t\t<\/p>\n<p>\t\t\t\t\t\t\t\t\t\t\t<img decoding=\"async\" loading=\"lazy\" width=\"30\" height=\"30\" class=\"anwp-object-contain match-slim__team-home-logo anwp-flex-none mr-sm-3 anwp-w-30 anwp-h-30\" src=\"https:\/\/www.europesays.com\/de\/wp-content\/uploads\/2026\/08\/12867.png\" alt=\"Stuttgart II\"\/><\/p>\n<p>\t\t\t\t\t\t\t\t\t\t\t<img decoding=\"async\" loading=\"lazy\" width=\"30\" height=\"30\" class=\"anwp-object-contain match-slim__team-away-logo anwp-flex-none ml-sm-3 anwp-w-30 anwp-h-30\" src=\"https:\/\/www.europesays.com\/de\/wp-content\/uploads\/2026\/08\/1620.png\" alt=\"FC Viktoria K\u00f6ln\"\/><\/p>\n<p>\n\t\t\t\t\t\tFC Viktoria K\u00f6ln\t\t\t\t\t\t\t\t\t\t\t<\/p>\n<p>\t<a class=\"anwp-link-cover anwp-link-without-effects anwp-cursor-pointer\" aria-label=\"Stuttgart II - FC Viktoria K\u00f6ln\" href=\"https:\/\/www.nullsechs.de\/begegnung\/stuttgart-ii-fc-viktoria-k%c3%b6ln-2026-08-16\/\" rel=\"nofollow noopener\" target=\"_blank\"><\/p>\n","protected":false},"excerpt":{"rendered":"Der erste Auftritt vor eigenem Publikum in dieser neuen, alten Liga ist Geschichte. Preu\u00dfen M\u00fcnster hat am gestrigen&hellip;\n","protected":false},"author":2,"featured_media":1241382,"comment_status":"","ping_status":"","sticky":false,"template":"","format":"standard","meta":{"footnotes":"","_share_on_mastodon":"0"},"categories":[1843],"tags":[995,3364,29,11356,30,22914,8970,1209,236766,16376,301],"class_list":["post-1241381","post","type-post","status-publish","format-standard","has-post-thumbnail","category-muenster","tag-3-liga","tag-de","tag-deutschland","tag-fc-ingolstadt","tag-germany","tag-heimspiel","tag-muenster","tag-nordrhein-westfalen","tag-saison-2026-2027","tag-sc-preussen-muenster","tag-spielbericht"],"share_on_mastodon":{"url":"https:\/\/pubeurope.com\/@de\/117107715798803622","error":""},"_links":{"self":[{"href":"https:\/\/www.europesays.com\/de\/wp-json\/wp\/v2\/posts\/1241381","targetHints":{"allow":["GET"]}}],"collection":[{"href":"https:\/\/www.europesays.com\/de\/wp-json\/wp\/v2\/posts"}],"about":[{"href":"https:\/\/www.europesays.com\/de\/wp-json\/wp\/v2\/types\/post"}],"author":[{"embeddable":true,"href":"https:\/\/www.europesays.com\/de\/wp-json\/wp\/v2\/users\/2"}],"replies":[{"embeddable":true,"href":"https:\/\/www.europesays.com\/de\/wp-json\/wp\/v2\/comments?post=1241381"}],"version-history":[{"count":0,"href":"https:\/\/www.europesays.com\/de\/wp-json\/wp\/v2\/posts\/1241381\/revisions"}],"wp:featuredmedia":[{"embeddable":true,"href":"https:\/\/www.europesays.com\/de\/wp-json\/wp\/v2\/media\/1241382"}],"wp:attachment":[{"href":"https:\/\/www.europesays.com\/de\/wp-json\/wp\/v2\/media?parent=1241381"}],"wp:term":[{"taxonomy":"category","embeddable":true,"href":"https:\/\/www.europesays.com\/de\/wp-json\/wp\/v2\/categories?post=1241381"},{"taxonomy":"post_tag","embeddable":true,"href":"https:\/\/www.europesays.com\/de\/wp-json\/wp\/v2\/tags?post=1241381"}],"curies":[{"name":"wp","href":"https:\/\/api.w.org\/{rel}","templated":true}]}}