{"id":1241412,"date":"2026-08-16T23:33:15","date_gmt":"2026-08-16T23:33:15","guid":{"rendered":"https:\/\/www.europesays.com\/de\/1241412\/"},"modified":"2026-08-16T23:33:15","modified_gmt":"2026-08-16T23:33:15","slug":"migration-deutlich-mehr-migranten-und-abgelehnte-asylbewerber-verlassen-deutschland-freiwillig","status":"publish","type":"post","link":"https:\/\/www.europesays.com\/de\/1241412\/","title":{"rendered":"Migration: Deutlich mehr Migranten und abgelehnte Asylbewerber verlassen Deutschland freiwillig"},"content":{"rendered":"<p class=\"is-first-paragraph\" data-external=\"Article.FirstParagraph\">In den ersten sechs Monaten des laufenden Jahres sind 9276 Menschen <a class=\"is-link c-block-items__link c-link--rich-text-renderer\" href=\"https:\/\/www.welt.de\/themen\/migration\/\" data-internal-tracking-enabled=\"true\" data-internal-tracking=\"{&quot;action&quot;:&quot;click&quot;,&quot;label&quot;:&quot;link&quot;,&quot;name&quot;:&quot;Inline Element&quot;,&quot;data&quot;:{&quot;source&quot;:&quot;&quot;,&quot;target&quot;:&quot;https:\/\/www.welt.de\/themen\/migration\/&quot;,&quot;trackingName&quot;:&quot;&quot;,&quot;trackingLabel&quot;:&quot;&quot;}}\" rel=\"nofollow noopener\" target=\"_blank\">Migranten<\/a> und abgelehnte Asylbewerber im Rahmen von R\u00fcckkehrprogrammen des Bundes zur\u00fcck in ihre Heimatl\u00e4nder gereist. Das berichten die Zeitungen der Funke Mediengruppe am Montag. Sie berufen sich dabei auf das Bundesamt f\u00fcr Migration und <a class=\"is-link c-block-items__link c-link--rich-text-renderer\" href=\"https:\/\/www.welt.de\/themen\/fluechtlinge\/\" data-internal-tracking-enabled=\"true\" data-internal-tracking=\"{&quot;action&quot;:&quot;click&quot;,&quot;label&quot;:&quot;link&quot;,&quot;name&quot;:&quot;Inline Element&quot;,&quot;data&quot;:{&quot;source&quot;:&quot;&quot;,&quot;target&quot;:&quot;https:\/\/www.welt.de\/themen\/fluechtlinge\/&quot;,&quot;trackingName&quot;:&quot;&quot;,&quot;trackingLabel&quot;:&quot;&quot;}}\" rel=\"nofollow noopener\" target=\"_blank\">Fl\u00fcchtlinge<\/a>. Im ersten Halbjahr 2025 waren es 7348 Menschen. Damit verlassen deutlich mehr Migranten und abgelehnte Asylbewerber freiwillig Deutschland.<\/p>\n<p>Im gesamten vergangenen Jahr unterst\u00fctzten die Bundesbeh\u00f6rden den Angaben zufolge 16.578 Personen bei der gef\u00f6rderten R\u00fcckkehr in ihr Herkunftsland oder einen aufnahmebereiten Drittstaat. 2024 seien es noch 10.358 Menschen gewesen.<\/p>\n<p>Dem Bericht zufolge waren laut Ausl\u00e4nderzentralregister Ende Juni dieses Jahres 258.845 Menschen in Deutschland ausreisepflichtig. Davon seien 199.271 geduldet gewesen. Dem Bundesinnenministerium zufolge schoben Beh\u00f6rden in Bund und L\u00e4ndern zwischen Januar und Ende Juni 18.939 Personen ab, einen Teil mit Zwang durch die Polizei, einen anderen Teil mit Anreizen und F\u00f6rderung, wie es hie\u00df.<\/p>\n<p>Mit einem speziellen Programm finanziert der Bund die freiwillige R\u00fcckkehr in Herkunftsl\u00e4nder oder Drittstaaten. Das Bundesamt \u00fcbernimmt den Angaben zufolge Flugkosten f\u00fcr die Ausreise und zahlt 1000 Euro pro Erwachsenem sowie 500 Euro f\u00fcr Kinder und Jugendliche.<\/p>\n","protected":false},"excerpt":{"rendered":"In den ersten sechs Monaten des laufenden Jahres sind 9276 Menschen Migranten und abgelehnte Asylbewerber im Rahmen von&hellip;\n","protected":false},"author":2,"featured_media":1241413,"comment_status":"","ping_status":"","sticky":false,"template":"","format":"standard","meta":{"footnotes":"","_share_on_mastodon":"0"},"categories":[2],"tags":[331,3924,332,3922,533,50565,3364,29,30,13,48612,14,3923,15,3921,110,257342,12,45],"class_list":["post-1241412","post","type-post","status-publish","format-standard","has-post-thumbnail","category-deutschland","tag-aktuelle-nachrichten","tag-aktuelle-nachrichten-aus-deutschland","tag-aktuelle-news","tag-aktuelle-news-aus-deutschland","tag-asyl","tag-bundesamt-fuer-migration-und-fluechtlinge-bamf","tag-de","tag-deutschland","tag-germany","tag-headlines","tag-migration-ks","tag-nachrichten","tag-nachrichten-aus-deutschland","tag-news","tag-news-aus-deutschland","tag-newsteam","tag-rueckkehr-ks","tag-schlagzeilen","tag-texttospeech"],"share_on_mastodon":{"url":"https:\/\/pubeurope.com\/@de\/117107805898132345","error":""},"_links":{"self":[{"href":"https:\/\/www.europesays.com\/de\/wp-json\/wp\/v2\/posts\/1241412","targetHints":{"allow":["GET"]}}],"collection":[{"href":"https:\/\/www.europesays.com\/de\/wp-json\/wp\/v2\/posts"}],"about":[{"href":"https:\/\/www.europesays.com\/de\/wp-json\/wp\/v2\/types\/post"}],"author":[{"embeddable":true,"href":"https:\/\/www.europesays.com\/de\/wp-json\/wp\/v2\/users\/2"}],"replies":[{"embeddable":true,"href":"https:\/\/www.europesays.com\/de\/wp-json\/wp\/v2\/comments?post=1241412"}],"version-history":[{"count":0,"href":"https:\/\/www.europesays.com\/de\/wp-json\/wp\/v2\/posts\/1241412\/revisions"}],"wp:featuredmedia":[{"embeddable":true,"href":"https:\/\/www.europesays.com\/de\/wp-json\/wp\/v2\/media\/1241413"}],"wp:attachment":[{"href":"https:\/\/www.europesays.com\/de\/wp-json\/wp\/v2\/media?parent=1241412"}],"wp:term":[{"taxonomy":"category","embeddable":true,"href":"https:\/\/www.europesays.com\/de\/wp-json\/wp\/v2\/categories?post=1241412"},{"taxonomy":"post_tag","embeddable":true,"href":"https:\/\/www.europesays.com\/de\/wp-json\/wp\/v2\/tags?post=1241412"}],"curies":[{"name":"wp","href":"https:\/\/api.w.org\/{rel}","templated":true}]}}