{"id":1241501,"date":"2026-08-17T00:30:17","date_gmt":"2026-08-17T00:30:17","guid":{"rendered":"https:\/\/www.europesays.com\/de\/1241501\/"},"modified":"2026-08-17T00:30:17","modified_gmt":"2026-08-17T00:30:17","slug":"regierungsbildung-in-thueringen-wagenknecht-will-mit-hoecke-reden","status":"publish","type":"post","link":"https:\/\/www.europesays.com\/de\/1241501\/","title":{"rendered":"Regierungsbildung in Th\u00fcringen: Wagenknecht will mit H\u00f6cke reden"},"content":{"rendered":"<p>\n&#8222;Brandmauer einrei\u00dfen&#8220;\n<\/p>\n<p>Aktualisiert am 16.08.2026, 20:25 Uhr\n<\/p>\n<p><a href=\"https:\/\/i0.web.de\/image\/248\/42609248,pd=5\/sahra-wagenknecht.jpg\" data-brain-zone=\".42620234.content.lead.1\" data-component-path=\"content.lead.1\" data-component-name=\"article-image\" rel=\"nofollow noopener\" target=\"_blank\"> <\/p>\n<p><img loading=\"lazy\" decoding=\"async\" src=\"https:\/\/www.europesays.com\/de\/wp-content\/uploads\/2026\/08\/sahra-wagenknecht.jpg\" alt=\"Sahra Wagenknecht\" width=\"950\" height=\"534\"\/><\/p>\n<p><\/a> <\/p>\n<p>\nBSW-Gr\u00fcnderin Sahra Wagenknecht hat die Brandmauer zur AfD f\u00fcr gescheitert erkl\u00e4rt. (Archivbild)<br \/>\n\u00a9\u00a0dpa \/ Peter Gercke\/dpa\n<\/p>\n<p class=\"content__description\" data-speakable=\"\">Vor einigen Tagen machte Th\u00fcringens AfD-Chef Bj\u00f6rn H\u00f6cke Sarah Wagenknecht das Angebot, sie in dem Bundesland zur Ministerpr\u00e4sidentin zu machen. Jetzt fordert die BSW-Chefin ein direktes Streitgespr\u00e4ch.<\/p>\n<p data-speakable=\"\">Nach dem Angebot von <a data-component-name=\"link.semantic\" data-brain-zone=\".42620234.content.textlink_1\" data-component-path=\"content.textlink_1\" href=\"https:\/\/web.de\/magazine\/reise\/thema\/thueringen\" rel=\"nofollow noopener\" target=\"_blank\">Th\u00fcringens<\/a> AfD-Chef <a data-component-name=\"link.semantic\" data-brain-zone=\".42620234.content.textlink_2\" data-component-path=\"content.textlink_2\" href=\"https:\/\/web.de\/magazine\/politik\/thema\/bjoern-hoecke\" rel=\"nofollow noopener\" target=\"_blank\">Bj\u00f6rn H\u00f6cke<\/a>, ihr dort zum Amt der Ministerpr\u00e4sidentin zu verhelfen, hat BSW-Gr\u00fcnderin Sahra <a data-brain-zone=\".42620234.content.textlink_3\" data-component-path=\"content.textlink_3\" data-component-name=\"link.editorial\" href=\"https:\/\/web.de\/magazine\/politik\/videos\/hoecke-wagenknecht-duell-42614666\" rel=\"nofollow noopener\" target=\"_blank\">Wagenknecht H\u00f6cke erneut zu einem direkten \u00f6ffentlichen Streitgespr\u00e4ch<\/a> aufgefordert. In einer am Sonntagabend im Onlinedienst X ver\u00f6ffentlichten Videobotschaft sagte Wagenknecht, sie habe H\u00f6cke bereits vor Tagen ein &#8222;sehr einfaches Angebot&#8220; gemacht: &#8222;Sie und ich live, neutraler Moderator, keine vorbereiteten Reden&#8220;.<\/p>\n<p>Wagenknecht fordert H\u00f6cke zu Gespr\u00e4ch \u00fcber neue Regierung in Th\u00fcringen auf<\/p>\n<p data-speakable=\"\">&#8222;Wir sollten reden \u00fcber meinen Vorschlag eines \u00fcberparteilichen Ministerpr\u00e4sidenten, den Sie ja inzwischen auch gut finden&#8220;, forderte die BSW-Gr\u00fcnderin H\u00f6cke auf. Schlie\u00dflich brauche Th\u00fcringen &#8222;einen neuen Regierungschef, der glaubw\u00fcrdig ist und den Brandmauer-Irrsinn beendet&#8220;. Um dies zu besprechen, solle der Th\u00fcringer AfD-Chef sich &#8222;ein Herz&#8220; fassen. &#8222;Gerade Sie, der Sie so viel Wert auf M\u00e4nnlichkeit legen, wollen doch sicher nicht als Feigling dastehen&#8220;, schloss Wagenknecht ihre Videobotschaft.<\/p>\n<p data-speakable=\"\">H\u00f6cke hatte sich am Donnerstag in den BSW-internen Streit in Th\u00fcringen eingeschaltet: <a data-brain-zone=\".42620234.content.textlink_4\" data-component-path=\"content.textlink_4\" data-component-name=\"link.editorial\" href=\"https:\/\/web.de\/magazine\/politik\/videos\/inland\/hoecke-wagenknecht-ministerpraesidentin-42607668\" rel=\"nofollow noopener\" target=\"_blank\">Wagenknecht solle sich mit Hilfe der AfD zur Ministerpr\u00e4sidentin des Bundeslandes w\u00e4hlen<\/a> lassen, forderte der AfD-Landeschef. &#8222;Meine Fraktion und ich sind bereit, Ihnen daf\u00fcr den Weg freizumachen&#8220;, erkl\u00e4rte H\u00f6cke in Erfurt. &#8222;Lassen Sie uns politische Geschichte schreiben und die Brandmauer in Th\u00fcringen gemeinsam einrei\u00dfen. Nicht irgendwann nach der Wahl in Sachsen-Anhalt, sondern genau jetzt.&#8220;<\/p>\n<p><strong>Empfehlungen der Redaktion<\/strong><\/p>\n<p>Ministerpr\u00e4sident Voigt f\u00fchrt in Th\u00fcringen Minderheitsregierung<\/p>\n<p data-speakable=\"\">In Th\u00fcringen regiert die CDU von Ministerpr\u00e4sident Mario Voigt seit der Landtagswahl 2024 gemeinsam mit SPD und <a data-component-name=\"link.semantic\" data-brain-zone=\".42620234.content.textlink_5\" data-component-path=\"content.textlink_5\" href=\"https:\/\/web.de\/magazine\/politik\/thema\/buendnis-sahra-wagenknecht\" rel=\"nofollow noopener\" target=\"_blank\">BSW<\/a> in einer Dreierkoalition, jedoch ohne absolute Mehrheit, weshalb sie im Landtag mit der Linken zusammenarbeitet. Die vom Landesverfassungsschutz als gesichert rechtsextremistisch eingestufte <a data-component-name=\"link.semantic\" data-brain-zone=\".42620234.content.textlink_6\" data-component-path=\"content.textlink_6\" href=\"https:\/\/web.de\/magazine\/politik\/thema\/alternative-fuer-deutschland\" rel=\"nofollow noopener\" target=\"_blank\">AfD<\/a> um H\u00f6cke ist st\u00e4rkste Fraktion. <\/p>\n<p data-speakable=\"\">Die th\u00fcringische Landes-BSW liegt mit Wagenknecht und dem Bundes-BSW \u00fcber Kreuz, weil der Landesverband gegen den Willen der Bundesspitze in Voigts Koalition eingetreten war. Mit Blick auf diese Umst\u00e4nde hatte Wagenknecht H\u00f6ckes Angebot am Donnerstag als &#8222;weder ehrlich noch seri\u00f6s&#8220; kritisiert. (afd\/bearbeitet von mt)<\/p>\n","protected":false},"excerpt":{"rendered":"&#8222;Brandmauer einrei\u00dfen&#8220; Aktualisiert am 16.08.2026, 20:25 Uhr BSW-Gr\u00fcnderin Sahra Wagenknecht hat die Brandmauer zur AfD f\u00fcr gescheitert erkl\u00e4rt.&hellip;\n","protected":false},"author":2,"featured_media":1241502,"comment_status":"","ping_status":"","sticky":false,"template":"","format":"standard","meta":{"footnotes":"","_share_on_mastodon":"0"},"categories":[2],"tags":[186,5159,10208,29,30,13,14,15,238307,12,861,10,8,9,11],"class_list":["post-1241501","post","type-post","status-publish","format-standard","has-post-thumbnail","category-deutschland","tag-afd","tag-bjoern-hoecke","tag-bsw","tag-deutschland","tag-germany","tag-headlines","tag-nachrichten","tag-news","tag-sarah-wagenknecht","tag-schlagzeilen","tag-thueringen","tag-top-news","tag-top-meldungen","tag-topmeldungen","tag-topnews"],"share_on_mastodon":{"url":"","error":""},"_links":{"self":[{"href":"https:\/\/www.europesays.com\/de\/wp-json\/wp\/v2\/posts\/1241501","targetHints":{"allow":["GET"]}}],"collection":[{"href":"https:\/\/www.europesays.com\/de\/wp-json\/wp\/v2\/posts"}],"about":[{"href":"https:\/\/www.europesays.com\/de\/wp-json\/wp\/v2\/types\/post"}],"author":[{"embeddable":true,"href":"https:\/\/www.europesays.com\/de\/wp-json\/wp\/v2\/users\/2"}],"replies":[{"embeddable":true,"href":"https:\/\/www.europesays.com\/de\/wp-json\/wp\/v2\/comments?post=1241501"}],"version-history":[{"count":0,"href":"https:\/\/www.europesays.com\/de\/wp-json\/wp\/v2\/posts\/1241501\/revisions"}],"wp:featuredmedia":[{"embeddable":true,"href":"https:\/\/www.europesays.com\/de\/wp-json\/wp\/v2\/media\/1241502"}],"wp:attachment":[{"href":"https:\/\/www.europesays.com\/de\/wp-json\/wp\/v2\/media?parent=1241501"}],"wp:term":[{"taxonomy":"category","embeddable":true,"href":"https:\/\/www.europesays.com\/de\/wp-json\/wp\/v2\/categories?post=1241501"},{"taxonomy":"post_tag","embeddable":true,"href":"https:\/\/www.europesays.com\/de\/wp-json\/wp\/v2\/tags?post=1241501"}],"curies":[{"name":"wp","href":"https:\/\/api.w.org\/{rel}","templated":true}]}}