{"id":1241587,"date":"2026-08-17T01:35:44","date_gmt":"2026-08-17T01:35:44","guid":{"rendered":"https:\/\/www.europesays.com\/de\/1241587\/"},"modified":"2026-08-17T01:35:44","modified_gmt":"2026-08-17T01:35:44","slug":"kurz-vorm-scharfen-start-rb-leipzig-feiert-saisoneroeffnung-2026-%c2%b7-leipziger-zeitung","status":"publish","type":"post","link":"https:\/\/www.europesays.com\/de\/1241587\/","title":{"rendered":"Kurz vorm scharfen Start: RB Leipzig feiert Saisoner\u00f6ffnung 2026 \u00b7 Leipziger Zeitung"},"content":{"rendered":"<p>Erst flogen knatternde Motorr\u00e4der durch die Luft, dann stieg rot-wei\u00dfer Rauch auf. Unter dem Titel \u201eRB Leipzig Season Heat Up 2026\u201c zelebrierten die Rasenballer auf der Festwiese am Sportforum ihre diesj\u00e4hrige Saisoner\u00f6ffnungs-Party. Am n\u00e4chsten Wochenende stehen dann bereits die erste Pflichtspiele auf dem Programm: Die M\u00e4nner sind in der 1. DFB-Pokalrunde in Trier gefordert, die Frauen empfangen zum Bundesliga-Auftakt Bayer Leverkusen.<\/p>\n<p>Bevor die beiden Teams auf der B\u00fchne am Fu\u00dfe des Glockenturm den Fans pr\u00e4sentiert wurden, kam zun\u00e4chst ein alter Bekannter zu Wort: Kevin Kampl hatte es mal wieder nach Leipzig verschlagen. Anfang Januar beendete der langj\u00e4hrige RB-Kicker wegen eines tragischen Todesfalls in der Familie seine Profikarriere. \u201eIch habe ein paar Monate gebraucht, um den Akku wieder aufzuladen\u201c, sagte auf der B\u00fchne, \u201eAber jetzt kribbelts schon wieder\u201c. An seine acht Jahre in Leipzig erinnert sich der 35-J\u00e4hrige immer noch gern, besonders an den ersten Pokalsieg 2022. Damals sorgte er f\u00fcr \u00f6ffentliche Kontroversen, weil er eine Dose Red Bull in die Pokal-Troph\u00e4e gesch\u00fcttet hatte.<img decoding=\"async\" src=\"https:\/\/www.europesays.com\/de\/wp-content\/uploads\/2026\/08\/8f95887e21174e43a8d3e7bccf16e75b.gif\" alt=\"\" width=\"https:\/\/www.l-iz.de\/sport\/fussball\/2026\/08\/1\" height=\"https:\/\/www.l-iz.de\/sport\/fussball\/2026\/08\/1\"\/><\/p>\n<p>Dann kamen die aktuellen Spielerinnen und Spieler auf die B\u00fchne. \u201eWir wollen in der Bundesliga oben angreifen und attraktiven Fu\u00dfball spielen\u201c, k\u00fcndigte M\u00e4nner-Kapit\u00e4n David Raum an. Ihm ist aber auch bewusst: \u201eDie Bayern sind trotzdem noch ein ganz anderer Gradmesser\u201c. Und nat\u00fcrlich freut sich der 28-j\u00e4hrige Nationalspieler nach einem Jahr des Verzichtes auch wieder auf reizvolle Begegnungen in der Champions League. \u201eMadrid w\u00e4re eine ganz coole Station\u201c, w\u00fcnschte er sich \u2013 dann w\u00fcrde es zudem auch ein Wiedersehen mit Ex-Kollege Yan Diomande geben, der nach langem Transferpoker nun beim \u201ek\u00f6niglichen\u201c Real angeheuert hat.<\/p>\n<p><a href=\"https:\/\/www.l-iz.de\/wp-content\/uploads\/2026\/08\/RB-Saisoneroeffnung-Jan_Kaefer-00006652.jpg\" rel=\"nofollow noopener\" target=\"_blank\"><img loading=\"lazy\" decoding=\"async\" class=\"size-large wp-image-667472\" src=\"https:\/\/www.europesays.com\/de\/wp-content\/uploads\/2026\/08\/RB-Saisoneroeffnung-Jan_Kaefer-00006652-698x465.jpg\" alt=\"\" width=\"698\" height=\"465\"  \/><\/a>Moderatorin Clara Mohr im Interview mit Frauen-Cheftrainer Jonas Stephan (RB Leipzig\/ mitte) und Martin Demichelis (Cheftrainer M\u00e4nner, RB Leipzig). Foto: Jan Kaefer<\/p>\n<p>\u201eIch freue mich sehr und auch die Jungs sind schon richtig hei\u00df\u201c, blickte Cheftrainer Martin Demichelis in Richtung Pflichtspiel-Start. <a href=\"https:\/\/www.l-iz.de\/der-tag\/2026\/07\/das-wochenende-18-19-juli-2026-muehsames-erstes-testspiel-fuer-rb-leipzig-schwerverletzter-in-city-babys-vor-alkohol-schuetzen-664862\" target=\"_blank\" rel=\"noopener nofollow\">Intensiven Fu\u00dfball will er spielen lassen<\/a>, der aggressiv nach vorne geht. \u201eDie Fans sollen gerne ins Stadion kommen und Spa\u00df an unseren Spielen haben\u201c, so der neue \u00dcbungsleiter. \u201eDas Gef\u00fchl am Ende des Spiels soll sein, dass wir alles auf dem Platz gelassen haben\u201c. Am kommenden Samstag, dem 22. August ist genau diese Mentalit\u00e4t erstmals unter \u201eechten\u201c Wettbewerbsbedingungen gefragt. Dann gastiert RBL in der 1. DFB-Pokalrunde beim S\u00fcdwest-Regionalligisten Eintracht Trier. Ansto\u00df ist um 18 Uhr.<\/p>\n<p>Einen Tag danach, am Sonntag, dem 23. August, greifen auch die RB-Frauen ins neue Punktspiel-Geschehen ein. Um 16 Uhr empfangen sie am ersten Bundesliga-Spieltag die Werkselfen von Bayer Leverkusen am Cottaweg. Cheftrainer Jonas Stephan hatte in der Vorbereitung an einigen Stellschrauben zu drehen. Immerhin gleich 15 Spielerinnen der vergangenen Saison sind nicht mehr dabei. Daf\u00fcr galt es, 13 Neue ins Team zu integrieren. Elf von ihnen sind ausl\u00e4ndische Neuzug\u00e4nge. Besonders in den Niederlanden \u2013 mit vier Spielerinnen \u2013 und Belgien \u2013 mit drei Spielerinnen \u2013 war man f\u00fcndig geworden.<\/p>\n<ul class=\"swiper-wrapper kf-gallery-photos\">\n<li class=\"swiper-slide\"><img decoding=\"async\" width=\"698\" height=\"465\" src=\"https:\/\/www.europesays.com\/de\/wp-content\/uploads\/2026\/08\/RB-Saisoneroeffnung-Jan_Kaefer-00006457-698x465.jpg\" class=\"attachment-large size-large\" alt=\"\" loading=\"lazy\"  \/>Vorstellung der Teams der M\u00e4nner und Frauen &#8211; hier u.a. mit Benjamin Henrichs (39, RB Leipzig) und Nikoline Dudek (24, RB Leipzig). Foto: Jan Kaefer<\/li>\n<li class=\"swiper-slide\"><img decoding=\"async\" width=\"698\" height=\"465\" src=\"https:\/\/www.europesays.com\/de\/wp-content\/uploads\/2026\/08\/RB-Saisoneroeffnung-Jan_Kaefer-00006524-698x465.jpg\" class=\"attachment-large size-large\" alt=\"\" loading=\"lazy\"  \/>Von links: Rocco Reitz (20, Neuzugang bei RB Leipzig), Christoph Baumgartner (14, RB Leipzig), Annabel Schasching (16, RB Leipzig) und Sara Pusztai (18, RB Leipzig). Foto: Jan Kaefer<\/li>\n<li class=\"swiper-slide\"><img decoding=\"async\" width=\"698\" height=\"465\" src=\"https:\/\/www.europesays.com\/de\/wp-content\/uploads\/2026\/08\/RB-Saisoneroeffnung-Jan_Kaefer-00006607-698x465.jpg\" class=\"attachment-large size-large\" alt=\"\" loading=\"lazy\"  \/>Willi Orban (4, RB Leipzig) mit einem gro\u00dfen Ballon-Ball. Foto: Jan Kaefer<\/li>\n<li class=\"swiper-slide\"><img decoding=\"async\" width=\"698\" height=\"465\" src=\"https:\/\/www.europesays.com\/de\/wp-content\/uploads\/2026\/08\/RB-Saisoneroeffnung-Jan_Kaefer-00006529-698x465.jpg\" class=\"attachment-large size-large\" alt=\"\" loading=\"lazy\"  \/>Antonio Nusa (7, RB Leipzig\/ links), Conrad Harder (9, RB Leipzig\/ mitte) und Romulo Cardoso da Cruz (40, RB Leipzig). Foto: Jan Kaefer<\/li>\n<li class=\"swiper-slide\"><img decoding=\"async\" width=\"698\" height=\"465\" src=\"https:\/\/www.europesays.com\/de\/wp-content\/uploads\/2026\/08\/RB-Saisoneroeffnung-Jan_Kaefer-00006490-698x465.jpg\" class=\"attachment-large size-large\" alt=\"\" loading=\"lazy\"  \/>Die Team-Kapit\u00e4ne Kapit\u00e4n David Raum (22, RB Leipzig) und Sandra Starke (13, RB Leipzig). Foto: Jan Kaefer<\/li>\n<li class=\"swiper-slide\"><img decoding=\"async\" width=\"698\" height=\"465\" src=\"https:\/\/www.europesays.com\/de\/wp-content\/uploads\/2026\/08\/RB-Saisoneroeffnung-Jan_Kaefer-00006380-698x465.jpg\" class=\"attachment-large size-large\" alt=\"\" loading=\"lazy\"  \/>RBL-Summerfeeling mit Palme. Foto: Jan Kaefer<\/li>\n<li class=\"swiper-slide\"><img decoding=\"async\" width=\"698\" height=\"465\" src=\"https:\/\/www.europesays.com\/de\/wp-content\/uploads\/2026\/08\/RB-Saisoneroeffnung-Jan_Kaefer-00006574-698x465.jpg\" class=\"attachment-large size-large\" alt=\"\" loading=\"lazy\"  \/>Stimmungsvoller Musik-Act. Foto: Jan Kaefer<\/li>\n<li class=\"swiper-slide\"><img decoding=\"async\" width=\"698\" height=\"465\" src=\"https:\/\/www.europesays.com\/de\/wp-content\/uploads\/2026\/08\/RB-Saisoneroeffnung-Jan_Kaefer-00006447-698x465.jpg\" class=\"attachment-large size-large\" alt=\"\" loading=\"lazy\"  \/>An der B\u00fchne wird Dampf gemacht. Foto: Jan Kaefer<\/li>\n<li class=\"swiper-slide\"><img decoding=\"async\" width=\"698\" height=\"465\" src=\"https:\/\/www.europesays.com\/de\/wp-content\/uploads\/2026\/08\/RB-Saisoneroeffnung-Jan_Kaefer-00006407-698x465.jpg\" class=\"attachment-large size-large\" alt=\"\" loading=\"lazy\"  \/>Ex-Spieler Kevin Kampl war zu Besuch. Foto: Jan Kaefer<\/li>\n<li class=\"swiper-slide\"><img decoding=\"async\" width=\"698\" height=\"465\" src=\"https:\/\/www.europesays.com\/de\/wp-content\/uploads\/2026\/08\/RB-Saisoneroeffnung-Jan_Kaefer-00006382-698x465.jpg\" class=\"attachment-large size-large\" alt=\"\" loading=\"lazy\"  \/>Blick auf das Festgel\u00e4nde der Festwiese. Foto: Jan Kaefer<\/li>\n<li class=\"swiper-slide\"><img decoding=\"async\" width=\"698\" height=\"465\" src=\"https:\/\/www.europesays.com\/de\/wp-content\/uploads\/2026\/08\/RB-Saisoneroeffnung-Jan_Kaefer-00006504-698x465.jpg\" class=\"attachment-large size-large\" alt=\"\" loading=\"lazy\"  \/>RB-Saisoner\u00f6ffnung \u201eSeason Heat Up 2026\u201c. Foto: Jan Kaefer<\/li>\n<li class=\"swiper-slide\"><img decoding=\"async\" width=\"698\" height=\"465\" src=\"https:\/\/www.europesays.com\/de\/wp-content\/uploads\/2026\/08\/RB-Saisoneroeffnung-Jan_Kaefer-00006680-698x465.jpg\" class=\"attachment-large size-large\" alt=\"\" loading=\"lazy\"  \/>Sandra Starke (13, RB Leipzig) schreibt Autogramme bei den Fans. Foto: Jan Kaefer<\/li>\n<li class=\"swiper-slide\"><img decoding=\"async\" width=\"698\" height=\"465\" src=\"https:\/\/www.europesays.com\/de\/wp-content\/uploads\/2026\/08\/RB-Saisoneroeffnung-Jan_Kaefer-00006690-698x465.jpg\" class=\"attachment-large size-large\" alt=\"\" loading=\"lazy\"  \/>Assan Ouedraogo (8, RB Leipzig) schreibt Autogramme bei den Fans. Foto: Jan Kaefer<\/li>\n<li class=\"swiper-slide\"><img decoding=\"async\" width=\"698\" height=\"465\" src=\"https:\/\/www.europesays.com\/de\/wp-content\/uploads\/2026\/08\/RB-Saisoneroeffnung-Jan_Kaefer-00006703-698x465.jpg\" class=\"attachment-large size-large\" alt=\"\" loading=\"lazy\"  \/>Nicolas Seiwald (13, RB Leipzig) schreibt Autogramme bei den Fans. Foto: Jan Kaefer<\/li>\n<\/ul>\n<p>Der Coach ist mit der Vorbereitung zufrieden, auch wenn es ein paar kleinere Verletzungsproblemchen gegeben hatte. Die scheinen nun gr\u00f6\u00dftenteils ausgestanden. Beim Auftakt kann seine Mannschaft daher \u201efast mit voller Kapelle\u201c auflaufen. \u201eWir werden alle Spiele mit einer All-out-Mentalit\u00e4t angehen\u201c, verspricht der 34-J\u00e4hrige und w\u00fcnscht sich noch ein paar mehr Zuschauer bei den Frauen-Spielen. Letztes Jahr lag der Schnitt pro Spiel bei 1.706 Interessierten. Vielleicht ein zus\u00e4tzlicher Anreiz: Die Ticketpreise wurde gesenkt \u2013 und Kinder bis einschlie\u00dflich 14 Jahren kommen kostenlos ins Stadion.<\/p>\n<p>Der letzte Test vor dem scharfen Start verlief durchaus erfolgreich. Gegen Bundesliga-Absteiger FC Carl Zeiss Jena, der in dieser Saison damit Zweitliga-Luft schnuppern muss, gab es einen <a href=\"https:\/\/www.fussball.de\/spiel\/rasenballsport-leipzig-fc-carl-zeiss-jena\/-\/spiel\/031O27H8JG000000VS5489BTVV1LNS7C#!\/\" target=\"_blank\" rel=\"noopener nofollow\">unerwartet deutlichen 10:1-Sieg<\/a>. Es kann also losgehen.<\/p>\n<ul class=\"swiper-wrapper kf-gallery-photos\">\n<li class=\"swiper-slide\"><img decoding=\"async\" width=\"698\" height=\"465\" src=\"https:\/\/www.europesays.com\/de\/wp-content\/uploads\/2026\/08\/RB-Frauen-Jena-Test-Jan_Kaefer-00006107-698x465.jpg\" class=\"attachment-large size-large\" alt=\"\" loading=\"lazy\"  \/>Delice Boboy (17, RB Leipzig) stochert den Ball gegen Emma Broddheimer (15, Carl Zeiss Jena) und Torwart Emma Reimann (12, Carl Zeiss Jena) \u00fcber die Tor-Linie. Foto: Jan Kaefer<\/li>\n<li class=\"swiper-slide\"><img decoding=\"async\" width=\"698\" height=\"465\" src=\"https:\/\/www.europesays.com\/de\/wp-content\/uploads\/2026\/08\/RB-Frauen-Jena-Test-Jan_Kaefer-00005101-698x465.jpg\" class=\"attachment-large size-large\" alt=\"\" loading=\"lazy\"  \/>Team-Kreis RB Leipzig. Foto: Jan Kaefer<\/li>\n<li class=\"swiper-slide\"><img decoding=\"async\" width=\"698\" height=\"465\" src=\"https:\/\/www.europesays.com\/de\/wp-content\/uploads\/2026\/08\/RB-Frauen-Jena-Test-Jan_Kaefer-00005322-698x465.jpg\" class=\"attachment-large size-large\" alt=\"\" loading=\"lazy\"  \/>Anne Rotzinger (33, Carl Zeiss Jena) gegen Jasmien Mathys (12, RB Leipzig). Foto: Jan Kaefer<\/li>\n<li class=\"swiper-slide\"><img decoding=\"async\" width=\"698\" height=\"465\" src=\"https:\/\/www.europesays.com\/de\/wp-content\/uploads\/2026\/08\/RB-Frauen-Jena-Test-Jan_Kaefer-00005436-698x465.jpg\" class=\"attachment-large size-large\" alt=\"\" loading=\"lazy\"  \/>Tania Komarowskiy (21, RB Leipzig II\/ U20) gegen Sarah Preu\u00df (11, Carl Zeiss Jena). Foto: Jan Kaefer<\/li>\n<li class=\"swiper-slide\"><img decoding=\"async\" width=\"698\" height=\"465\" src=\"https:\/\/www.europesays.com\/de\/wp-content\/uploads\/2026\/08\/RB-Frauen-Jena-Test-Jan_Kaefer-00005445-698x465.jpg\" class=\"attachment-large size-large\" alt=\"\" loading=\"lazy\"  \/>Linde Veefkind (25, RB Leipzig) gegen Sarah Preu\u00df (11, Carl Zeiss Jena). Foto: Jan Kaefer<\/li>\n<li class=\"swiper-slide\"><img decoding=\"async\" width=\"698\" height=\"465\" src=\"https:\/\/www.europesays.com\/de\/wp-content\/uploads\/2026\/08\/RB-Frauen-Jena-Test-Jan_Kaefer-00005464-698x465.jpg\" class=\"attachment-large size-large\" alt=\"\" loading=\"lazy\"  \/>Emanuela Pfister (20, RB Leipzig). Foto: Jan Kaefer<\/li>\n<li class=\"swiper-slide\"><img decoding=\"async\" width=\"698\" height=\"465\" src=\"https:\/\/www.europesays.com\/de\/wp-content\/uploads\/2026\/08\/RB-Frauen-Jena-Test-Jan_Kaefer-00005525-698x465.jpg\" class=\"attachment-large size-large\" alt=\"\" loading=\"lazy\"  \/>Evita Kogel (24, RB Leipzig II\/ U20). Foto: Jan Kaefer<\/li>\n<li class=\"swiper-slide\"><img decoding=\"async\" width=\"698\" height=\"465\" src=\"https:\/\/www.europesays.com\/de\/wp-content\/uploads\/2026\/08\/RB-Frauen-Jena-Test-Jan_Kaefer-00005640-698x465.jpg\" class=\"attachment-large size-large\" alt=\"\" loading=\"lazy\"  \/>Cheftrainer Jonas Stephan (RB Leipzig). Foto: Jan Kaefer<\/li>\n<li class=\"swiper-slide\"><img decoding=\"async\" width=\"698\" height=\"465\" src=\"https:\/\/www.europesays.com\/de\/wp-content\/uploads\/2026\/08\/RB-Frauen-Jena-Test-Jan_Kaefer-00005700-698x465.jpg\" class=\"attachment-large size-large\" alt=\"\" loading=\"lazy\"  \/>Linde Veefkind (25, RB Leipzig) kl\u00e4rt per Kopf. Foto: Jan Kaefer<\/li>\n<li class=\"swiper-slide\"><img decoding=\"async\" width=\"698\" height=\"465\" src=\"https:\/\/www.europesays.com\/de\/wp-content\/uploads\/2026\/08\/RB-Frauen-Jena-Test-Jan_Kaefer-00005726-698x465.jpg\" class=\"attachment-large size-large\" alt=\"\" loading=\"lazy\"  \/>Emilia Kiaer Asgeirsdottir (8, RB Leipzig) gegen Lisa Gora (8, Carl Zeiss Jena). Foto: Jan Kaefer<\/li>\n<li class=\"swiper-slide\"><img decoding=\"async\" width=\"698\" height=\"465\" src=\"https:\/\/www.europesays.com\/de\/wp-content\/uploads\/2026\/08\/RB-Frauen-Jena-Test-Jan_Kaefer-00005791-698x465.jpg\" class=\"attachment-large size-large\" alt=\"\" loading=\"lazy\"  \/>Charlotte Heckler (3, RB Leipzig II\/ U20). Foto: Jan Kaefer<\/li>\n<li class=\"swiper-slide\"><img decoding=\"async\" width=\"698\" height=\"465\" src=\"https:\/\/www.europesays.com\/de\/wp-content\/uploads\/2026\/08\/RB-Frauen-Jena-Test-Jan_Kaefer-00005879-698x465.jpg\" class=\"attachment-large size-large\" alt=\"\" loading=\"lazy\"  \/>Therese Simonsson (27, RB Leipzig) am Ball. Foto: Jan Kaefer<\/li>\n<li class=\"swiper-slide\"><img decoding=\"async\" width=\"698\" height=\"465\" src=\"https:\/\/www.europesays.com\/de\/wp-content\/uploads\/2026\/08\/RB-Frauen-Jena-Test-Jan_Kaefer-00005895-698x465.jpg\" class=\"attachment-large size-large\" alt=\"\" loading=\"lazy\"  \/>Anne Rotzinger (33, Carl Zeiss Jena) gegen Charlotte Heckler (3, RB Leipzig II\/ U20). Foto: Jan Kaefer<\/li>\n<li class=\"swiper-slide\"><img decoding=\"async\" width=\"698\" height=\"465\" src=\"https:\/\/www.europesays.com\/de\/wp-content\/uploads\/2026\/08\/RB-Frauen-Jena-Test-Jan_Kaefer-00005908-698x465.jpg\" class=\"attachment-large size-large\" alt=\"\" loading=\"lazy\"  \/>Emilia Kiaer Asgeirsdottir (8, RB Leipzig) gegen Valentina Kr\u00f6ll (22, Carl Zeiss Jena). Foto: Jan Kaefer<\/li>\n<li class=\"swiper-slide\"><img decoding=\"async\" width=\"698\" height=\"465\" src=\"https:\/\/www.europesays.com\/de\/wp-content\/uploads\/2026\/08\/RB-Frauen-Jena-Test-Jan_Kaefer-00005943-698x465.jpg\" class=\"attachment-large size-large\" alt=\"\" loading=\"lazy\"  \/>Charlotte Hulst (77, RB Leipzig). Foto: Jan Kaefer<\/li>\n<li class=\"swiper-slide\"><img decoding=\"async\" width=\"698\" height=\"465\" src=\"https:\/\/www.europesays.com\/de\/wp-content\/uploads\/2026\/08\/RB-Frauen-Jena-Test-Jan_Kaefer-00006251-698x465.jpg\" class=\"attachment-large size-large\" alt=\"\" loading=\"lazy\"  \/>Kapit\u00e4nin Sandra Starke (13, RB Leipzig) vor Anna Olmala (9, Carl Zeiss Jena) am Ball. Foto: Jan Kaefer<\/li>\n<li class=\"swiper-slide\"><img decoding=\"async\" width=\"698\" height=\"465\" src=\"https:\/\/www.europesays.com\/de\/wp-content\/uploads\/2026\/08\/RB-Frauen-Jena-Test-Jan_Kaefer-00006311-698x465.jpg\" class=\"attachment-large size-large\" alt=\"\" loading=\"lazy\"  \/>Delice Boboy (17, RB Leipzig) am Ball. Foto: Jan Kaefer<\/li>\n<li class=\"swiper-slide\"><img decoding=\"async\" width=\"698\" height=\"465\" src=\"https:\/\/www.europesays.com\/de\/wp-content\/uploads\/2026\/08\/RB-Frauen-Jena-Test-Jan_Kaefer-00005179-698x465.jpg\" class=\"attachment-large size-large\" alt=\"\" loading=\"lazy\"  \/>Tor-Jubel bei RB Leipzig. Foto: Jan Kaefer<\/li>\n<\/ul>\n<p>\u00a0<\/p>\n","protected":false},"excerpt":{"rendered":"Erst flogen knatternde Motorr\u00e4der durch die Luft, dann stieg rot-wei\u00dfer Rauch auf. Unter dem Titel \u201eRB Leipzig Season&hellip;\n","protected":false},"author":2,"featured_media":1241305,"comment_status":"","ping_status":"","sticky":false,"template":"","format":"standard","meta":{"footnotes":"","_share_on_mastodon":"0"},"categories":[1832],"tags":[299,3364,29,3173,30,71,3495,859],"class_list":["post-1241587","post","type-post","status-publish","format-standard","has-post-thumbnail","category-leipzig","tag-bundesliga","tag-de","tag-deutschland","tag-frauenfussball","tag-germany","tag-leipzig","tag-rbl","tag-sachsen"],"share_on_mastodon":{"url":"https:\/\/pubeurope.com\/@de\/117108289874212059","error":""},"_links":{"self":[{"href":"https:\/\/www.europesays.com\/de\/wp-json\/wp\/v2\/posts\/1241587","targetHints":{"allow":["GET"]}}],"collection":[{"href":"https:\/\/www.europesays.com\/de\/wp-json\/wp\/v2\/posts"}],"about":[{"href":"https:\/\/www.europesays.com\/de\/wp-json\/wp\/v2\/types\/post"}],"author":[{"embeddable":true,"href":"https:\/\/www.europesays.com\/de\/wp-json\/wp\/v2\/users\/2"}],"replies":[{"embeddable":true,"href":"https:\/\/www.europesays.com\/de\/wp-json\/wp\/v2\/comments?post=1241587"}],"version-history":[{"count":0,"href":"https:\/\/www.europesays.com\/de\/wp-json\/wp\/v2\/posts\/1241587\/revisions"}],"wp:featuredmedia":[{"embeddable":true,"href":"https:\/\/www.europesays.com\/de\/wp-json\/wp\/v2\/media\/1241305"}],"wp:attachment":[{"href":"https:\/\/www.europesays.com\/de\/wp-json\/wp\/v2\/media?parent=1241587"}],"wp:term":[{"taxonomy":"category","embeddable":true,"href":"https:\/\/www.europesays.com\/de\/wp-json\/wp\/v2\/categories?post=1241587"},{"taxonomy":"post_tag","embeddable":true,"href":"https:\/\/www.europesays.com\/de\/wp-json\/wp\/v2\/tags?post=1241587"}],"curies":[{"name":"wp","href":"https:\/\/api.w.org\/{rel}","templated":true}]}}