{"id":1241642,"date":"2026-08-17T02:10:15","date_gmt":"2026-08-17T02:10:15","guid":{"rendered":"https:\/\/www.europesays.com\/de\/1241642\/"},"modified":"2026-08-17T02:10:15","modified_gmt":"2026-08-17T02:10:15","slug":"trauen-sie-sich-wagenknecht-legt-nach-hoecke-offerte-nach-und-fordert-ihn-heraus","status":"publish","type":"post","link":"https:\/\/www.europesays.com\/de\/1241642\/","title":{"rendered":"&#8222;Trauen Sie sich?&#8220;: Wagenknecht\u00a0legt nach H\u00f6cke-Offerte nach und fordert ihn heraus"},"content":{"rendered":"<p>&#8222;Trauen Sie sich?&#8220;Wagenknecht\u00a0legt nach H\u00f6cke-Offerte nach und fordert ihn heraus<\/p>\n<p>16.08.2026, 21:23 Uhr <\/p>\n<p>Artikel anh\u00f6ren(03:17 min)<\/p>\n<p><img decoding=\"async\" class=\"Image_img__fQCi0 Image_Img_16_9__4BLfH widget-picture-inline_maximizable__t_E7h\" loading=\"eager\" fetchpriority=\"high\" src=\"https:\/\/www.europesays.com\/de\/wp-content\/uploads\/2026\/08\/Sahra-Wagenknecht-BSW-Buendnis-Sahra-Wagenknecht-Bundesvorsitzende-nimmt-an-einer-Pressekonferenz-zu.webp\" alt=\"Sahra-Wagenknecht-BSW-Buendnis-Sahra-Wagenknecht-Bundesvorsitzende-nimmt-an-einer-Pressekonferenz-zur-Neuaufstellung-des-BSW-teil-Beim-BSW-Bundesparteitag-in-Magdeburg-soll-die-neue-Parteifuehrung-dann-gewaehlt-werden\"\/>Bisher habe sie keine Antwort erhalten, sagt Sahra Wagenknecht. (Foto: picture alliance\/dpa)<\/p>\n<p class=\"Typography_text-m__XI0da Typography_weight-bold__uT6mq storyline_lead_text_leadtext__q_wg8\">BSW-Gr\u00fcnderin Sahra Wagenknecht\u00a0nennt Bj\u00f6rn H\u00f6ckes \u00c4u\u00dferungen\u00a0&#8222;weder ehrlich noch seri\u00f6s&#8220;, sie k\u00f6nnte mit Hilfe der AfD\u00a0th\u00fcringische Ministerpr\u00e4sidentin\u00a0werden. Auf das vermeintliche Angebot reagiert sie nun erneut  &#8211; und fordert\u00a0ihn\u00a0nachdr\u00fccklich\u00a0heraus.\u00a0\u00a0<\/p>\n<p class=\"Typography_text-default__P3otY Typography_weight-normal__pqUbH storyline_paragraph_p__qSR5N\">Nach dem Angebot von Th\u00fcringens AfD-Chef Bj\u00f6rn H\u00f6cke, ihr dort zum Amt der Ministerpr\u00e4sidentin zu verhelfen, hat BSW-Gr\u00fcnderin Sahra Wagenknecht H\u00f6cke erneut zu einem direkten \u00f6ffentlichen Streitgespr\u00e4ch aufgefordert.\u00a0In einer am Abend auf X ver\u00f6ffentlichten Videobotschaft sagte Wagenknecht, sie habe H\u00f6cke bereits vor Tagen ein &#8222;sehr einfaches Angebot&#8220; gemacht: &#8222;Sie und ich live, neutraler Moderator, keine vorbereiteten Reden&#8220;.\u00a0\u00a0<\/p>\n<p class=\"Typography_text-default__P3otY Typography_weight-normal__pqUbH storyline_paragraph_p__qSR5N\">Eine Antwort\u00a0auf ihr Angebot\u00a0hat Wagenknecht nach eigenen Angaben von H\u00f6cke bislang nicht erhalten.\u00a0Sie frage\u00a0sich,\u00a0&#8222;was da los ist bei der AfD&#8220;, sagt Wagenknecht.\u00a0AfD-Chefin Alice Weidel, der sie bereits vor Wochen ein \u00f6ffentliches Duell angeboten habe, &#8222;wollte nicht&#8220;.\u00a0\u00a0<\/p>\n<p class=\"Typography_text-default__P3otY Typography_weight-normal__pqUbH storyline_paragraph_p__qSR5N\">&#8222;Wir sollten reden \u00fcber meinen Vorschlag eines \u00fcberparteilichen Ministerpr\u00e4sidenten, den Sie ja inzwischen auch gut finden&#8220;, forderte die BSW-Gr\u00fcnderin H\u00f6cke\u00a0nun in dem Video\u00a0auf. Schlie\u00dflich brauche Th\u00fcringen &#8222;einen neuen Regierungschef, der glaubw\u00fcrdig ist und den Brandmauer-Irrsinn beendet&#8220;. Um dies zu besprechen, solle der Th\u00fcringer AfD-Chef sich &#8222;ein Herz&#8220; fassen. &#8222;Gerade Sie, der Sie so viel Wert auf M\u00e4nnlichkeit legen, wollen doch sicher nicht als Feigling dastehen&#8220;, schloss Wagenknecht ihre Videobotschaft.\u00a0\u00dcber dem Video kommentiert\u00a0sie in einem Eintrag auf X:\u00a0&#8222;Trauen Sie sich?&#8220;\u00a0<\/p>\n<p class=\"Typography_text-default__P3otY Typography_weight-normal__pqUbH storyline_paragraph_p__qSR5N\">H\u00f6cke hatte sich am Donnerstag in den BSW-internen Streit in Th\u00fcringen eingeschaltet: Sie solle sich mit Hilfe der AfD zur Ministerpr\u00e4sidentin des Bundeslandes w\u00e4hlen lassen, <a class=\"inline_link\" href=\"https:\/\/www.n-tv.de\/politik\/Hoecke-will-Wagenknecht-zur-Ministerpraesidentin-machen-id31187777.html\" target=\"_blank\" rel=\"nofollow noopener\">forderte der AfD-Landeschef<\/a>. &#8222;Meine Fraktion und ich sind bereit, Ihnen daf\u00fcr den Weg freizumachen&#8220;, erkl\u00e4rte H\u00f6cke in Erfurt. &#8222;Lassen Sie uns politische Geschichte schreiben und die Brandmauer in Th\u00fcringen gemeinsam einrei\u00dfen. Nicht irgendwann nach der Wahl in Sachsen-Anhalt, sondern genau jetzt.&#8220;\u00a0<\/p>\n<p class=\"Typography_text-default__P3otY Typography_weight-normal__pqUbH storyline_paragraph_p__qSR5N\">In Th\u00fcringen regiert die CDU von Ministerpr\u00e4sident Mario Voigt seit der Landtagswahl 2024 gemeinsam mit SPD und BSW in einer Dreierkoalition, jedoch ohne absolute Mehrheit, weshalb sie im Landtag mit der Linken zusammenarbeitet. Die vom Landesverfassungsschutz als gesichert rechtsextremistisch eingestufte AfD um H\u00f6cke ist st\u00e4rkste Fraktion.\u00a0<\/p>\n<p class=\"Typography_text-default__P3otY Typography_weight-normal__pqUbH storyline_paragraph_p__qSR5N\">Die th\u00fcringische Landes-BSW liegt mit Wagenknecht und dem Bundes-BSW \u00fcber Kreuz, weil der Landesverband gegen den Willen der Bundesspitze in Voigts Koalition eingetreten war. Mit Blick auf diese Umst\u00e4nde hatte Wagenknecht H\u00f6ckes Angebot am Donnerstag<a class=\"inline_link\" href=\"https:\/\/www.n-tv.de\/politik\/Sahra-Wagenknecht-lehnt-Hoecke-Idee-ab-id31189887.html\" target=\"_blank\" rel=\"nofollow noopener\"> als &#8222;weder ehrlich noch seri\u00f6s&#8220; kritisiert<\/a>.\u00a0<\/p>\n<p class=\"Typography_text-s__wu_cm Typography_weight-normal__pqUbH Typography_color-darkgrey__sZEnP article-detail-footer_source__KslPc\">Quelle: ntv.de, hul\/AFP<\/p>\n","protected":false},"excerpt":{"rendered":"&#8222;Trauen Sie sich?&#8220;Wagenknecht\u00a0legt nach H\u00f6cke-Offerte nach und fordert ihn heraus 16.08.2026, 21:23 Uhr Artikel anh\u00f6ren(03:17 min) Bisher habe&hellip;\n","protected":false},"author":2,"featured_media":1241643,"comment_status":"","ping_status":"","sticky":false,"template":"","format":"standard","meta":{"footnotes":"","_share_on_mastodon":"0"},"categories":[2],"tags":[186,5159,10208,29,30,13,102349,14,15,16,9683,12,10,8,9,11],"class_list":["post-1241642","post","type-post","status-publish","format-standard","has-post-thumbnail","category-deutschland","tag-afd","tag-bjoern-hoecke","tag-bsw","tag-deutschland","tag-germany","tag-headlines","tag-landtagswahlen-thueringen","tag-nachrichten","tag-news","tag-politik","tag-sahra-wagenknecht","tag-schlagzeilen","tag-top-news","tag-top-meldungen","tag-topmeldungen","tag-topnews"],"share_on_mastodon":{"url":"","error":""},"_links":{"self":[{"href":"https:\/\/www.europesays.com\/de\/wp-json\/wp\/v2\/posts\/1241642","targetHints":{"allow":["GET"]}}],"collection":[{"href":"https:\/\/www.europesays.com\/de\/wp-json\/wp\/v2\/posts"}],"about":[{"href":"https:\/\/www.europesays.com\/de\/wp-json\/wp\/v2\/types\/post"}],"author":[{"embeddable":true,"href":"https:\/\/www.europesays.com\/de\/wp-json\/wp\/v2\/users\/2"}],"replies":[{"embeddable":true,"href":"https:\/\/www.europesays.com\/de\/wp-json\/wp\/v2\/comments?post=1241642"}],"version-history":[{"count":0,"href":"https:\/\/www.europesays.com\/de\/wp-json\/wp\/v2\/posts\/1241642\/revisions"}],"wp:featuredmedia":[{"embeddable":true,"href":"https:\/\/www.europesays.com\/de\/wp-json\/wp\/v2\/media\/1241643"}],"wp:attachment":[{"href":"https:\/\/www.europesays.com\/de\/wp-json\/wp\/v2\/media?parent=1241642"}],"wp:term":[{"taxonomy":"category","embeddable":true,"href":"https:\/\/www.europesays.com\/de\/wp-json\/wp\/v2\/categories?post=1241642"},{"taxonomy":"post_tag","embeddable":true,"href":"https:\/\/www.europesays.com\/de\/wp-json\/wp\/v2\/tags?post=1241642"}],"curies":[{"name":"wp","href":"https:\/\/api.w.org\/{rel}","templated":true}]}}