{"id":1241767,"date":"2026-08-17T03:50:15","date_gmt":"2026-08-17T03:50:15","guid":{"rendered":"https:\/\/www.europesays.com\/de\/1241767\/"},"modified":"2026-08-17T03:50:15","modified_gmt":"2026-08-17T03:50:15","slug":"nach-santos-patzer-holt-eintracht-frankfurt-diesen-bundesliga-keeper-sport","status":"publish","type":"post","link":"https:\/\/www.europesays.com\/de\/1241767\/","title":{"rendered":"Nach Santos-Patzer: Holt Eintracht Frankfurt diesen Bundesliga-Keeper? | Sport"},"content":{"rendered":"<p><b>Die 0:7-Klatsche gegen Brentford k\u00f6nnte bei Eintracht Frankfurt personelle Folgen haben. Nach den Patzern von Kaua Santos (23) besch\u00e4ftigen sich die Verantwortlichen offenbar mit einer anderen L\u00f6sung f\u00fcr das Tor. Doch ein m\u00f6glicher Transfer hat einen entscheidenden Haken. Was hinter den neuen \u00dcberlegungen steckt und was das f\u00fcr Santos und Michael Zetterer (31) bedeuten k\u00f6nnte, lesen Sie nur mit BILDplus.<\/b><\/p>\n","protected":false},"excerpt":{"rendered":"Die 0:7-Klatsche gegen Brentford k\u00f6nnte bei Eintracht Frankfurt personelle Folgen haben. Nach den Patzern von Kaua Santos (23)&hellip;\n","protected":false},"author":2,"featured_media":1241768,"comment_status":"","ping_status":"","sticky":false,"template":"","format":"standard","meta":{"footnotes":"","_share_on_mastodon":"0"},"categories":[136],"tags":[299,29,460,538,30,47664,7164,265,469,48761],"class_list":["post-1241767","post","type-post","status-publish","format-standard","has-post-thumbnail","category-sport","tag-bundesliga","tag-deutschland","tag-eintracht-frankfurt","tag-erste-bundesliga","tag-germany","tag-huetter-adi","tag-kroesche-markus","tag-sport","tag-sport-leuchtturm-zentral","tag-zetterer-michael"],"share_on_mastodon":{"url":"","error":""},"_links":{"self":[{"href":"https:\/\/www.europesays.com\/de\/wp-json\/wp\/v2\/posts\/1241767","targetHints":{"allow":["GET"]}}],"collection":[{"href":"https:\/\/www.europesays.com\/de\/wp-json\/wp\/v2\/posts"}],"about":[{"href":"https:\/\/www.europesays.com\/de\/wp-json\/wp\/v2\/types\/post"}],"author":[{"embeddable":true,"href":"https:\/\/www.europesays.com\/de\/wp-json\/wp\/v2\/users\/2"}],"replies":[{"embeddable":true,"href":"https:\/\/www.europesays.com\/de\/wp-json\/wp\/v2\/comments?post=1241767"}],"version-history":[{"count":0,"href":"https:\/\/www.europesays.com\/de\/wp-json\/wp\/v2\/posts\/1241767\/revisions"}],"wp:featuredmedia":[{"embeddable":true,"href":"https:\/\/www.europesays.com\/de\/wp-json\/wp\/v2\/media\/1241768"}],"wp:attachment":[{"href":"https:\/\/www.europesays.com\/de\/wp-json\/wp\/v2\/media?parent=1241767"}],"wp:term":[{"taxonomy":"category","embeddable":true,"href":"https:\/\/www.europesays.com\/de\/wp-json\/wp\/v2\/categories?post=1241767"},{"taxonomy":"post_tag","embeddable":true,"href":"https:\/\/www.europesays.com\/de\/wp-json\/wp\/v2\/tags?post=1241767"}],"curies":[{"name":"wp","href":"https:\/\/api.w.org\/{rel}","templated":true}]}}