{"id":1242014,"date":"2026-08-17T06:43:25","date_gmt":"2026-08-17T06:43:25","guid":{"rendered":"https:\/\/www.europesays.com\/de\/1242014\/"},"modified":"2026-08-17T06:43:25","modified_gmt":"2026-08-17T06:43:25","slug":"woltemade-nachfolger-mit-nur-35-spielen-warum-zahlt-der-vfb-stuttgart-so-viel-fuer-dzenan-pejcinovic","status":"publish","type":"post","link":"https:\/\/www.europesays.com\/de\/1242014\/","title":{"rendered":"Woltemade-Nachfolger mit nur 35 Spielen: Warum zahlt der VfB Stuttgart so viel f\u00fcr Dzenan Pejcinovic?"},"content":{"rendered":"<p>Dzenan Pejcinovic ist dem VfB Stuttgart die zweitteuerste Abl\u00f6sesumme der Vereinsgeschichte wert. Der 21-j\u00e4hrige St\u00fcrmer, den schon internationale Top-Klubs wollten, kommt nicht ohne ein gewisses Risiko.<\/p>\n<p>Wie sehr sich ein Transfer trotz der Einigung zwischen Spieler und aufnehmendem Verein ziehen und am Ende sogar scheitern kann, bewies j\u00fcngst einmal mehr der Poker um Said El Mala, <a href=\"https:\/\/www.spox.com\/fussball\/news\/bvb-geht-bei-said-el-mala-endgueltig-all-in-neues-angebot-soll-schmerzgrenze-von-borussia-dortmund-deutlich-ueberschreiten\/bltd18f432bf55cab83\" rel=\"nofollow noopener\" target=\"_blank\" data-affiliate-type=\"NONE\">den sich der 1. FC K\u00f6ln und Borussia Dortmund seit Wochen l<\/a>ieferten. Bei Dzenan Pejcinovic, dem VfL Wolfsburg und dem VfB Stuttgart <a href=\"https:\/\/www.spox.com\/fussball\/news\/sind-uns-mit-einem-verein-einig-wunschspieler-des-vfb-stuttgart-im-anflug\/bltd5e2076dd3522182\" rel=\"nofollow noopener\" target=\"_blank\" data-affiliate-type=\"NONE\">war es \u00e4hnlich<\/a>. Nur der Ausgang war ein anderer.<\/p>\n<p><img loading=\"lazy\" decoding=\"async\" src=\"https:\/\/www.europesays.com\/de\/wp-content\/uploads\/2026\/08\/b2cce7fd06644b78ba2ebaf1e91a9161.gif\" width=\"1\" height=\"1\" alt=\"\" data-fco-pixel-tracker-url=\"https:\/\/www.europesays.com\/de\/wp-content\/uploads\/2026\/08\/b2cce7fd06644b78ba2ebaf1e91a9161.gif\" data-fco-pixel-tracker-type=\"vg-wort\"\/><\/p>\n<p>Der 21-j\u00e4hrige Mittelst\u00fcrmer sagte nach der Bekanntgabe seines <a href=\"https:\/\/www.spox.com\/fussball\/news\/zweitteuerster-neuzugang-der-klubgeschichte-vfb-stuttgart-macht-transfer-von-wunschspieler-perfekt\/blt95728a71caa39fd2\" rel=\"nofollow noopener\" target=\"_blank\" data-affiliate-type=\"NONE\">25 Millionen Euro teuren Wechsels zu den Schwaben<\/a>, er habe &#8222;recht bald nach dem Ende der vergangenen Saison mitbekommen, dass der VfB Interesse an mir hat&#8220;. Ihm war dann &#8222;schnell klar&#8220;, dass er nur nach Stuttgart m\u00f6chte. Dennoch dauerte es gut drei Monate, ehe das Gesch\u00e4ft \u00fcber die B\u00fchne gebracht wurde. Auch die Wolfsburger Vergangenheit der Stuttgarter Verhandlungsf\u00fchrer um Sportvorstand Fabian Wohlgemuth und Sportdirektor Christian Gentner half nicht wirklich.<\/p>\n<p>Dass es dann beim Feilschen um die finale Abl\u00f6sesumme aber auch sehr schnell gehen kann, wie Pejcinovic selbst best\u00e4tigte, hat mit dem komplizierten (St\u00fcrmer-)Markt zu tun. Als bekannt wurde, dass der Transfer von Hoffenheims Fisnik Asllani zu RB Leipzig <a href=\"https:\/\/www.spox.com\/fussball\/news\/wird-der-bvb-hellhoerig-millionen-transfer-von-fisnik-asllani-platzt-voellig-ueberraschend-in-letzter-sekunde\/bltf36bba5da0c90953\" rel=\"nofollow noopener\" target=\"_blank\" data-affiliate-type=\"NONE\">\u00fcberraschend platzte<\/a> und <a href=\"https:\/\/www.spox.com\/fussball\/news\/kurz-vor-dem-deal-mit-dem-vfb-stuttgart-bundesliga-rivale-wollte-offenbar-bei-dzenan-pejcinovic-dazwischen-graetschen\/blt10178c507cff0e53\" rel=\"nofollow noopener\" target=\"_blank\" data-affiliate-type=\"NONE\">die Sachsen ebenfalls Richtung Pejcinovic schielten<\/a>, machte der VfB kurzen Prozess.<\/p>\n<p><img class=\"fco-image__image\" alt=\"FC St. Pauli v VfL Wolfsburg - Bundesliga\"   loading=\"lazy\" decoding=\"async\" fetchpriority=\"auto\" width=\"5100\" height=\"3273\" src=\"https:\/\/www.europesays.com\/de\/wp-content\/uploads\/2026\/08\/GettyImages-2275984923.jpg\" style=\"aspect-ratio:5100 \/ 3273;width:100%;height:100%\"\/>Getty ImagesDzenan Pejcinovic zum VfB Stuttgart: Ein Risikotransfer?<\/p>\n<p>Ein Jahr nach seinem Abgang haben die Stuttgarter nun also den Nachfolger von Nick Woltemade gefunden. Das d\u00fcrfte auch Trainer Sebastian Hoene\u00df gefallen, der zum Ende der Transferperiode im vergangenen Sommer sehr unverbl\u00fcmt Kritik am Gebaren seines eigenen Klubs \u00e4u\u00dferte und <a href=\"https:\/\/www.spox.com\/fussball\/news\/ich-hoffe-dass-wir-noch-aktiv-werden-sebastian-hoeness-sieht-transfergebaren-des-vfb-stuttgart-schon-wieder-kritisch\/bltec51788158f1d2ad\" rel=\"nofollow noopener\" target=\"_blank\" data-affiliate-type=\"NONE\">auch diesmal wieder \u00f6ffentlich Druck machte<\/a>.<\/p>\n<p>Nur f\u00fcr Leistungstr\u00e4ger, Publikumsliebling und <a href=\"https:\/\/www.spox.com\/fussball\/news\/kapitaensamt-in-gefahr-und-kaum-noch-chancen-auf-einen-stammplatz-folgt-beim-vfb-stuttgart-der-stille-abschied-eines-stars\/bltf5f228adc4ff4df5\" rel=\"nofollow noopener\" data-affiliate-type=\"NONE\" target=\"_blank\">eventuell bald Spielf\u00fchrer Deniz Undav<\/a> hat der VfB in seiner Historie mehr Geld ausgegeben als f\u00fcr Pejcinovic. Allein deshalb muss man den Deal als Risikotransfer bezeichnen. Schlie\u00dflich kommt der Angreifer auf bislang lediglich 35 Bundesligaspiele, international lief er noch nie auf. Ob er am Neckar einschl\u00e4gt, ist ungewiss.<\/p>\n<p>Andererseits ist das auch nur der oberfl\u00e4chliche Blick. Denn es ist nicht so, als w\u00e4re diese Summe f\u00fcr Pejcinovic komplett unangemessen. Und zwar aus zweierlei Gr\u00fcnden. Erstens: Der siebenmalige deutsche U21-Nationalspieler hatte bei den W\u00f6lfen noch einen langfristigen Vertrag, unter Verkaufszwang stand der VfL nicht. Ger\u00fcchten zufolge soll Pejcinovic wom\u00f6glich bald <a href=\"https:\/\/www.spox.com\/fussball\/news\/juergen-klopp-hat-den-verein-schon-informiert-steht-der-erste-dfb-debuetant-unter-dem-neuen-bundestrainer-schon-fest\/blt067cfa7b4f044c40\" rel=\"nofollow noopener\" target=\"_blank\" data-affiliate-type=\"NONE\">neuer Nationalspieler unter J\u00fcrgen Klopp<\/a> werden. Da kommt man heutzutage bei einem Spieler seines Alters dann schlicht nicht mehr mit einem Betrag unter 20 Millionen Euro hin.<\/p>\n<p><img class=\"fco-image__image\" alt=\"Dzenan Pejcinovic of VfL Wolfsburg celebrates\"   loading=\"lazy\" decoding=\"async\" fetchpriority=\"auto\" width=\"1920\" height=\"1080\" src=\"https:\/\/www.europesays.com\/de\/wp-content\/uploads\/2026\/08\/130126  Dzenan Pejcinovic of VfL Wolfsburg celebrates  1920 .jpg\" style=\"aspect-ratio:1920 \/ 1080;width:100%;height:100%\"\/>Getty ImagesWas sind die St\u00e4rken und Schw\u00e4chen von Dzenan Pejcinovic?<\/p>\n<p>Zweitens: Pejcinovics Gesamtpaket als Spieler ist attraktiv. Davon war und ist nicht nur der VfB \u00fcberzeugt. Schon als er 2022 f\u00fcr die sehr beachtliche Abl\u00f6se von 1,25 Millionen Euro aus der Jugend des FC Augsburg zur U19 nach Wolfsburg wechselte und sofort einen Profivertrag erhielt, lagen Pejcinovic Angebote von Manchester City, Ajax Amsterdam, Juventus Turin und dem FC Chelsea vor.<\/p>\n<p>City wollte 2024 sechs Millionen Euro f\u00fcr ihn auf den Tisch legen. Im vergangenen Winter versuchten sich dann die Augsburger an einer R\u00fcckkehr, auch der Hamburger SV fragte nach. Zuletzt interessierten sich der SC Freiburg, Real Betis, der FC Porto und der FC Paris f\u00fcr ihn.<\/p>\n<p>Pejcinovic ist ein Mittelst\u00fcrmer nach alter Tradition: harter und pr\u00e4ziser Abschluss mit links, eiskalt im Strafraum, gewieft vor dem Kasten, bei 1,90 Meter Gr\u00f6\u00dfe auch kopfballstark. Zw\u00f6lf Saisontore bei einer derart dysfunktionalen Truppe wie den abgestiegenen Wolfsburgern im Vorjahr muss man erst einmal schie\u00dfen.<\/p>\n<p>Er ist aber niemand, der nur vorne drin lauert, sondern auch als Wandspieler fungieren kann. Zudem bringt er Spielintelligenz, Tempo und Laufst\u00e4rke mit. Man kann ihn also auch in die Tiefe schicken. Zulegen muss Pejcinovic dagegen noch beim Kombinieren und in Sachen Physis, manchmal geht ihm auch die Kugel zu schnell wieder fl\u00f6ten.<\/p>\n<p><img class=\"fco-image__image\" alt=\"VfL Wolfsburg v FC Bayern M\u00fcnchen - Bundesliga\"   loading=\"lazy\" decoding=\"async\" fetchpriority=\"auto\" width=\"5004\" height=\"3336\" src=\"https:\/\/www.europesays.com\/de\/wp-content\/uploads\/2026\/08\/GettyImages-2275472158.jpg\" style=\"aspect-ratio:5004 \/ 3336;width:100%;height:100%\"\/>Getty ImagesDzenan Pejcinovic und die Krankenakte: Bereits drei Mittelfu\u00dfbr\u00fcche<\/p>\n<p>Dass Pejcinovic vor allem wei\u00df, wo das Tor steht, hatte er im Nachwuchsbereich hinl\u00e4nglich bewiesen. In der U17 des FCA erzielte er zw\u00f6lf Treffer in 21 Partien, f\u00fcr Wolfsburg U19 markierte er 36 Tore (neun Vorlagen) in 38 Spielen. In den Jugendteams des DFB stehen von U16 bis U21 starke 41 Buden in 49 Begegnungen zu Buche.<\/p>\n<p>Pejcinovic, der als geb\u00fcrtige M\u00fcnchner nach der U12 beim FC Bayern aussortiert worden war, blickt jedoch auch auf eine f\u00fcr sein Alter kritische Krankenakte zur\u00fcck. Allein dreimal brach er sich bereits den Mittelfu\u00df, auch ein Meniskusriss war schon dabei.<\/p>\n<p>Verletzt kam er daher zur Saison 2024\/25 auf Leihbasis bei Fortuna D\u00fcsseldorf in der 2. Liga an. Pejcinovic brauchte nach nur vier Erstligakurzeins\u00e4tzen in Wolfsburg dringend Spielpraxis und der VfL hatte seine zweite Mannschaft abgemeldet. In D\u00fcsseldorf geh\u00f6rte er in einer schwierigen Saison nach seiner Genesung zu den Lichtblicken, pendelte aber zwischen der Rolle als Edeljoker und dem Platz in der Doppelspitze neben Dawid Kownacki.<\/p>\n<p><img class=\"fco-image__image\" alt=\"VfL Wolfsburg v Hamburger SV - Bundesliga\"   loading=\"lazy\" decoding=\"async\" fetchpriority=\"auto\" width=\"4762\" height=\"3174\" src=\"https:\/\/www.europesays.com\/de\/wp-content\/uploads\/2026\/08\/GettyImages-2265266852.jpg\" style=\"aspect-ratio:4762 \/ 3174;width:100%;height:100%\"\/>Getty ImagesWo wird Dzenan Pejcinovic beim VfB Stuttgart spielen?<\/p>\n<p>Nun kommt Pejcinovic beim VfB in eine Mannschaft, die zuletzt sehr erfolgreich war, in der Champions League spielen wird und in Torwart Alexander N\u00fcbel bislang nur einen Leistungstr\u00e4ger abgeben musste. Zudem hat er im Angriff die erfahrenen Ermedin Demirovic und Undav als Konkurrenz. Wo wird also sein Platz sein?<\/p>\n<p>Die Antwort f\u00e4llt leicht: vorne drin. Schlie\u00dflich hatten die Schwaben zuletzt einige Male auf Notl\u00f6sungen zur\u00fcckgreifen und Tiago Tomas oder Jamie Leweling in den Sturm stellen m\u00fcssen, wenn Undav oder Demirovic unp\u00e4sslich waren. Nun kann Hoene\u00df, der angesichts der Dreifachbelastung st\u00e4rker rotieren wird, dort auf einen echten Angreifer und ein gr\u00f6\u00dferes Ma\u00df an Flexibilit\u00e4t setzen.<\/p>\n<p>Vor allem mit Demirovic wird sich Pejcinovic duellieren. Undav wird wohl hinter der Spitze aufgeboten werden, k\u00f6nnte dank dem Neuen aber auch h\u00e4ufiger als gewohnt eine Pause bekommen. Pejcinovics Einsatzchancen stehen also nicht schlecht, zumal sich der VfB mit seinem Transfer f\u00fcr den nicht gerade unwahrscheinlichen Fall abgesichert hat, <a href=\"https:\/\/www.spox.com\/fussball\/listen\/frust-und-ungeduld-machen-sich-offenbar-breit-droht-dem-vfb-stuttgart-der-abgang-eines-wm-stars\/bltc0b877f6c3a7bbb2\" rel=\"nofollow noopener\" target=\"_blank\" data-affiliate-type=\"NONE\">dass Bilal El Khannouss den Klub noch verl\u00e4sst<\/a>. Der Marokkaner ist der aussichtsreichste Kandidat, um auf die vom Aufsichtsrat auferlegten Transfererl\u00f6se zu kommen.<\/p>\n<p><img class=\"fco-image__image\" alt=\"VfL Wolfsburg v 1. FSV Mainz 05 - Bundesliga\"   loading=\"lazy\" decoding=\"async\" fetchpriority=\"auto\" width=\"4165\" height=\"2777\" src=\"https:\/\/www.europesays.com\/de\/wp-content\/uploads\/2026\/08\/GettyImages-2233007570.jpg\" style=\"aspect-ratio:4165 \/ 2777;width:100%;height:100%\"\/>Getty ImagesDzenan Pejcinovic: N\u00e4chster Anruf bei Victor Osimhen?<\/p>\n<p>Wie schnell Pejcinovic in Stuttgart eine hochwertige Alternative oder sogar mehr darstellt, wird spannend zu sehen sein. Bislang zeigte sich bei ihm oft ein Ketchupflascheneffekt: Traf er einmal, kamen weitere Tore hinterher. Seine zw\u00f6lf Treffer im Vorjahr schoss Pejcinovic in nur acht Spielen, in 26 blieb er torlos. So ben\u00f6tigte er nur 148 Minuten pro Tor, was unter allen deutschen Spielern in den Top-5-Ligen Europas nur von Undav (146) und Frankfurts Jonathan Burkardt (125) unterboten wurde.<\/p>\n<p>Als gutes Pflaster f\u00fcr St\u00fcrmer erwies sich der VfB in den vergangenen Jahren jedenfalls: Serhou Guirassy, Woltemade und Undav gingen dort allesamt durch die Decke. Wie man das bewerkstelligt, k\u00f6nnte Pejcinovic bei Letzterem nachfragen. Oder aber er ruft seinen Kumpel Victor Osimhen an. \u00dcber gemeinsame Freunde ergab sich zwischen den beiden eine Verbindung, mittlerweile stehen sie regelm\u00e4\u00dfig in Kontakt.<\/p>\n<p>&#8222;Er hat mir erkl\u00e4rt, was er getan hat, wie er damit umgegangen ist &#8211; weil es f\u00fcr ihn auch nicht einfach war&#8220;, sagte Pejcinovic einst dem kicker, als er wieOsimhen eine schwierige Phase in Wolfsburg zu \u00fcberstehen hatte. Der Nigerianer startete anschlie\u00dfend bei der SSC Neapel durch. Vielleicht ben\u00f6tigt es also mal wieder einen Anruf beim heutigen Galatasaray-St\u00fcrmer.<\/p>\n<p>Dzenan Pejcinovic: Seine Karriere im \u00dcberblick<\/p>\n<tr>\n<td>\n<p><b><strong>Mannschaft<\/strong><\/b><\/p>\n<\/td>\n<td>\n<p><b><strong>Spiele<\/strong><\/b><\/p>\n<\/td>\n<td>\n<p><b><strong>Tore<\/strong><\/b><\/p>\n<\/td>\n<td>\n<p><b><strong>Vorlagen<\/strong><\/b><\/p>\n<\/td>\n<\/tr>\n<tr>\n<td>\n<p>FC Augsburg U17<\/p>\n<\/td>\n<td>\n<p>21<\/p>\n<\/td>\n<td>\n<p>12<\/p>\n<\/td>\n<td>\n<p>0<\/p>\n<\/td>\n<\/tr>\n<tr>\n<td>\n<p>FC Augsburg U19<\/p>\n<\/td>\n<td>\n<p>5<\/p>\n<\/td>\n<td>\n<p>1<\/p>\n<\/td>\n<td>\n<p>2<\/p>\n<\/td>\n<\/tr>\n<tr>\n<td>\n<p>VfL Wolfsburg U19<\/p>\n<\/td>\n<td>\n<p>38<\/p>\n<\/td>\n<td>\n<p>36<\/p>\n<\/td>\n<td>\n<p>9<\/p>\n<\/td>\n<\/tr>\n<tr>\n<td>\n<p>VfL Wolfsburg<\/p>\n<\/td>\n<td>\n<p>39<\/p>\n<\/td>\n<td>\n<p>12<\/p>\n<\/td>\n<td>\n<p>1<\/p>\n<\/td>\n<\/tr>\n<tr>\n<td>\n<p>Fortuna D\u00fcsseldorf (Leihe)<\/p>\n<\/td>\n<td>\n<p>20<\/p>\n<\/td>\n<td>\n<p>5<\/p>\n<\/td>\n<td>\n<p>0<\/p>\n<\/td>\n<\/tr>\n","protected":false},"excerpt":{"rendered":"Dzenan Pejcinovic ist dem VfB Stuttgart die zweitteuerste Abl\u00f6sesumme der Vereinsgeschichte wert. Der 21-j\u00e4hrige St\u00fcrmer, den schon internationale&hellip;\n","protected":false},"author":2,"featured_media":1242015,"comment_status":"","ping_status":"","sticky":false,"template":"","format":"standard","meta":{"footnotes":"","_share_on_mastodon":"0"},"categories":[1830],"tags":[1634,299,243727,3364,29,2033,347,30,4604,1441,2915,931,605],"class_list":["post-1242014","post","type-post","status-publish","format-standard","has-post-thumbnail","category-stuttgart","tag-baden-wuerttemberg","tag-bundesliga","tag-d-pejcinovic","tag-de","tag-deutschland","tag-features","tag-fussball","tag-germany","tag-soccer","tag-stuttgart","tag-vfb-stuttgart","tag-vfl-wolfsburg","tag-wolfsburg"],"share_on_mastodon":{"url":"https:\/\/pubeurope.com\/@de\/117109499511110721","error":""},"_links":{"self":[{"href":"https:\/\/www.europesays.com\/de\/wp-json\/wp\/v2\/posts\/1242014","targetHints":{"allow":["GET"]}}],"collection":[{"href":"https:\/\/www.europesays.com\/de\/wp-json\/wp\/v2\/posts"}],"about":[{"href":"https:\/\/www.europesays.com\/de\/wp-json\/wp\/v2\/types\/post"}],"author":[{"embeddable":true,"href":"https:\/\/www.europesays.com\/de\/wp-json\/wp\/v2\/users\/2"}],"replies":[{"embeddable":true,"href":"https:\/\/www.europesays.com\/de\/wp-json\/wp\/v2\/comments?post=1242014"}],"version-history":[{"count":0,"href":"https:\/\/www.europesays.com\/de\/wp-json\/wp\/v2\/posts\/1242014\/revisions"}],"wp:featuredmedia":[{"embeddable":true,"href":"https:\/\/www.europesays.com\/de\/wp-json\/wp\/v2\/media\/1242015"}],"wp:attachment":[{"href":"https:\/\/www.europesays.com\/de\/wp-json\/wp\/v2\/media?parent=1242014"}],"wp:term":[{"taxonomy":"category","embeddable":true,"href":"https:\/\/www.europesays.com\/de\/wp-json\/wp\/v2\/categories?post=1242014"},{"taxonomy":"post_tag","embeddable":true,"href":"https:\/\/www.europesays.com\/de\/wp-json\/wp\/v2\/tags?post=1242014"}],"curies":[{"name":"wp","href":"https:\/\/api.w.org\/{rel}","templated":true}]}}