{"id":1242166,"date":"2026-08-17T08:20:22","date_gmt":"2026-08-17T08:20:22","guid":{"rendered":"https:\/\/www.europesays.com\/de\/1242166\/"},"modified":"2026-08-17T08:20:22","modified_gmt":"2026-08-17T08:20:22","slug":"noch-immer-wird-fast-taeglich-weltkriegsmunition-gefunden","status":"publish","type":"post","link":"https:\/\/www.europesays.com\/de\/1242166\/","title":{"rendered":"Noch immer wird fast t\u00e4glich Weltkriegsmunition gefunden"},"content":{"rendered":"<p><a href=\"https:\/\/www.onetz.de\/f\/ic\/ga-large\/articlemedia\/2026\/08\/17\/3d0ab49c-9d06-4d0a-b6c5-ccb4b1e5c9a5.jpg\" class=\"ps-item\" data-psg=\"https:\/\/www.onetz.de\/deutschland-welt\/muenchen\/1\" data-size=\"960x801\" data-caption=\"&lt;div&gt;Bild: Stefan Puchner\/dpa&lt;\/div&gt;Die Sprengk\u00f6rper d\u00fcrfen keinesfalls angefasst werden, in jedem Fall muss die Polizei verst\u00e4ndigt werden. (Archivbild)\" rel=\"nofollow noopener\" target=\"_blank\"><img loading=\"lazy\" decoding=\"async\" src=\"https:\/\/www.europesays.com\/de\/wp-content\/uploads\/2026\/08\/3d0ab49c-9d06-4d0a-b6c5-ccb4b1e5c9a5.jpg\" alt=\"Die Sprengk\u00f6rper d\u00fcrfen keinesfalls angefasst werden, in jedem Fall muss die Polizei verst\u00e4ndigt werden. (Archivbild) Bild: Stefan Puchner\/dpa\" title=\"\" width=\"805\" height=\"453\" class=\"img-responsive\"\/><\/a><\/p>\n<p>Die Sprengk\u00f6rper d\u00fcrfen keinesfalls angefasst werden, in jedem Fall muss die Polizei verst\u00e4ndigt werden. (Archivbild)<\/p>\n<p>Bild: Stefan Puchner\/dpa<\/p>\n<p>Auch mehr als 80 Jahre nach Ende des Zweiten Weltkrieges werden in Bayern noch fast t\u00e4glich Bombenblindg\u00e4nger, Munition und andere Kampfmittel gefunden. Im vergangenen Jahr beseitigte der Kampfmittelr\u00e4umdienst mehr als 100 Tonnen Bomben, Granaten und Munition, teilte Innenminister Joachim Herrmann (CSU) mit. Das seien 13 Tonnen mehr als im Jahr 2024. Den Steuerzahler kostete die Beseitigung im vergangenen Jahr knapp 1,9 Millionen Euro.<\/p>\n<p>\u201eVor allem in den Gegenden, die w\u00e4hrend des Krieges im Fokus von Bombardierungen standen, m\u00fcssen wir auch weiterhin damit rechnen, Blindg\u00e4nger zu finden\u201c, sagte der Innenminister. Die Alliierten hatten im Krieg vor allem die Gro\u00dfst\u00e4dte M\u00fcnchen, N\u00fcrnberg, W\u00fcrzburg und Augsburg mit ihren Industrieanlagen und Verkehrsknotenpunkten ins Visier genommen.\u00a0<\/p>\n<p>Herrmann warnte die Bev\u00f6lkerung, bei Zufallsfunden selbst t\u00e4tig zu werden. Die Sprengk\u00f6rper d\u00fcrften keinesfalls angefasst werden, in jedem Fall m\u00fcsse die Polizei verst\u00e4ndigt werden. Eltern sollten ihre Kinder auf die Gefahren solcher Funde hinweisen.<\/p>\n<p>\u00a9 dpa-infocom, dpa:260817-930-540796\/1<\/p>\n","protected":false},"excerpt":{"rendered":"Die Sprengk\u00f6rper d\u00fcrfen keinesfalls angefasst werden, in jedem Fall muss die Polizei verst\u00e4ndigt werden. (Archivbild) Bild: Stefan Puchner\/dpa&hellip;\n","protected":false},"author":2,"featured_media":1242167,"comment_status":"","ping_status":"","sticky":false,"template":"","format":"standard","meta":{"footnotes":"","_share_on_mastodon":"0"},"categories":[1827],"tags":[772,29,7488,30,4046,1268,16,7489],"class_list":["post-1242166","post","type-post","status-publish","format-standard","has-post-thumbnail","category-muenchen","tag-bayern","tag-deutschland","tag-dpa","tag-germany","tag-krieg","tag-muenchen","tag-politik","tag-region-bayern"],"share_on_mastodon":{"url":"https:\/\/pubeurope.com\/@de\/117109878292129175","error":""},"_links":{"self":[{"href":"https:\/\/www.europesays.com\/de\/wp-json\/wp\/v2\/posts\/1242166","targetHints":{"allow":["GET"]}}],"collection":[{"href":"https:\/\/www.europesays.com\/de\/wp-json\/wp\/v2\/posts"}],"about":[{"href":"https:\/\/www.europesays.com\/de\/wp-json\/wp\/v2\/types\/post"}],"author":[{"embeddable":true,"href":"https:\/\/www.europesays.com\/de\/wp-json\/wp\/v2\/users\/2"}],"replies":[{"embeddable":true,"href":"https:\/\/www.europesays.com\/de\/wp-json\/wp\/v2\/comments?post=1242166"}],"version-history":[{"count":0,"href":"https:\/\/www.europesays.com\/de\/wp-json\/wp\/v2\/posts\/1242166\/revisions"}],"wp:featuredmedia":[{"embeddable":true,"href":"https:\/\/www.europesays.com\/de\/wp-json\/wp\/v2\/media\/1242167"}],"wp:attachment":[{"href":"https:\/\/www.europesays.com\/de\/wp-json\/wp\/v2\/media?parent=1242166"}],"wp:term":[{"taxonomy":"category","embeddable":true,"href":"https:\/\/www.europesays.com\/de\/wp-json\/wp\/v2\/categories?post=1242166"},{"taxonomy":"post_tag","embeddable":true,"href":"https:\/\/www.europesays.com\/de\/wp-json\/wp\/v2\/tags?post=1242166"}],"curies":[{"name":"wp","href":"https:\/\/api.w.org\/{rel}","templated":true}]}}