{"id":1242213,"date":"2026-08-17T08:49:34","date_gmt":"2026-08-17T08:49:34","guid":{"rendered":"https:\/\/www.europesays.com\/de\/1242213\/"},"modified":"2026-08-17T08:49:34","modified_gmt":"2026-08-17T08:49:34","slug":"fc-st-pauli-verspielt-zwei-tore-fuehrung-bei-holstein-kiel","status":"publish","type":"post","link":"https:\/\/www.europesays.com\/de\/1242213\/","title":{"rendered":"FC St. Pauli verspielt Zwei-Tore-F\u00fchrung bei Holstein Kiel"},"content":{"rendered":"<p>Sp\u00e4ter R\u00fcckschlag <\/p>\n<p>St. Pauli verspielt Zwei-Tore-F\u00fchrung in Kiel<\/p>\n<p>14.08.2026Lesedauer: 2 Min.<\/p>\n<p><a href=\"#focus-0\" class=\"transition-colors block text-current relative\" data-sctrack=\"FocusGalleryImage.Reference\"><img fetchpriority=\"high\" data-testid=\"Opener.Image\"   loading=\"eager\" src=\"https:\/\/www.europesays.com\/de\/wp-content\/uploads\/2026\/08\/jubel-beim-fc-st-pauli-nach-dem-2-0-am-ende-reichte-es-nicht-zu-einem-sieg-bei-holstein-kiel.jpg\" alt=\"Jubel beim FC St. Pauli nach dem 2:0: Am Ende reichte es nicht zu einem Sieg bei Holstein Kiel.\" title=\"Jubel beim FC St. Pauli nach dem 2:0: Am Ende reichte es nicht zu einem Sieg bei Holstein Kiel.\" width=\"2985\" height=\"1679\" class=\"bg-[url:var(--lqipURL)] bg-cover bg-center flex h-full w-full max-w-full\" style=\"--lqipURL:url('https:\/\/images.t-online.de\/2026\/08\/R0YI8DeDWNBX\/823x639:2985x1679\/fit-in\/150x0\/filters:blur(25)\/jubel-beim-fc-st-pauli-nach-dem-2-0-am-ende-reichte-es-nicht-zu-einem-sieg-bei-holstein-kiel.jpg')\" decoding=\"async\"\/><img loading=\"lazy\" src=\"https:\/\/hamburg.t-online.de\/s\/paper\/_next\/static\/media\/zoom-in.f7dae02f.svg\" alt=\"Vergr\u00f6\u00dfern des Bildes\" title=\"Vergr\u00f6\u00dfern des Bildes\" class=\"block h-[calc(var(--height)_\/_16_*_1rem)] w-[calc(var(--width)_\/_16_*_1rem)] max-w-none absolute right-8 bottom-8 rounded-4 bg-snow p-8\" style=\"--width:32;--height:32\" decoding=\"async\"\/><\/a><\/p>\n<p>Jubel beim FC St. Pauli nach dem 2:0: Am Ende reichte es nicht zu einem Sieg bei Holstein Kiel. (Quelle: IMAGO\/Karsten Freese)<\/p>\n<p><img loading=\"lazy\" src=\"https:\/\/hamburg.t-online.de\/s\/paper\/_next\/static\/media\/audio-volume.6689034c.svg\" alt=\"\" title=\"\" class=\"block h-[calc(var(--height)_\/_16_*_1rem)] w-[calc(var(--width)_\/_16_*_1rem)] max-w-none group-hover:brightness-0 group-hover:invert\" style=\"--width:16;--height:16\" decoding=\"async\"\/>Vorlesen<\/p>\n<p>Aktuelle Zeit:0:00Gesamtdauer:0:00<\/p>\n<p>1x<img loading=\"lazy\" src=\"https:\/\/hamburg.t-online.de\/s\/paper\/_next\/static\/media\/font-sizes.32942e33.svg\" alt=\"\" title=\"\" class=\"block h-[calc(var(--height)_\/_16_*_1rem)] w-[calc(var(--width)_\/_16_*_1rem)] max-w-none group-hover:hidden group-aria-expanded:hidden\" style=\"--width:16;--height:16\" decoding=\"async\"\/><img loading=\"lazy\" src=\"https:\/\/hamburg.t-online.de\/s\/paper\/_next\/static\/media\/font-sizes-dark-mode.e382645c.svg\" alt=\"\" title=\"\" class=\"block h-[calc(var(--height)_\/_16_*_1rem)] w-[calc(var(--width)_\/_16_*_1rem)] max-w-none hidden group-hover:block group-aria-expanded:block\" style=\"--width:16;--height:16\" decoding=\"async\"\/><img loading=\"lazy\" src=\"https:\/\/hamburg.t-online.de\/s\/paper\/_next\/static\/media\/sharing-menu-icon.1eb71368.svg\" alt=\"\" title=\"\" class=\"block h-[calc(var(--height)_\/_16_*_1rem)] w-[calc(var(--width)_\/_16_*_1rem)] max-w-none group-hover:brightness-0 group-hover:invert\" style=\"--width:16;--height:16\" decoding=\"async\"\/>Artikel teilen<\/p>\n<p class=\"font-bold text-18 leading-17 user-text-lg:text-22 user-text-xl:text-24\">Lange Zeit sieht St. Pauli in Kiel aus wie der sichere Gewinner. Doch dann findet der Gastgeber zur\u00fcck ins Spiel \u2013 und sichert sich doch noch einen Punkt.<\/p>\n<p class=\"text-18 leading-17 user-text-lg:text-22 user-text-xl:text-24\">Der Bundesliga-Absteiger <a href=\"https:\/\/www.t-online.de\/themen\/fc-st-pauli\/\" class=\"transition-colors cursor-pointer no-underline md:hover:text-magenta md:focus:text-magenta border-b border-solid border-current text-salemsfur md:hover:border-magenta\" data-tracking=\"{&quot;action&quot;:&quot;click&quot;,&quot;category&quot;:&quot;intextLink&quot;,&quot;label&quot;:&quot;https:\/\/www.t-online.de\/themen\/fc-st-pauli\/&quot;}\" data-sctrack=\"BodyAnchor\" rel=\"nofollow noopener\" target=\"_blank\">FC St. Pauli<\/a> hat den ersten Saisonsieg in der 2. Liga erneut verpasst. Beim Wiedersehen von Trainer Marcel Rapp mit dessen fr\u00fcherem Verein Holstein Kiel verspielten die Hamburger am Freitag eine 2:0-F\u00fchrung und kamen nicht \u00fcber ein 2:2 (2:0) hinaus. Rapp hatte die Kieler bis Februar 2026 viereinhalb Jahre lang betreut und in die Bundesliga gef\u00fchrt.<\/p>\n<p class=\"text-18 leading-17 user-text-lg:text-22 user-text-xl:text-24\">Martijn Kaars brachte St. Pauli in der 32. Minute in F\u00fchrung. Nach einem Abpraller landete der Ball beim niederl\u00e4ndischen St\u00fcrmer, der zum 1:0 traf. Der Treffer z\u00e4hlte auch nach einer \u00dcberpr\u00fcfung durch den Videoassistenten. Bereits am ersten Spieltag hatten sich die Hamburger mit einem 1:1 gegen die SpVgg Greuther F\u00fcrth begn\u00fcgen m\u00fcssen.<\/p>\n<ul class=\"text-18 leading-17 block pl-24 *:pb-16 *:before:inline-block *:before:size-8 *:before:bg-magenta *:before:mt-0 *:before:mr-12 *:before:mb-2 *:before:-ml-[20px]\">\n<li><strong class=\"font-bold\">TV-Klassiker aus Hamburg:<\/strong> <a href=\"https:\/\/hamburg.t-online.de\/region\/hamburg\/id_101389994\/fc-st-pauli-verspielt-zwei-tore-fuehrung-bei-holstein-kiel.html\" class=\"transition-colors cursor-pointer no-underline md:hover:text-magenta md:focus:text-magenta border-b border-solid border-current text-salemsfur md:hover:border-magenta\" data-tracking=\"{&quot;action&quot;:&quot;click&quot;,&quot;category&quot;:&quot;intextLink&quot;,&quot;label&quot;:&quot;\/region\/hamburg\/id_101389994\/fc-st-pauli-verspielt-zwei-tore-fuehrung-bei-holstein-kiel.html&quot;}\" data-sctrack=\"BodyAnchor\" rel=\"nofollow noopener\" target=\"_blank\">Keine &#8222;NDR Talk Show&#8220; heute Abend \u2013 das ist der Ersatz<\/a><\/li>\n<\/ul>\n<p>Zur Halbzeit lag St. Pauli 2:0 in F\u00fchrung<\/p>\n<p class=\"text-18 leading-17 user-text-lg:text-22 user-text-xl:text-24\">Kaars hatte kurz nach dem Anpfiff schon die erste gro\u00dfe Chance. In der zweiten Minute lief er allein auf Kiels Torh\u00fcter Timon Weiner zu, scheiterte jedoch an dessen Parade. Eine halbe Stunde sp\u00e4ter nutzte der Angreifer seine n\u00e4chste Gelegenheit. Nach einer Balleroberung erh\u00f6hte Taichi Hara kurz vor der Pause auf 2:0 (45.+3).<\/p>\n<p class=\"text-18 leading-17 user-text-lg:text-22 user-text-xl:text-24\">Kiel lie\u00df sich von dem R\u00fcckstand nicht aus dem Spiel bringen und kam mehrfach zu guten Abschl\u00fcssen. Zun\u00e4chst verhinderten Braunschweigs Abwehrspieler einen Treffer, in der 56. Minute verk\u00fcrzte Phil Harres jedoch auf 1:2. Jonas Therkelsen erzielte in der 88. Minute den Ausgleich.<\/p>\n<p class=\"text-18 leading-17 user-text-lg:text-22 user-text-xl:text-24\">Damit erlebten die Kieler den umgekehrten Spielverlauf wie zum Saisonauftakt. Beim 2:2 gegen Darmstadt 98 hatte Holstein selbst eine Zwei-Tore-F\u00fchrung aus der Hand gegeben.<\/p>\n","protected":false},"excerpt":{"rendered":"Sp\u00e4ter R\u00fcckschlag St. Pauli verspielt Zwei-Tore-F\u00fchrung in Kiel 14.08.2026Lesedauer: 2 Min. Jubel beim FC St. Pauli nach dem&hellip;\n","protected":false},"author":2,"featured_media":1242214,"comment_status":"","ping_status":"","sticky":false,"template":"","format":"standard","meta":{"footnotes":"","_share_on_mastodon":"0"},"categories":[1852],"tags":[3175,722,3364,29,548,663,3934,459,30,692,13,29068,10243,4949,23457,45897,14,15,12,1971,2020],"class_list":["post-1242213","post","type-post","status-publish","format-standard","has-post-thumbnail","category-kiel","tag-3175","tag-722","tag-de","tag-deutschland","tag-eu","tag-europa","tag-europe","tag-fc-st-pauli","tag-germany","tag-hamburg","tag-headlines","tag-holstein","tag-holstein-kiel","tag-kiel","tag-marcel-rapp","tag-martijn-kaar","tag-nachrichten","tag-news","tag-schlagzeilen","tag-schleswig-holstein","tag-st-pauli"],"share_on_mastodon":{"url":"https:\/\/pubeurope.com\/@de\/117109994663489747","error":""},"_links":{"self":[{"href":"https:\/\/www.europesays.com\/de\/wp-json\/wp\/v2\/posts\/1242213","targetHints":{"allow":["GET"]}}],"collection":[{"href":"https:\/\/www.europesays.com\/de\/wp-json\/wp\/v2\/posts"}],"about":[{"href":"https:\/\/www.europesays.com\/de\/wp-json\/wp\/v2\/types\/post"}],"author":[{"embeddable":true,"href":"https:\/\/www.europesays.com\/de\/wp-json\/wp\/v2\/users\/2"}],"replies":[{"embeddable":true,"href":"https:\/\/www.europesays.com\/de\/wp-json\/wp\/v2\/comments?post=1242213"}],"version-history":[{"count":0,"href":"https:\/\/www.europesays.com\/de\/wp-json\/wp\/v2\/posts\/1242213\/revisions"}],"wp:featuredmedia":[{"embeddable":true,"href":"https:\/\/www.europesays.com\/de\/wp-json\/wp\/v2\/media\/1242214"}],"wp:attachment":[{"href":"https:\/\/www.europesays.com\/de\/wp-json\/wp\/v2\/media?parent=1242213"}],"wp:term":[{"taxonomy":"category","embeddable":true,"href":"https:\/\/www.europesays.com\/de\/wp-json\/wp\/v2\/categories?post=1242213"},{"taxonomy":"post_tag","embeddable":true,"href":"https:\/\/www.europesays.com\/de\/wp-json\/wp\/v2\/tags?post=1242213"}],"curies":[{"name":"wp","href":"https:\/\/api.w.org\/{rel}","templated":true}]}}