{"id":1242238,"date":"2026-08-17T09:05:16","date_gmt":"2026-08-17T09:05:16","guid":{"rendered":"https:\/\/www.europesays.com\/de\/1242238\/"},"modified":"2026-08-17T09:05:16","modified_gmt":"2026-08-17T09:05:16","slug":"waldbraende-in-nrw-aus-einzelmassnahmen-muss-jetzt-eine-flaechendeckende-strategie-werden","status":"publish","type":"post","link":"https:\/\/www.europesays.com\/de\/1242238\/","title":{"rendered":"Waldbr\u00e4nde in NRW: Aus Einzelma\u00dfnahmen muss jetzt eine fl\u00e4chendeckende Strategie werden"},"content":{"rendered":"<p class=\"date\">17.08.2026 \u2013 11:02<\/p>\n<p class=\"customer\">\n                        <a class=\"story-customer\" title=\"weiter zum newsroom von Deutsche Feuerwehr-Gewerkschaft (DFeuG)\" href=\"https:\/\/www.presseportal.de\/nr\/173214\" rel=\"nofollow noopener\" target=\"_blank\">Deutsche Feuerwehr-Gewerkschaft (DFeuG)<\/a>\n                    <\/p>\n<p><a data-category=\"citylink-story-view\" data-action=\"click\" data-label=\"Citylink in Meldungsansicht\" class=\"story-city event-trigger\" href=\"https:\/\/www.presseportal.de\/regional\/Solingen\" title=\"News aus Solingen \" rel=\"nofollow noopener\" target=\"_blank\">Solingen<\/a> (ots)<\/p>\n<p>Deutsche Feuerwehr-Gewerkschaft fordert konsequente Weiterentwicklung von Ausstattung, Ausbildung, Personal und \u00fcber\u00f6rtlicher Zusammenarbeit.<\/p>\n<p> Die aktuellen Wald- und Vegetationsbr\u00e4nde in Nordrhein-Westfalen zeigen erneut, welchen Herausforderungen sich die Feuerwehren im Land gegen\u00fcberstehen: gro\u00dfe Fl\u00e4chen, schwieriges Gel\u00e4nde, hohe Temperaturen und lang andauernde Einsatzlagen fordern die Einsatzkr\u00e4fte enorm. <\/p>\n<p> Die dfeug erkennt an, dass NRW bereits Ma\u00dfnahmen zur Verbesserung der Waldbrandbek\u00e4mpfung umgesetzt hat. Entscheidend ist nun, daraus ein fl\u00e4chendeckendes Gesamtsystem zu entwickeln. Spezielle Ausstattung wie gel\u00e4ndeg\u00e4ngige Fahrzeuge, L\u00f6schrucks\u00e4cke, Pumpen oder Drohnen ist bislang nicht fl\u00e4chendeckend vorhanden, auch bei Ausbildung und Schutzausr\u00fcstung besteht Nachholbedarf. <\/p>\n<p> Berufsfeuerwehren, hauptamtliche Kr\u00e4fte und Freiwillige Feuerwehren d\u00fcrfen dabei nicht gegeneinander ausgespielt werden. Gerade in l\u00e4ndlichen Regionen sind Freiwillige Feuerwehren unverzichtbar und ben\u00f6tigen bei lang andauernden Lagen entsprechende Ausstattung und Abl\u00f6sekonzepte. Auch die Landwirtschaft leistet mit Wasser und Maschinen wichtige Unterst\u00fctzung &#8211; diese Zusammenarbeit sollte k\u00fcnftig besser vorbereitet werden. <\/p>\n<p> Nicht jedes Waldgebiet l\u00e4sst sich zudem gleich bek\u00e4mpfen: Schwer zug\u00e4ngliches Gel\u00e4nde, fehlendes L\u00f6schwasser oder munitionsbelastete Fl\u00e4chen erfordern vorbereitete, gebietsspezifische Konzepte. <\/p>\n<p> Die dfeug fordert ein fl\u00e4chendeckendes Gesamtkonzept f\u00fcr NRW: bedarfsgerechte Ausstattung, verbindliche Waldbrandmodule, verpflichtende Aus- und Fortbildung, geeignete Schutzausr\u00fcstung, belastbare Personal- und Logistikkonzepte, gest\u00e4rkte Freiwillige Feuerwehren sowie strukturierte Zusammenarbeit mit Landwirtschaft und Forst. <\/p>\n<p> &#8222;Unsere Einsatzkr\u00e4fte stehen bereit, wenn die Bev\u00f6lkerung sie braucht&#8220;, erkl\u00e4rt Ren\u00e9 Hill, stellvertretender Landesvorsitzender NRW der dfeug. &#8222;Klimaver\u00e4nderungen zeigen: Waldbrandbek\u00e4mpfung muss dauerhaft einen h\u00f6heren Stellenwert bekommen. Unsere Aufgabe ist es jetzt, den Einsatzkr\u00e4ften daf\u00fcr Ausbildung, Technik und Strukturen zur Verf\u00fcgung zu stellen.&#8220; <\/p>\n<p>\u00dcber die dfeug<\/p>\n<p>Die Deutsche Feuerwehr Gewerkschaft (dfeug) ist die Interessenvertretung der Einsatzkr\u00e4fte bei Feuerwehren, im Rettungsdienst und in Leitstellen Deutschlands. Sie setzt sich seit 15 Jahren u.a. f\u00fcr faire Arbeitsbedingungen, angemessene Verg\u00fctung und die Verbesserung des Arbeits- und Gesundheitsschutzes ihrer Mitglieder ein.<\/p>\n<p class=\"contact-headline\">Pressekontakt:<\/p>\n<p class=\"contact-text\">Marie Nitschmann<br \/><a href=\"https:\/\/www.presseportal.de\/pm\/173214\/mailto:presse@dfeug.de\" class=\"uri-mailto\" rel=\"nofollow noopener\" target=\"_blank\">presse@dfeug.de<\/a><\/p>\n<p class=\"originator\">Original-Content von: Deutsche Feuerwehr-Gewerkschaft (DFeuG), \u00fcbermittelt durch news aktuell<\/p>\n","protected":false},"excerpt":{"rendered":"17.08.2026 \u2013 11:02 Deutsche Feuerwehr-Gewerkschaft (DFeuG) Solingen (ots) Deutsche Feuerwehr-Gewerkschaft fordert konsequente Weiterentwicklung von Ausstattung, Ausbildung, Personal und&hellip;\n","protected":false},"author":2,"featured_media":1184682,"comment_status":"","ping_status":"","sticky":false,"template":"","format":"standard","meta":{"footnotes":"","_share_on_mastodon":"0"},"categories":[1840],"tags":[98688,3364,29,985,30,2526,7335,1209,178,180,179,181,383,257497,4418],"class_list":["post-1242238","post","type-post","status-publish","format-standard","has-post-thumbnail","category-wuppertal","tag-waldbrnde","tag-de","tag-deutschland","tag-feuerwehr","tag-germany","tag-gewerkschaften","tag-katastrophe","tag-nordrhein-westfalen","tag-presse","tag-pressemeldung","tag-pressemitteilung","tag-pressemitteilungen","tag-umwelt","tag-waldbrandbekmpfung","tag-wuppertal"],"share_on_mastodon":{"url":"https:\/\/pubeurope.com\/@de\/117110055089944545","error":""},"_links":{"self":[{"href":"https:\/\/www.europesays.com\/de\/wp-json\/wp\/v2\/posts\/1242238","targetHints":{"allow":["GET"]}}],"collection":[{"href":"https:\/\/www.europesays.com\/de\/wp-json\/wp\/v2\/posts"}],"about":[{"href":"https:\/\/www.europesays.com\/de\/wp-json\/wp\/v2\/types\/post"}],"author":[{"embeddable":true,"href":"https:\/\/www.europesays.com\/de\/wp-json\/wp\/v2\/users\/2"}],"replies":[{"embeddable":true,"href":"https:\/\/www.europesays.com\/de\/wp-json\/wp\/v2\/comments?post=1242238"}],"version-history":[{"count":0,"href":"https:\/\/www.europesays.com\/de\/wp-json\/wp\/v2\/posts\/1242238\/revisions"}],"wp:featuredmedia":[{"embeddable":true,"href":"https:\/\/www.europesays.com\/de\/wp-json\/wp\/v2\/media\/1184682"}],"wp:attachment":[{"href":"https:\/\/www.europesays.com\/de\/wp-json\/wp\/v2\/media?parent=1242238"}],"wp:term":[{"taxonomy":"category","embeddable":true,"href":"https:\/\/www.europesays.com\/de\/wp-json\/wp\/v2\/categories?post=1242238"},{"taxonomy":"post_tag","embeddable":true,"href":"https:\/\/www.europesays.com\/de\/wp-json\/wp\/v2\/tags?post=1242238"}],"curies":[{"name":"wp","href":"https:\/\/api.w.org\/{rel}","templated":true}]}}