{"id":1242319,"date":"2026-08-17T09:53:17","date_gmt":"2026-08-17T09:53:17","guid":{"rendered":"https:\/\/www.europesays.com\/de\/1242319\/"},"modified":"2026-08-17T09:53:17","modified_gmt":"2026-08-17T09:53:17","slug":"braende-drei-autos-in-hamburg-osdorf-in-flammen-panorama","status":"publish","type":"post","link":"https:\/\/www.europesays.com\/de\/1242319\/","title":{"rendered":"Br\u00e4nde &#8211; Drei Autos in Hamburg-Osdorf in Flammen &#8211; Panorama"},"content":{"rendered":"<p data-manual=\"paragraph\" data-schema-org-speakable=\"true\" class=\"css-1eosz7k\"><a href=\"https:\/\/www.sueddeutsche.de\/thema\/Hamburg\" rel=\"nofollow noopener\" target=\"_blank\">Hamburg<\/a> (dpa\/lno) &#8211; Drei geparkte Autos sind im Hamburger Stadtteil Osdorf in Brand geraten. Menschen wurden in der Nacht zum Montag nicht verletzt, wie die Feuerwehr mitteilte.<\/p>\n<p data-manual=\"paragraph\" data-schema-org-speakable=\"true\" class=\"css-1eosz7k\">Die Einsatzkr\u00e4fte wurden gegen 23.50 Uhr in die Stra\u00dfe Kroonhorst gerufen. Dort h\u00e4tten drei Fahrzeuge gebrannt. Die Feuerwehr habe die Flammen innerhalb von etwa einer halben Stunde gel\u00f6scht. Zur Ursache des Feuers und zur H\u00f6he des Schadens machte die Feuerwehr zun\u00e4chst keine Angaben. Die Polizei untersucht den Vorfall.<\/p>\n<p data-manual=\"paragraph\" data-schema-org-speakable=\"true\" class=\"css-1eosz7k\">\u00a9 dpa-infocom, dpa:260817-930-540480\/1<\/p>\n","protected":false},"excerpt":{"rendered":"Hamburg (dpa\/lno) &#8211; Drei geparkte Autos sind im Hamburger Stadtteil Osdorf in Brand geraten. Menschen wurden in der&hellip;\n","protected":false},"author":2,"featured_media":1242320,"comment_status":"","ping_status":"","sticky":false,"template":"","format":"standard","meta":{"footnotes":"","_share_on_mastodon":"0"},"categories":[1826],"tags":[986,29,987,30,692,257510,1974,149],"class_list":["post-1242319","post","type-post","status-publish","format-standard","has-post-thumbnail","category-hamburg","tag-braende","tag-deutschland","tag-feuer","tag-germany","tag-hamburg","tag-kroonhorst","tag-panorama","tag-sueddeutsche-zeitung"],"share_on_mastodon":{"url":"","error":""},"_links":{"self":[{"href":"https:\/\/www.europesays.com\/de\/wp-json\/wp\/v2\/posts\/1242319","targetHints":{"allow":["GET"]}}],"collection":[{"href":"https:\/\/www.europesays.com\/de\/wp-json\/wp\/v2\/posts"}],"about":[{"href":"https:\/\/www.europesays.com\/de\/wp-json\/wp\/v2\/types\/post"}],"author":[{"embeddable":true,"href":"https:\/\/www.europesays.com\/de\/wp-json\/wp\/v2\/users\/2"}],"replies":[{"embeddable":true,"href":"https:\/\/www.europesays.com\/de\/wp-json\/wp\/v2\/comments?post=1242319"}],"version-history":[{"count":0,"href":"https:\/\/www.europesays.com\/de\/wp-json\/wp\/v2\/posts\/1242319\/revisions"}],"wp:featuredmedia":[{"embeddable":true,"href":"https:\/\/www.europesays.com\/de\/wp-json\/wp\/v2\/media\/1242320"}],"wp:attachment":[{"href":"https:\/\/www.europesays.com\/de\/wp-json\/wp\/v2\/media?parent=1242319"}],"wp:term":[{"taxonomy":"category","embeddable":true,"href":"https:\/\/www.europesays.com\/de\/wp-json\/wp\/v2\/categories?post=1242319"},{"taxonomy":"post_tag","embeddable":true,"href":"https:\/\/www.europesays.com\/de\/wp-json\/wp\/v2\/tags?post=1242319"}],"curies":[{"name":"wp","href":"https:\/\/api.w.org\/{rel}","templated":true}]}}