{"id":1242347,"date":"2026-08-17T10:08:18","date_gmt":"2026-08-17T10:08:18","guid":{"rendered":"https:\/\/www.europesays.com\/de\/1242347\/"},"modified":"2026-08-17T10:08:18","modified_gmt":"2026-08-17T10:08:18","slug":"laura-wontorra-im-steckbrief-so-lebt-die-moderatorin-privat-unterhaltung","status":"publish","type":"post","link":"https:\/\/www.europesays.com\/de\/1242347\/","title":{"rendered":"Laura Wontorra im Steckbrief: So lebt die Moderatorin privat | Unterhaltung"},"content":{"rendered":"<p><a class=\"skip-content skip-content--link\" href=\"#in-content-skip-link-target-v-0-0\">TTS-Player \u00fcberspringen\u21b5<\/a><a id=\"in-content-skip-link-target-v-0-0\" class=\"skip-content--target-link-hidden skip-content skip-content--target-link\" href=\"#in-content-skip-link-target-v-0-0\">Artikel weiterlesen<\/a><\/p>\n<p data-32581ace=\"0-4146\"><b>Laura Wontorra ist vor allem bekannt aus Sportsendungen, steht aber auch f\u00fcr Unterhaltungsshows vor der Kamera. So moderiert sie nicht nur als Fu\u00dfballexpertin bei RTL oder DAZN, sondern f\u00fchrt unter anderem auch durch beliebte TV-Formate wie \u201eGrill den Henssler\u201c. <\/b><\/p>\n<p data-32581ace=\"0-4146\">Wie tickt die Moderatorin hinter den Kulissen? Alle Infos rund um Laura Wontorras Karriereweg und ihr Privatleben lesen Sie hier.<\/p>\n<p>Steckbrief<\/p>\n<p><b>Name: <\/b>Laura Wontorra<\/p>\n<p><b>Geburtstag und Geburtsort: <\/b>26. Februar 1989 <a href=\"https:\/\/www.bild.de\/leben-wissen\/horoskop\/sternzeichen-fische-typische-eigenschaften-des-vertraeumten-zeichens-62c570b3495dd125a6507434\" class=\"text-link\" rel=\"nofollow noopener\" target=\"_blank\">(Sternzeichen Fische)<\/a>, Bremen<\/p>\n<p><b>Beruf: <\/b>Moderatorin<\/p>\n<p><b>Beziehungsstatus: <\/b>In einer Beziehung<\/p>\n<p><b>Instagram:<\/b> <a href=\"https:\/\/www.instagram.com\/laurawontorra\/?hl=de\" target=\"_blank\" rel=\"nofollow noopener\" class=\"text-link\">@laurawontorra<\/a><\/p>\n<p>Werdegang von Laura Wontorra<\/p>\n<p data-32581ace=\"0-4146\">Laura Ariane Christel Wontorra erblickte am 26. Februar 1989 in Bremen das Licht der Welt. Sie ist die Tochter des beliebten Sportmoderators J\u00f6rg Wontorra und der Redakteurin Ariane Wontorra. Schon in jungen Jahren entfachte ihr Vater ihre Leidenschaft f\u00fcr <a href=\"https:\/\/www.bild.de\/sport\/fussball\/fussball\/home-15769054.bild.html\" class=\"text-link\" rel=\"nofollow noopener\" target=\"_blank\">Fu\u00dfball<\/a> und <a href=\"https:\/\/www.bild.de\/sport\/startseite\/sport\/sport-home-15479124.bild.html\" class=\"text-link\" rel=\"nofollow noopener\" target=\"_blank\">Sport<\/a>.<\/p>\n<p data-32581ace=\"0-4146\">Nach einem Jahr in England kehrte Wontorra zur\u00fcck, um in Deutschland ihr Abitur zu absolvieren. 2008 machte sie ein Praktikum bei den Olympischen Spielen in Peking.<\/p>\n<p data-32581ace=\"0-4146\">Von 2008 bis 2011 widmete sie sich dem Studium des Medienmanagements an der renommierten Macromedia Hochschule f\u00fcr Medien und Kommunikation in K\u00f6ln, wobei sie ihren Fokus auf PR und Kommunikation legte. W\u00e4hrenddessen absolvierte sie verschiedene Praktika, darunter in der Fernsehredaktion von Johannes B. Kerner, in der Presseabteilung des 1. FC K\u00f6ln und in der Wirtschaftskommunikation bei BMW.<\/p>\n<p>Moderationen von Laura Wontorra<\/p>\n<p data-32581ace=\"0-4146\">Ein Volontariat in der Fu\u00dfballredaktion von Sky war der TV-Einstieg f\u00fcr Wontorra, gefolgt von einer eineinhalbj\u00e4hrigen Ausbildung zur Filmemacherin und Feldreporterin. <\/p>\n<p><img decoding=\"async\" width=\"992\" height=\"558\" alt=\"Laura Wontorra moderiert f\u00fcr DAZN bei Spielen der Champions League und der 1. Bundesliga\" loading=\"lazy\" src=\"https:\/\/www.europesays.com\/de\/wp-content\/uploads\/2026\/08\/44bbea8d9c3cc14275e0045541c119c8,ea8f8c7a.jpeg\"   class=\"landscape\"\/><\/p>\n<p class=\"fig__caption__text\">Laura Wontorra moderiert f\u00fcr DAZN bei Spielen der Champions League und der 1. Bundesliga <\/p>\n<p>Foto: WITTERS<\/p>\n<p data-32581ace=\"0-4146\">Nach dem Volontariat wechselte sie zu Sport1, wo sie 2016 durch das Meinungsforschungsinstitut mafo.de zur \u201ehei\u00dfesten Sportmoderatorin Deutschlands\u201c gek\u00fcrt wurde. Sp\u00e4ter zog es sie zur <a href=\"https:\/\/www.bild.de\/themen\/organisationen\/rtl\/groesster-privatsender-in-deutschland-19409690.bild.html\" class=\"text-link\" rel=\"nofollow noopener\" target=\"_blank\">RTL<\/a> Group. Dort war sie ab der Bundesliga-Saison 2017\/18 als Reporterin t\u00e4tig. Bei RTL Nitro moderierte sie die Montagsshow der <a href=\"https:\/\/www.bild.de\/sport\/fussball\/bundesliga\/bundesliga-startseite-52368768.bild.html\" class=\"text-link\" rel=\"nofollow noopener\" target=\"_blank\">Fu\u00dfball-Bundesliga<\/a>. Au\u00dferdem geh\u00f6rt sie seit 2021\/22 zum Team von DAZN. Seit August 2026 ist bekannt, dass <a href=\"https:\/\/www.bild.de\/sport\/fussball\/sie-wechselt-sofort-den-sender-tv-knaller-um-laura-wontorra-6a7c9fe1c99104ecb401af2c\" class=\"text-link\" rel=\"nofollow noopener\" target=\"_blank\">Laura Wontorra komplett zur RTL-Gruppe wechselt<\/a> und k\u00fcnftig f\u00fcr RTL und Sky arbeitet.<\/p>\n<p data-32581ace=\"0-4146\">Doch Laura Wontorra ist nicht nur Fu\u00dfballmoderatorin. Seit 2020 f\u00fchrt sie durch die VOX-Kochshow \u201e<a href=\"https:\/\/www.bild.de\/unterhaltung\/tv-fernsehformate\/grill-den-henssler-calvin-kleinen-simst-mit-cathy-hummels-68d9057b0ce4b25e2dca2a35\" class=\"text-link\" rel=\"nofollow noopener\" target=\"_blank\">Grill den Henssler<\/a>\u201c. Im M\u00e4rz 2026 feierte sie dort bereits ihre 100. Sendung. Seit 2023 moderiert sie au\u00dferdem \u201eDeutschland sucht den Superstar\u201c und pr\u00e4sentierte auch die Staffel 2026. Von \u201e<a href=\"https:\/\/www.bild.de\/themen\/specials\/ninja-warrior-germany-alle-news-und-infos-TUstdLCQjYhoYXW8agKZ\" class=\"text-link\" rel=\"nofollow noopener\" target=\"_blank\">Ninja Warrior German<\/a>y\u201c hat sie sich dagegen nach zehn Jahren verabschiedet. <\/p>\n<p data-32581ace=\"0-4146\">Auch neue Unterhaltungsshows stehen an: Im September 2026 geh\u00f6rt Laura Wontorra gemeinsam mit Frank Buschmann und Jan K\u00f6ppen zum Moderationsteam der neuen RTL-Show \u201eGladiators\u201c.<\/p>\n<p>Privatleben von Laura Wontorra<\/p>\n<p data-32581ace=\"0-4146\">Die Leidenschaft f\u00fcr den Sport zieht sich nicht nur durch ihre berufliche Laufbahn. Eine Sportart hat es Wontorra besonders angetan: Golf ist ihre Leidenschaft, wann immer es die Zeit erlaubt.<\/p>\n<p><img decoding=\"async\" width=\"992\" height=\"558\" alt=\"Laura Wontorra mit ihrem Vater Joerg Wontorra und Bruder Marcel\" loading=\"lazy\" src=\"https:\/\/www.europesays.com\/de\/wp-content\/uploads\/2026\/08\/78d8931a90a39b642042fb71c1c3be65,f879d5aa.jpeg\"   class=\"landscape\"\/><\/p>\n<p class=\"fig__caption__text\">Laura Wontorra mit ihrem Vater J\u00f6rg Wontorra und ihrem Bruder Marcel<\/p>\n<p>Foto: Getty Images<\/p>\n<p data-32581ace=\"0-4146\">Auch im Liebesleben kam sie nicht um den Sport herum: 2015 bekam Wontorra von ihrem damaligen Partner und Fu\u00dfballer Simon Zoller einen Heiratsantrag auf den Malediven. Am 12. November 2016 heirateten die beiden in K\u00f6ln. Nach f\u00fcnf Jahren Ehe wollten sie eine kirchliche Hochzeit nachholen. Es gab die Idee, den 30. Geburtstag von Simon mit der Feier zu kombinieren. Doch der Gedanke an die zweite Hochzeit verflog, das Paar lebte sich letzten Endes auseinander. Mit der Trennung im November 2022 entschied sich Laura, den Doppelnamen Wontorra-Zoller abzulegen. <\/p>\n<p data-32581ace=\"0-4146\">Seit der Trennung lebte Laura Wontorra mehrere Jahre als \u201ealleinerziehende Hundemama\u201c. Hund Milo hat sie aus dem rum\u00e4nischen Tierschutz geholt, als sie noch mit Zoller verheiratet war. <\/p>\n<p><img decoding=\"async\" width=\"992\" height=\"1178\" alt=\"F\u00fcr Laura Wontorra ist ihr Hund Milo das Gr\u00f6\u00dfte\" loading=\"lazy\" src=\"https:\/\/www.europesays.com\/de\/wp-content\/uploads\/2026\/08\/9f38695d5f7a1feca701b966089c3453,87f126e9.jpeg\"   class=\"portrait\"\/><\/p>\n<p class=\"fig__caption__text\"> Laura Wontorra und ihr Hund Milo<\/p>\n<p>Foto: Christian Spreitz<\/p>\n<p data-32581ace=\"0-4146\">Mittlerweile schwebt die Moderatorin wieder auf Wolke 7: Im Sommer 2026 best\u00e4tigte <a href=\"https:\/\/www.bild.de\/sport\/fussball\/mein-heisser-freund-laura-wontorra-bestaetigt-ihre-neue-beziehung-6a5f693f668d28f8978b19a2\" class=\"text-link\" rel=\"nofollow noopener\" target=\"_blank\">Wontorra die Beziehung zu Moderator Riccardo Basile.<\/a> Das Paar gew\u00e4hrt \u00fcber Instagram regelm\u00e4\u00dfig Einblicke in gemeinsame Reisen und private Alltagsmomente. <\/p>\n<p>Moderationen von Laura Wontorra (Auswahl)<\/p>\n<ul class=\"unordered-list\">\n<li>2016 bis 2026: \u201eNinja Warrior Germany \u2013 Die st\u00e4rkste Show Deutschlands\u201c <\/li>\n<li>seit 2020: \u201eGrill den Henssler\u201c<\/li>\n<li>2020: \u201ePocher vs. Influencer\u201c<\/li>\n<li>2021: \u201eTop Dog Germany \u2013 Der beste Hund Deutschlands\u201c<\/li>\n<li>2024: \u201eRTL Turmspringen\u201c<\/li>\n<li>2024: \u201eDrei gegen Einen\u201c<\/li>\n<li>2024: \u201eDER CLARK FINAL FIGHT \u2013 Stefan Raab gegen Regina Halmich\u201c<\/li>\n<li>2026: \u201eGladiators\u201c<\/li>\n<\/ul>\n<p><script async src=\"\/\/www.instagram.com\/embed.js\"><\/script><\/p>\n","protected":false},"excerpt":{"rendered":"TTS-Player \u00fcberspringen\u21b5Artikel weiterlesen Laura Wontorra ist vor allem bekannt aus Sportsendungen, steht aber auch f\u00fcr Unterhaltungsshows vor der&hellip;\n","protected":false},"author":2,"featured_media":1242348,"comment_status":"","ping_status":"","sticky":false,"template":"","format":"standard","meta":{"footnotes":"","_share_on_mastodon":"0"},"categories":[155],"tags":[1931,29,214,30,20706,110178,6686,640,2286,56695,215,69850],"class_list":["post-1242347","post","type-post","status-publish","format-standard","has-post-thumbnail","category-unterhaltung","tag-dazn","tag-deutschland","tag-entertainment","tag-germany","tag-moderatorin","tag-ninja-warrior-germany","tag-personen-steckbrief","tag-rtl","tag-seo-nicht-benutzen","tag-seo-optimierung-werkstudenten","tag-unterhaltung","tag-wontorra-laura"],"share_on_mastodon":{"url":"https:\/\/pubeurope.com\/@de\/117110304970752308","error":""},"_links":{"self":[{"href":"https:\/\/www.europesays.com\/de\/wp-json\/wp\/v2\/posts\/1242347","targetHints":{"allow":["GET"]}}],"collection":[{"href":"https:\/\/www.europesays.com\/de\/wp-json\/wp\/v2\/posts"}],"about":[{"href":"https:\/\/www.europesays.com\/de\/wp-json\/wp\/v2\/types\/post"}],"author":[{"embeddable":true,"href":"https:\/\/www.europesays.com\/de\/wp-json\/wp\/v2\/users\/2"}],"replies":[{"embeddable":true,"href":"https:\/\/www.europesays.com\/de\/wp-json\/wp\/v2\/comments?post=1242347"}],"version-history":[{"count":0,"href":"https:\/\/www.europesays.com\/de\/wp-json\/wp\/v2\/posts\/1242347\/revisions"}],"wp:featuredmedia":[{"embeddable":true,"href":"https:\/\/www.europesays.com\/de\/wp-json\/wp\/v2\/media\/1242348"}],"wp:attachment":[{"href":"https:\/\/www.europesays.com\/de\/wp-json\/wp\/v2\/media?parent=1242347"}],"wp:term":[{"taxonomy":"category","embeddable":true,"href":"https:\/\/www.europesays.com\/de\/wp-json\/wp\/v2\/categories?post=1242347"},{"taxonomy":"post_tag","embeddable":true,"href":"https:\/\/www.europesays.com\/de\/wp-json\/wp\/v2\/tags?post=1242347"}],"curies":[{"name":"wp","href":"https:\/\/api.w.org\/{rel}","templated":true}]}}