{"id":1242383,"date":"2026-08-17T10:31:44","date_gmt":"2026-08-17T10:31:44","guid":{"rendered":"https:\/\/www.europesays.com\/de\/1242383\/"},"modified":"2026-08-17T10:31:44","modified_gmt":"2026-08-17T10:31:44","slug":"service-de-c-1995-2026-ruhr-concept-kg-das-presseportal-fuer-die-erfolgreiche-pressearbeit-von-staedten-kreisen-verbaenden-verlagen-parteien-unternehmen-medienbueros-hotelketten-etc-70","status":"publish","type":"post","link":"https:\/\/www.europesays.com\/de\/1242383\/","title":{"rendered":"service.de &#8211; (c) 1995-2026 ruhr-concept KG, das Presseportal f\u00fcr die erfolgreiche Pressearbeit von St\u00e4dten, Kreisen, Verb\u00e4nden, Verlagen, Parteien, Unternehmen, Medienb\u00fcros, Hotelketten etc."},"content":{"rendered":"<p>            &#13;<br \/>\n                Alle Meldungen:<\/p>\n<p>  &#13;<br \/>\n17.08.2026 &#8211; <a href=\"https:\/\/www.presse-service.de\/public\/Default.aspx?p=925\" rel=\"nofollow noopener\" target=\"_blank\">Stadt Braunschweig<\/a>&#13;<\/p>\n<p>  &#13;<br \/>\nPolizei informiert: Sicher Radfahren mit Kindern&#13;<\/p>\n<p class=\"ins_r\">&#13;<br \/>\n      <img decoding=\"async\" class=\"news_list_single_image\" src=\"https:\/\/www.europesays.com\/de\/wp-content\/uploads\/2025\/05\/logo_braunschweig.jpg\" alt=\"\u00a9 \"\/>&#13;<br \/>\nDie Polizei Braunschweig informiert am Montag, 24. August, von 17 bis 18 Uhr im Nachhaltigkeitszentrum, Bohlweg 55, rund um das Thema &#8222;Sicherer Fahrradalltag mit Kindern&#8220;. Neben den verschiedenen Transportm\u00f6glichkeiten geht es auch darum, wie Kinder Schritt f\u00fcr Schritt an das eigenst\u00e4ndige Fahrradfahren im Stra\u00dfenverkehr herangef\u00fchrt werden k\u00f6nnen. Die Teilnehmenden erhalten hilfreiche Tipps und haben Gelegenheit, individuelle Fragen an die Polizei zu stellen. Die Initiative &#8222;Stadt f\u00fcr alle&#8220; bietet parallel eine Kinderbetreuung mit einem&#8230;&#13;\n  <\/p>\n<p> &#13;<br \/>\n      <a href=\"https:\/\/www.presse-service.de\/public\/Single.aspx?iid=1223609\" rel=\"nofollow noopener\" target=\"_blank\">mehr lesen&#8230;<\/a>  <\/p>\n<p>  &#13;<br \/>\n17.08.2026 &#8211; <a href=\"https:\/\/www.presse-service.de\/public\/Default.aspx?p=377\" rel=\"nofollow noopener\" target=\"_blank\">Stadt Lippstadt<\/a>&#13;<\/p>\n<p>  &#13;<br \/>\nLippstadt, die Wasserreiche&#13;<br \/>\n\u00d6ffentliche F\u00fchrung am 27. August&#13;<\/p>\n<p class=\"ins_r\">&#13;<br \/>\n      <img decoding=\"async\" class=\"news_list_single_image\" src=\"https:\/\/www.europesays.com\/de\/wp-content\/uploads\/2026\/08\/201536V.jpg\" alt=\"\u00a9 \"\/>&#13;<br \/>\nEntlang der idyllischen Wasserl\u00e4ufe der Lippe f\u00fchrt die F\u00fchrung vom Stadtpark Gr\u00fcner Winkel bis hin zum Kanuzentrum. Hier erf\u00e4hrt die Gruppe, wie die weitl\u00e4ufigen Flussarme das Leben der Stadt seit \u00fcber 840 Jahren in wirtschaftlicher, historischer und sportlicher Hinsicht beeinflussen.&#13;<br \/>\nDie Stadtf\u00fchrung dauert ca. 90 Minuten. Der Kostenbeitrag betr\u00e4gt 8,00 Euro f\u00fcr Erwachsene, erm\u00e4\u00dfigt 4,00 Euro f\u00fcr G\u00e4stekarteninhaber, Sch\u00fcler und Studenten. Treffpunkt ist am Donnerstag, dem 27. August 2026 um 19.00 Uhr am Rathaus. Da die Teilnehmerzahl&#8230;&#13;\n  <\/p>\n<p> &#13;<br \/>\n      <a href=\"https:\/\/www.presse-service.de\/public\/Single.aspx?iid=1223970\" rel=\"nofollow noopener\" target=\"_blank\">mehr lesen&#8230;<\/a>  <\/p>\n<p>  &#13;<br \/>\n17.08.2026 &#8211; <a href=\"https:\/\/www.presse-service.de\/public\/Default.aspx?p=405\" rel=\"nofollow noopener\" target=\"_blank\">Landkreis Leer<\/a>&#13;<\/p>\n<p>  &#13;<br \/>\nAbschnittsweise Vollsperrung der Kreisstra\u00dfe 71 in Hatshausen&#13;<br \/>\nBauarbeiten beginnen voraussichtlich am 24. August und dauern bis 27. November an&#13;<\/p>\n<p class=\"ins_r\">&#13;<br \/>\n      <img decoding=\"async\" class=\"news_list_single_image\" src=\"https:\/\/www.europesays.com\/de\/wp-content\/uploads\/2025\/04\/1744984470_905_logo.png\" alt=\"\u00a9 \"\/>&#13;<br \/>\nWegen einer Fahrbahnsanierung muss die Kreisstra\u00dfe 71, Hoher Weg, in Hatshausen von der Timmeler Stra\u00dfe (Landesstra\u00dfe 14) bis H\u00f6he Hatshauser Stra\u00dfe (Kreisstra\u00dfe 70) voraussichtlich vom 24. August bis 27. November 2026 f\u00fcr den Fahrzeugverkehr abschnittsweise vollgesperrt werden.&#13;<br \/>\nEine Umleitung wird ausgeschildert. &#13;<br \/>\n &#13;<br \/>\n Das Stra\u00dfen- und Tiefbauamt l\u00e4sst auf einer Gesamtl\u00e4nge von rund 2,6 Kilometern in Teilfl\u00e4chen schadhafte Betonplatten ausbauen, den Unterbau neu profilieren und neu in Betonbauweise wieder herstellen. Die Auftragssumme bel\u00e4uft&#8230;&#13;\n  <\/p>\n<p> &#13;<br \/>\n      <a href=\"https:\/\/www.presse-service.de\/public\/Single.aspx?iid=1224476\" rel=\"nofollow noopener\" target=\"_blank\">mehr lesen&#8230;<\/a>  <\/p>\n<p>  &#13;<br \/>\n17.08.2026 &#8211; <a href=\"https:\/\/www.presse-service.de\/public\/Default.aspx?p=116\" rel=\"nofollow noopener\" target=\"_blank\">Stadt Hanau<\/a>&#13;<\/p>\n<p>  &#13;<br \/>\n60 Jahre Hanauer Parkhaus GmbH: 60 Fakten zum Jubil\u00e4um&#13;<\/p>\n<p class=\"ins_r\">&#13;<br \/>\n      <img decoding=\"async\" class=\"news_list_single_image\" src=\"https:\/\/www.europesays.com\/de\/wp-content\/uploads\/2026\/08\/325100V.jpg\" alt=\"\u00a9 Medienzentrum Hanau \u2013 Bildarchiv\"\/>&#13;<br \/>\nSeit 60 Jahren organisiert die Hanauer Parkhaus GmbH (HPG) den Parkraum in Hanau und hat sich dabei stetig weiterentwickelt. Was 1966 mit der Tiefgarage Am Markt begann, umfasst heute rund 3.300 Parkpl\u00e4tze. Zum 60-j\u00e4hrigen Jubil\u00e4um gibt es nun 60 Fakten zur Hanauer Parkhaus GmbH. &#13;\n  <\/p>\n<p> &#13;<br \/>\n      <a href=\"https:\/\/www.presse-service.de\/public\/Single.aspx?iid=1224439\" rel=\"nofollow noopener\" target=\"_blank\">mehr lesen&#8230;<\/a>  <\/p>\n<p>  &#13;<br \/>\n17.08.2026 &#8211; <a href=\"https:\/\/www.presse-service.de\/public\/Default.aspx?p=1570\" rel=\"nofollow noopener\" target=\"_blank\">Stadt Ahaus<\/a>&#13;<\/p>\n<p>  &#13;<br \/>\nFotowettbewerb \u2013 Ahaus zeichnet die sch\u00f6nsten Vorg\u00e4rten 2026 aus&#13;<br \/>\nBunt und voller Leben&#13;<\/p>\n<p class=\"ins_r\">&#13;<br \/>\n      <img decoding=\"async\" class=\"news_list_single_image\" src=\"https:\/\/www.europesays.com\/de\/wp-content\/uploads\/2026\/08\/324918V.jpg\" alt=\"\u00a9 Stadt Ahaus - Alexander Eing\"\/>&#13;<br \/>\nAuf der Suche nach h\u00fcbschen und ebenso insektenfreundlichen Vorgartengestaltungen hatte die Stadt Ahaus Vorgartenbesitzer*innen im Mai dazu aufgerufen, Fotos ihrer Schmuckst\u00fccke an die Stabsstelle Klimaschutz zu senden. Daraufhin gingen viele Beitr\u00e4ge aus Ahaus und den Ortsteilen ein. Die Jury tagte am 22. Juli und hat aus den Einsendungen die f\u00fcnf sch\u00f6nsten Vorg\u00e4rten ausgew\u00e4hlt.&#13;<br \/>\nDie Bewertungskriterien:&#13;<br \/>\n&#13;<br \/>\nAllgemeiner und funktionaler Gesamteindruck&#13;<br \/>\nVielseitigkeit und Artenreichtum&#13;<br \/>\nStandortgerechte Pflanzenverwendung&#13;<br \/>\n&#13;<br \/>\n\u00dcber einen&#8230;&#13;\n  <\/p>\n<p> &#13;<br \/>\n      <a href=\"https:\/\/www.presse-service.de\/public\/Single.aspx?iid=1224230\" rel=\"nofollow noopener\" target=\"_blank\">mehr lesen&#8230;<\/a>  <\/p>\n<p>  &#13;<br \/>\n17.08.2026 &#8211; <a href=\"https:\/\/www.presse-service.de\/public\/Default.aspx?p=925\" rel=\"nofollow noopener\" target=\"_blank\">Stadt Braunschweig<\/a>&#13;<\/p>\n<p>  &#13;<br \/>\nDrei literarische Spazierg\u00e4nge am kommenden Sonntag&#13;<\/p>\n<p class=\"ins_r\">&#13;<br \/>\n      <img decoding=\"async\" class=\"news_list_single_image\" src=\"https:\/\/www.europesays.com\/de\/wp-content\/uploads\/2025\/05\/logo_braunschweig.jpg\" alt=\"\u00a9 \"\/>&#13;<br \/>\nKathrin Reinhardt f\u00fchrt am Sonntag, 23. August, um 12 Uhr, auf ihrem neuen Spaziergang &#8222;Alles im Fluss oder lassen Sie uns vom Wasser sprechen&#8220; entlang der Oker zwischen Geschichten, Gedichten und neuen Perspektiven. Treffpunkt ist die Solarkatze im Theaterpark.&#13;<br \/>\n\u00a0&#13;<br \/>\nRonald Schober verkn\u00fcpft um 16 Uhr mit seinem neuen Spaziergang &#8222;Poesie der B\u00e4ume: Von Bl\u00e4ttern, die die Welt bedeuten&#8220; die literarische Welt mit der Natur. Treffpunkt ist der gro\u00dfe Springbrunnen im Inselwall-Park.&#13;<br \/>\n\u00a0&#13;<br \/>\nUm 17 Uhr l\u00e4dt Ronald Schober Interessierte ein, mehr \u00fcber das&#8230;&#13;\n  <\/p>\n<p> &#13;<br \/>\n      <a href=\"https:\/\/www.presse-service.de\/public\/Single.aspx?iid=1223883\" rel=\"nofollow noopener\" target=\"_blank\">mehr lesen&#8230;<\/a>  <\/p>\n<p>  &#13;<br \/>\n17.08.2026 &#8211; <a href=\"https:\/\/www.presse-service.de\/public\/Default.aspx?p=1032\" rel=\"nofollow noopener\" target=\"_blank\">Kreisstadt Unna<\/a>&#13;<\/p>\n<p>  &#13;<br \/>\nCircus trifft Mensch-Maschine: \u201eSalto Robotale\u201c auf dem Marktplatz&#13;<\/p>\n<p class=\"ins_r\">&#13;<br \/>\n      <img decoding=\"async\" class=\"news_list_single_image\" src=\"https:\/\/www.europesays.com\/de\/wp-content\/uploads\/2026\/08\/325110V.jpg\" alt=\"\u00a9 privat\"\/>&#13;<br \/>\n&#13;<br \/>\n&#13;<br \/>\n&#13;<br \/>\nAm Donnerstag, 20. August, gastiert die moderne Circus-Inszenierung &#8222;Salto Robotale&#8220; auf dem Marktplatz in Unna. Die rund einst\u00fcndige Vorstellung beginnt um 19.30 Uhr und verbindet Artistik mit Elementen des Stra\u00dfentheaters und moderner Technik. Die Veranstaltung ist Teil des Kulturprogramms &#8222;Summertime&#8220; der Kreisstadt Unna, der Eintritt ist frei.&#13;<br \/>\nDie Produktion &#8222;Salto Robotale&#8220; wird als Hommage an die traditionelle Circuswelt beschrieben und beschreitet zugleich neue Wege. Inspiriert von den Formen des Nouveau Cirque und des&#8230;&#13;\n  <\/p>\n<p> &#13;<br \/>\n      <a href=\"https:\/\/www.presse-service.de\/public\/Single.aspx?iid=1224443\" rel=\"nofollow noopener\" target=\"_blank\">mehr lesen&#8230;<\/a>  <\/p>\n<p>  &#13;<br \/>\n17.08.2026 &#8211; <a href=\"https:\/\/www.presse-service.de\/public\/Default.aspx?p=272\" rel=\"nofollow noopener\" target=\"_blank\">Stadt Borken<\/a>&#13;<\/p>\n<p>  &#13;<br \/>\nKooperationsgemeinschaft st\u00e4rkt Ausbildung im Beruf Geomatiker&#13;<\/p>\n<p class=\"ins_r\">&#13;<br \/>\n      <img decoding=\"async\" class=\"news_list_single_image\" src=\"https:\/\/www.europesays.com\/de\/wp-content\/uploads\/2026\/08\/325115V.jpg\" alt=\"\u00a9 Stadt Borken\"\/>&#13;<br \/>\nDie Mitglieder der Kooperationsgemeinschaft zur Ausbildung von Geomatikerinnen und Geomatikern kamen vor Kurzem im Rathaus der Stadt Borken zu einem gemeinsamen Austausch zusammen. Die Ausbildungskooperation besteht seit vielen Jahren und es war bereits das 11. Treffen. Ziel der Zusammenarbeit ist es, die Ausbildung in dem zukunftsorientierten Beruf weiter zu st\u00e4rken und den Auszubildenden vielf\u00e4ltige Einblicke in die Praxis zu erm\u00f6glichen. Mitwirkende Ausbildungsstellen sind die Stadt Borken, der Kreis Borken, die Stadt Bocholt, die EMERGY&#8230;&#13;\n  <\/p>\n<p> &#13;<br \/>\n      <a href=\"https:\/\/www.presse-service.de\/public\/Single.aspx?iid=1224451\" rel=\"nofollow noopener\" target=\"_blank\">mehr lesen&#8230;<\/a>  <\/p>\n<p>  &#13;<br \/>\n17.08.2026 &#8211; <a href=\"https:\/\/www.presse-service.de\/public\/Default.aspx?p=1573\" rel=\"nofollow noopener\" target=\"_blank\">Emschergenossenschaft \/ Lippeverband<\/a>&#13;<\/p>\n<p>  &#13;<br \/>\nLippeverband repariert Kanal in der Hammer Innenstadt&#13;<br \/>\nSchillerstra\u00dfe wird ab 19. August f\u00fcr zirka eine Woche gesperrt&#13;<\/p>\n<p class=\"ins_r\">&#13;<br \/>\n      <img decoding=\"async\" class=\"news_list_single_image\" src=\"https:\/\/www.europesays.com\/de\/wp-content\/uploads\/2026\/06\/225271V.jpg\" alt=\"\u00a9 Kalhh \/ Pixabay \"\/>&#13;<br \/>\nDer Lippeverband repariert ab kommenden Mittwoch einen Kanal in der Schillerstra\u00dfe in der Hammer Innenstadt. Vergangene Woche hatte sich hier eine Fahrbahnsenke gebildet, die wahrscheinlich auf Sch\u00e4den an dem darunterliegenden Mischwasserkanal zur\u00fcckzuf\u00fchren ist. Auf H\u00f6he der Hausnummer 43 muss die Stra\u00dfe daf\u00fcr voraussichtlich bis zum 28. August f\u00fcr den Fahrzeugverkehr vollgesperrt werden. Die Fu\u00df- und Radwege sind von der Sperrung nicht betroffen. Umleitungen \u00fcber die Taubenstra\u00dfe und die Sedanstra\u00dfe werden eingerichtet. Der Lippeverband bittet f\u00fcr etwaige Beeintr\u00e4chtigungen um Verst\u00e4ndnis.&#13;\n  <\/p>\n<p> &#13;<br \/>\n      <a href=\"https:\/\/www.presse-service.de\/public\/Single.aspx?iid=1224458\" rel=\"nofollow noopener\" target=\"_blank\">mehr lesen&#8230;<\/a>  <\/p>\n<p>  &#13;<br \/>\n17.08.2026 &#8211; <a href=\"https:\/\/www.presse-service.de\/public\/Default.aspx?p=1596\" rel=\"nofollow noopener\" target=\"_blank\">Stadt Warstein<\/a>&#13;<\/p>\n<p>  &#13;<br \/>\nSpeisereste im Wald entsorgt \u2013 Stadt Warstein erstattet Anzeige&#13;<br \/>\nGerade von Schweinefleisch geht erhebliche Gefahr aus und f\u00f6rdert die Verbreitung der Afrikanischen Schweinepest&#13;<\/p>\n<p class=\"ins_r\">&#13;<br \/>\n      <img decoding=\"async\" class=\"news_list_single_image\" src=\"https:\/\/www.europesays.com\/de\/wp-content\/uploads\/2026\/08\/325127V.jpg\" alt=\"\u00a9 Henning Dictus\"\/>&#13;<br \/>\nDer Wald ist ein sensibles \u00d6kosystem, das leicht aus dem Gleichgewicht gebracht werden kann. Henning Dictus, stellvertetender Leiter des Sachgebiets Forst, hat jetzt gr\u00f6\u00dfere Mengen Speise- und Fleischreste im Warsteiner Wald gefunden, die dort illegal entsorgt wurden. Er weist deutlich darauf hin, dass von Speiseresten eine konkrete Gefahr ausgeht.  &#13;\n  <\/p>\n<p> &#13;<br \/>\n      <a href=\"https:\/\/www.presse-service.de\/public\/Single.aspx?iid=1224460\" rel=\"nofollow noopener\" target=\"_blank\">mehr lesen&#8230;<\/a>  <\/p>\n<p>  &#13;<br \/>\n17.08.2026 &#8211; <a href=\"https:\/\/www.presse-service.de\/public\/Default.aspx?p=1541\" rel=\"nofollow noopener\" target=\"_blank\">Kreis Recklinghausen<\/a>&#13;<\/p>\n<p>  &#13;<br \/>\nMitmachen beim \u201eTag der offenen Gartenpforte\u201c&#13;<br \/>\nIGA 2027 sucht Privatg\u00e4rten f\u00fcr weiteres Wochenende im September&#13;<\/p>\n<p class=\"ins_r\">&#13;<br \/>\n      <img decoding=\"async\" class=\"news_list_single_image\" src=\"https:\/\/www.europesays.com\/de\/wp-content\/uploads\/2026\/06\/logokreis.jpg\" alt=\"\u00a9 \"\/>&#13;<br \/>\nNach dem erfolgreichen Juni-Wochenende geht die Offene Gartenpforte Ruhrgebiet in die zweite Runde: Am 12. und 13. September 2026 \u00f6ffnen Gartenbesitzerinnen und Gartenbesitzer im gesamten Ruhrgebiet erneut ihre Pforten. Die IGA 2027 l\u00e4dt Gartenfreundinnen und Gartenfreunde aus der Region ein, mit ihrem eigenen Garten dabei zu sein. Anmeldungen f\u00fcr das September-Wochenende sind weiterhin m\u00f6glich.&#13;<br \/>\nMehr als 110 private G\u00e4rten waren bei der Offenen Gartenpforte im Juni dabei. Zwei Tage lang entstanden \u00fcberall im Ruhrgebiet Begegnungen \u00fcber&#8230;&#13;\n  <\/p>\n<p> &#13;<br \/>\n      <a href=\"https:\/\/www.presse-service.de\/public\/Single.aspx?iid=1224482\" rel=\"nofollow noopener\" target=\"_blank\">mehr lesen&#8230;<\/a>  <\/p>\n<p>  &#13;<br \/>\n17.08.2026 &#8211; <a href=\"https:\/\/www.presse-service.de\/public\/Default.aspx?p=116\" rel=\"nofollow noopener\" target=\"_blank\">Stadt Hanau<\/a>&#13;<\/p>\n<p>  &#13;<br \/>\n60 Jahre Hanauer Parkhaus GmbH: Vom gestempelten Parkschein zum schrankenlosen Parken&#13;<br \/>\nGr\u00fcndung am 17. August 1966 \/ Tiefgarage Am Markt als Grundstein \/ Heute rund 4.000 Parkpl\u00e4tze im Stadtgebiet \/ Mehr als zwei Millionen Kurzparker&#13;<\/p>\n<p class=\"ins_r\">&#13;<br \/>\n      <img decoding=\"async\" class=\"news_list_single_image\" src=\"https:\/\/www.europesays.com\/de\/wp-content\/uploads\/2026\/08\/325095V.jpg\" alt=\"\u00a9 Medienzentrum Hanau \u2013 Bildarchiv\"\/>&#13;<br \/>\n\u201eDie Geschichte der Hanauer Parkhaus GmbH zeigt anschaulich, wie sich unsere Stadt und die Mobilit\u00e4t in den vergangenen 60 Jahren ver\u00e4ndert haben. Vom gestempelten Parkschein im Jahr 1966 zum schrankenlosen Parken heute. Von 250 Parkpl\u00e4tzen in der Tiefgarage am Marktpatz zu rund 4.000 Parkpl\u00e4tzen in sechs Parkh\u00e4usern, vier Tiefgaragen und f\u00fcnf \u00f6ffentlichen Parkpl\u00e4tzen, die heute zur HPG geh\u00f6ren\u201c, sagt Stadtr\u00e4tin und HPG-Aufsichtsratsvorsitzende Isabelle Hemsley. &#13;\n  <\/p>\n<p> &#13;<br \/>\n      <a href=\"https:\/\/www.presse-service.de\/public\/Single.aspx?iid=1224438\" rel=\"nofollow noopener\" target=\"_blank\">mehr lesen&#8230;<\/a>  <\/p>\n<p>  &#13;<br \/>\n17.08.2026 &#8211; <a href=\"https:\/\/www.presse-service.de\/public\/Default.aspx?p=116\" rel=\"nofollow noopener\" target=\"_blank\">Stadt Hanau<\/a>&#13;<\/p>\n<p>  &#13;<br \/>\nHanauer Industriekultur mit dem Rad erkunden&#13;<\/p>\n<p class=\"ins_r\">&#13;<br \/>\n      <img decoding=\"async\" class=\"news_list_single_image\" src=\"https:\/\/www.europesays.com\/de\/wp-content\/uploads\/2026\/08\/324119V.jpg\" alt=\"\u00a9 Stadt Hanau \/ Moritz G\u00f6bel\"\/>&#13;<br \/>\nAm Sonntag, 6. September, verbindet die Stadtf\u00fchrung \u201eAuf dem Weg in die Moderne \u2013 Industriekultur per Rad\u201c Bewegung mit spannenden Einblicken in die Hanauer Industriekultur. Start der Tour f\u00fcr maximal 20 Interessierte ist um 14 Uhr am Br\u00fcder Grimm Denkmal auf dem Hanauer Marktplatz. Die Teilnahme kostet zehn Euro und es ist ein eigenes, verkehrssichere Fahrrad sowie ein Helm mitzubringen. &#13;\n  <\/p>\n<p> &#13;<br \/>\n      <a href=\"https:\/\/www.presse-service.de\/public\/Single.aspx?iid=1223005\" rel=\"nofollow noopener\" target=\"_blank\">mehr lesen&#8230;<\/a>  <\/p>\n<p>  &#13;<br \/>\n17.08.2026 &#8211; <a href=\"https:\/\/www.presse-service.de\/public\/Default.aspx?p=551\" rel=\"nofollow noopener\" target=\"_blank\">Kreis Soest<\/a>&#13;<\/p>\n<p>  &#13;<br \/>\nUmfrage zur Arbeitsmarktintegration gestartet&#13;<br \/>\nErfahrungen von Besch\u00e4ftigten mit Einwanderungsgeschichte gefragt&#13;<\/p>\n<p class=\"ins_r\">&#13;<br \/>\n      <img decoding=\"async\" class=\"news_list_single_image\" src=\"https:\/\/www.europesays.com\/de\/wp-content\/uploads\/2026\/08\/324481V.jpg\" alt=\"\u00a9 Foto: Susanne Schulte-N\u00f6lle\/ Kreis Soest\"\/>&#13;<br \/>\nBesch\u00e4ftigung ist eine gute Grundlage f\u00fcr gelingende Integration. Denn wer eine Arbeit hat, nimmt automatisch am gesellschaftlichen Leben teil. Wie die Arbeitsmarktintegration von Menschen mit Einwanderungsgeschichte im Kreis Soest klappt, das will das Kommunale Integrationszentrum (KI) Kreis Soest jetzt genau wissen und hat eine Online-Umfrage gestartet.&#13;\n  <\/p>\n<p> &#13;<br \/>\n      <a href=\"https:\/\/www.presse-service.de\/public\/Single.aspx?iid=1223326\" rel=\"nofollow noopener\" target=\"_blank\">mehr lesen&#8230;<\/a>  <\/p>\n<p>  &#13;<br \/>\n17.08.2026 &#8211; <a href=\"https:\/\/www.presse-service.de\/public\/Default.aspx?p=405\" rel=\"nofollow noopener\" target=\"_blank\">Landkreis Leer<\/a>&#13;<\/p>\n<p>  &#13;<br \/>\nSchloss Evenburg: Veranstaltungen im September&#13;<br \/>\nEs stehen F\u00fchrungen, und Zeitreisen auf dem Programm&#13;<\/p>\n<p class=\"ins_r\">&#13;<br \/>\n      <img decoding=\"async\" class=\"news_list_single_image\" src=\"https:\/\/www.europesays.com\/de\/wp-content\/uploads\/2026\/08\/279727V.jpg\" alt=\"\u00a9 \"\/>&#13;<br \/>\nDas Schloss Evenburg hat auch im September seine T\u00fcren t\u00e4glich von 10 bis 18 Uhr f\u00fcr Besucherinnen und Besucher ge\u00f6ffnet. Der Eintritt betr\u00e4gt 7 Euro f\u00fcr Erwachsene, Kinder und Jugendliche bis 17 Jahre haben freien Eintritt.&#13;<br \/>\nAufgrund von Sanierungsarbeiten an der Schlossbr\u00fccke ist die Evenburg zurzeit nur \u00fcber eine Seitenbr\u00fccke erreichbar. Ein barrierefreier Zugang kann aktuell leider nicht erm\u00f6glicht werden. Weitere Informationen gibt es unter www.schloss-evenburg.de.&#13;<br \/>\n\u00d6ffentliche F\u00fchrungen&#13;<br \/>\nAn Sonn- und Feiertagen werden um 11.30 und um&#8230;&#13;\n  <\/p>\n<p> &#13;<br \/>\n      <a href=\"https:\/\/www.presse-service.de\/public\/Single.aspx?iid=1224313\" rel=\"nofollow noopener\" target=\"_blank\">mehr lesen&#8230;<\/a>  <\/p>\n<p>  &#13;<br \/>\n17.08.2026 &#8211; <a href=\"https:\/\/www.presse-service.de\/public\/Default.aspx?p=133\" rel=\"nofollow noopener\" target=\"_blank\">Stadt Flensburg<\/a>&#13;<\/p>\n<p>  &#13;<br \/>\nWasserqualit\u00e4t der Flensburger Ostsee-Badestellen&#13;<br \/>\nBadewasserqualit\u00e4tsmessung&#13;<\/p>\n<p class=\"ins_r\">&#13;<br \/>\n      <img decoding=\"async\" class=\"news_list_single_image\" src=\"https:\/\/www.europesays.com\/de\/wp-content\/uploads\/2025\/05\/1747304535_876_logo.gif\" alt=\"\u00a9 \"\/>&#13;<br \/>\nDie Gesundheitsdienste teilen mit:&#13;<br \/>\nDie Flensburger Badestellen Ostseebad und Solit\u00fcde werden auch in diesem Jahr wieder von den st\u00e4dtischen Gesundheitsdiensten nach der Badegew\u00e4sserverordnung \u00fcberwacht. Alle 2 Wochen erfolgen Beprobungen zur Feststellung der Badewasserqualit\u00e4t.\u00a0&#13;<br \/>\nProbenahme am 12. August &#13;<br \/>\nSolit\u00fcde: &#13;<br \/>\nErgebnis: ausgezeichnete Badewasserqualit\u00e4t&#13;<br \/>\nWassertemperatur:\u00a0 18\u00b0C\u00a0&#13;<br \/>\nProbenahme am 12. August &#13;<br \/>\nOstseebad: &#13;<br \/>\nErgebnis: ausgezeichnete Badewasserqualit\u00e4t&#13;<br \/>\nWassertemperatur:\u00a0 18\u00b0C&#13;<br \/>\nF\u00fcr weitere Fragen wenden Sie sich bitte an die&#8230;&#13;\n  <\/p>\n<p> &#13;<br \/>\n      <a href=\"https:\/\/www.presse-service.de\/public\/Single.aspx?iid=1224445\" rel=\"nofollow noopener\" target=\"_blank\">mehr lesen&#8230;<\/a>  <\/p>\n<p>  &#13;<br \/>\n17.08.2026 &#8211; <a href=\"https:\/\/www.presse-service.de\/public\/Default.aspx?p=1585\" rel=\"nofollow noopener\" target=\"_blank\">Stadt Maintal<\/a>&#13;<\/p>\n<p>  &#13;<br \/>\nBezahlbarer Wohnraum auf dem ehemaligen Sportplatz&#13;<br \/>\nMaintal Immobilien Gesellschaft hat weitere 42 gef\u00f6rderte Wohnungen errichtet&#13;<\/p>\n<p class=\"ins_r\">&#13;<br \/>\n      <img decoding=\"async\" class=\"news_list_single_image\" src=\"https:\/\/www.europesays.com\/de\/wp-content\/uploads\/2026\/08\/325119V.jpg\" alt=\"\u00a9 Stadtverwaltung Maintal\"\/>&#13;<br \/>\nEin bezahlbares Zuhause auf dem ehemaligen Sportplatz \u2013 so lie\u00dfe sich das Wohnbauprojekt an der Eichenheege in D\u00f6rnigheim zusammenfassen. Dort ist mit der Konversion des ehemaligen Fu\u00dfballplatzes ein Wohngebiet entstanden. Unter anderem wurden 42 Wohnungen f\u00fcr niedrige und mittlere Einkommen realisiert. M\u00f6glich wurde der g\u00fcnstige Mietpreis durch eine \u00f6ffentliche F\u00f6rderung durch den Main-Kinzig-Kreis und das Land Hessen. Mittlerweile sind alle Wohnungen bezogen bzw. vergeben.&#13;\n  <\/p>\n<p> &#13;<br \/>\n      <a href=\"https:\/\/www.presse-service.de\/public\/Single.aspx?iid=1224453\" rel=\"nofollow noopener\" target=\"_blank\">mehr lesen&#8230;<\/a>  <\/p>\n<p>  &#13;<br \/>\n17.08.2026 &#8211; <a href=\"https:\/\/www.presse-service.de\/public\/Default.aspx?p=1570\" rel=\"nofollow noopener\" target=\"_blank\">Stadt Ahaus<\/a>&#13;<\/p>\n<p>  &#13;<br \/>\nStattArena: Ein sportlicher Sommer am Oldenkottplatz&#13;<br \/>\nDankesch\u00f6n f\u00fcr ein gelungenes Public Viewing 2026&#13;<\/p>\n<p class=\"ins_r\">&#13;<br \/>\n      <img decoding=\"async\" class=\"news_list_single_image\" src=\"https:\/\/www.europesays.com\/de\/wp-content\/uploads\/2026\/08\/325126V.jpg\" alt=\"\u00a9 \"\/>&#13;<br \/>\nVom Champions-League-Finale \u00fcber Wimbledon bis zur Fu\u00dfball-Weltmeisterschaft und der Tour de France: Die StattArena am Oldenkottplatz hat in diesem Sommer f\u00fcr zahlreiche gemeinsame Sportmomente gesorgt. Am 21. Juli wurde die Arena abgebaut \u2013 Zeit f\u00fcr ein herzliches Dankesch\u00f6n an alle Beteiligten.&#13;<br \/>\nBereits zum Champions-League-Finale wurde die gro\u00dfe LED-Wand am Oldenkottplatz eingeweiht. In den folgenden Wochen konnten Besucher*innen dort verschiedene Sportereignisse unter freiem Himmel verfolgen. Besonders w\u00e4hrend der Fu\u00dfball-Weltmeisterschaft&#8230;&#13;\n  <\/p>\n<p> &#13;<br \/>\n      <a href=\"https:\/\/www.presse-service.de\/public\/Single.aspx?iid=1224468\" rel=\"nofollow noopener\" target=\"_blank\">mehr lesen&#8230;<\/a>  <\/p>\n<p>  &#13;<br \/>\n17.08.2026 &#8211; <a href=\"https:\/\/www.presse-service.de\/public\/Default.aspx?p=1285\" rel=\"nofollow noopener\" target=\"_blank\">Kreis Steinfurt<\/a>&#13;<\/p>\n<p>  &#13;<br \/>\nFeuerwehren aus dem Kreis Steinfurt unterst\u00fctzen bei gro\u00dffl\u00e4chigem Waldbrand in der Eifel&#13;<br \/>\nEinsatzkr\u00e4fte nach Waldbrandeinsatz im H\u00fcrtgenwald sicher zur\u00fcckgekehrt&#13;<\/p>\n<p class=\"ins_r\">&#13;<br \/>\n      <img decoding=\"async\" class=\"news_list_single_image\" src=\"https:\/\/www.europesays.com\/de\/wp-content\/uploads\/2026\/08\/325132V.jpeg\" alt=\"\u00a9 Einsatzkr\u00e4fte der Feuerwehren im Kreis Steinfurt \/ Freiwillige Feuerwehr Ibbenb\u00fcren\"\/>&#13;<br \/>\nKreis Steinfurt\/Kreis D\u00fcren. Nach einem intensiven Wochenende im Einsatz gegen den gro\u00dffl\u00e4chigen Waldbrand im H\u00fcrtgenwald in der Eifel sind 126 Einsatzkr\u00e4fte aus den Feuerwehren der St\u00e4dte und Gemeinden des Kreises Steinfurt in der Nacht zu Montag (17. August) sicher in ihre Heimat zur\u00fcckgekehrt. Im Rahmen der &#8222;Vorgeplanten \u00fcber\u00f6rtlichen Hilfe&#8220; hatten sie die Einsatzkr\u00e4fte vor Ort mit insgesamt 28 Fahrzeugen unterst\u00fctzt. Alle Kr\u00e4fte aus dem Kreis Steinfurt konnten den Einsatz wohlbehalten beenden.&#13;<br \/>\n\u00a0&#13;<br \/>\nDie Feuerwehrangeh\u00f6rigen aus dem Kreis&#8230;&#13;\n  <\/p>\n<p> &#13;<br \/>\n      <a href=\"https:\/\/www.presse-service.de\/public\/Single.aspx?iid=1224471\" rel=\"nofollow noopener\" target=\"_blank\">mehr lesen&#8230;<\/a>  <\/p>\n<p>  &#13;<br \/>\n17.08.2026 &#8211; <a href=\"https:\/\/www.presse-service.de\/public\/Default.aspx?p=77\" rel=\"nofollow noopener\" target=\"_blank\">Stadt M\u00fcnster<\/a>&#13;<\/p>\n<p>  &#13;<br \/>\nEigene unabh\u00e4ngige Cloud einrichten: Stadtb\u00fccherei gibt Tipps f\u00fcr den Wechsel&#13;<\/p>\n<p class=\"ins_r\">&#13;<br \/>\n      <img decoding=\"async\" class=\"news_list_single_image\" src=\"https:\/\/www.europesays.com\/de\/wp-content\/uploads\/2025\/05\/logo_muenster.jpg\" alt=\"\u00a9 \"\/>&#13;<br \/>\nM\u00fcnster (SMS) Wie lassen sich Dateien, Kalender und Kontakte bequem synchronisieren, ohne dabei auf die gro\u00dfen Cloud-Dienste US-amerikanischer Unternehmen angewiesen zu sein? Antworten dazu gibt die Veranstaltungsreihe &#8222;Wechselrezept des Monats&#8220;. Am Donnerstag, 20. August, von 16.30 bis 18 Uhr erfahren Interessierte im Lernstudio der Stadtb\u00fccherei M\u00fcnster mehr zu alternativen Cloud-L\u00f6sungen. Eine Anmeldung ist nicht erforderlich.&#13;<br \/>\nIm Mittelpunkt des Workshops steht unter anderem Nextcloud, eine freie Software, mit der sich Nutzerinnen und&#8230;&#13;\n  <\/p>\n<p> &#13;<br \/>\n      <a href=\"https:\/\/www.presse-service.de\/public\/Single.aspx?iid=1224474\" rel=\"nofollow noopener\" target=\"_blank\">mehr lesen&#8230;<\/a>  <\/p>\n<p>&#13;<br \/>\n  &#13;<\/p>\n","protected":false},"excerpt":{"rendered":"&#13; Alle Meldungen: &#13; 17.08.2026 &#8211; Stadt Braunschweig&#13; &#13; Polizei informiert: Sicher Radfahren mit Kindern&#13; &#13; &#13; Die&hellip;\n","protected":false},"author":2,"featured_media":1242384,"comment_status":"","ping_status":"","sticky":false,"template":"","format":"standard","meta":{"footnotes":"","_share_on_mastodon":"0"},"categories":[1843],"tags":[3364,29,30,19579,19580,62,8970,14,1209,178,19577,19578,19576,181,19575],"class_list":["post-1242383","post","type-post","status-publish","format-standard","has-post-thumbnail","category-muenster","tag-de","tag-deutschland","tag-germany","tag-kommunal","tag-kommunaler-dienst","tag-medien","tag-muenster","tag-nachrichten","tag-nordrhein-westfalen","tag-presse","tag-pressearchiv","tag-pressedienst","tag-pressemeldungen","tag-pressemitteilungen","tag-presseservice"],"share_on_mastodon":{"url":"https:\/\/pubeurope.com\/@de\/117110399142509129","error":""},"_links":{"self":[{"href":"https:\/\/www.europesays.com\/de\/wp-json\/wp\/v2\/posts\/1242383","targetHints":{"allow":["GET"]}}],"collection":[{"href":"https:\/\/www.europesays.com\/de\/wp-json\/wp\/v2\/posts"}],"about":[{"href":"https:\/\/www.europesays.com\/de\/wp-json\/wp\/v2\/types\/post"}],"author":[{"embeddable":true,"href":"https:\/\/www.europesays.com\/de\/wp-json\/wp\/v2\/users\/2"}],"replies":[{"embeddable":true,"href":"https:\/\/www.europesays.com\/de\/wp-json\/wp\/v2\/comments?post=1242383"}],"version-history":[{"count":0,"href":"https:\/\/www.europesays.com\/de\/wp-json\/wp\/v2\/posts\/1242383\/revisions"}],"wp:featuredmedia":[{"embeddable":true,"href":"https:\/\/www.europesays.com\/de\/wp-json\/wp\/v2\/media\/1242384"}],"wp:attachment":[{"href":"https:\/\/www.europesays.com\/de\/wp-json\/wp\/v2\/media?parent=1242383"}],"wp:term":[{"taxonomy":"category","embeddable":true,"href":"https:\/\/www.europesays.com\/de\/wp-json\/wp\/v2\/categories?post=1242383"},{"taxonomy":"post_tag","embeddable":true,"href":"https:\/\/www.europesays.com\/de\/wp-json\/wp\/v2\/tags?post=1242383"}],"curies":[{"name":"wp","href":"https:\/\/api.w.org\/{rel}","templated":true}]}}