{"id":1242387,"date":"2026-08-17T10:35:21","date_gmt":"2026-08-17T10:35:21","guid":{"rendered":"https:\/\/www.europesays.com\/de\/1242387\/"},"modified":"2026-08-17T10:35:21","modified_gmt":"2026-08-17T10:35:21","slug":"unfassbar-senior-zuechtigt-fuenfjaehrigen-im-bielefelder-ostpark-mit-stock","status":"publish","type":"post","link":"https:\/\/www.europesays.com\/de\/1242387\/","title":{"rendered":"Unfassbar: Senior z\u00fcchtigt F\u00fcnfj\u00e4hrigen im Bielefelder Ostpark mit Stock"},"content":{"rendered":"<p id=\"absatz1\" class=\"em_text\">Bielefeld. Die Polizei sucht jetzt Zeugen einer l\u00e4nger zur\u00fcckliegenden K\u00f6rperverletzung eines f\u00fcnfj\u00e4hrigen Kindes. Wie Polizeisprecher Fabian Rickel mitteilt, soll am Mittwoch, 22. April, ein \u00e4lterer Mann einen Jungen im Ostpark an der Diesterwegstra\u00dfe mit einem d\u00fcnnen Ast geschlagen haben.<\/p>\n<p id=\"absatz2\" class=\"em_text\">Laut Polizeibericht soll der \u00e4ltere fremde Mann an jenem Nachmittag gegen 17.10 Uhr mit einem Ast mehrfach auf das Ges\u00e4\u00df des Jungen eingeschlagen haben. Der Betroffene, aber auch andere spielende Kinder im Park reagierten darauf geschockt, manche brachen in Tr\u00e4nen aus, berichtet Polizeisprecher Rickel.<\/p>\n<p id=\"absatz3\" class=\"em_text\">Ausl\u00f6ser k\u00f6nnte das tobende Spiel der Kinder gewesen sein. Der F\u00fcnfj\u00e4hrige soll zuvor mit einem weiteren Kind in Streit geraten sein und seinerseits diesen d\u00fcnnen Ast genutzt haben, berichtet der Polizeisprecher. Der Ast soll 40 bis 50 Zentimeter lang und etwa einen Zentimeter dick gewesen sein. Wollte der Unbekannte Gleiches mit Gleichem vergelten?<\/p>\n<p>Zeugin nimmt Bielefelder Senioren den Ast weg<\/p>\n<p class=\"em_text\">Aus Sicht der Polizei stellt die Z\u00fcchtigung durch einen Erwachsenen eine vors\u00e4tzliche einfache K\u00f6rperverletzung dar. Auch eine Zeugin sah das so und griff damals ein, \u201esprach den Mann lautstark an und nahm ihm den Stock weg\u201c, berichtet die Polizei. Anschlie\u00dfend ging der gesuchte Mann mit einer \u00e4lteren Frau, die bis dahin auf einer Parkbank gesessen hatte, \u201eH\u00e4ndchen haltend\u201c in Richtung Diesterwegstra\u00dfe davon.<\/p>\n<p id=\"absatz5\"><b class=\"bold\">Weiterverbreitung ist strafbar<\/b>: <a href=\"https:\/\/www.nw.de\/lokal\/bielefeld\/mitte\/24267373_Weiterverbreitung-ist-strafbar-Video-von-brutaler-Tat-in-Bielefeld-geht-viral.html\" rel=\"nofollow noopener\" target=\"_blank\">Video von brutaler Tat in Bielefeld geht viral <\/a><\/p>\n<p id=\"absatz6\" class=\"em_text\">F\u00fcr den Jungen sei der Vorfall k\u00f6rperlich nicht so gravierend gewesen, aber psychisch habe die Z\u00fcchtigung einiges ausgel\u00f6st, betont der Polizeisprecher. Deshalb sei der Polizei daran gelegen, den Vorfall aufzukl\u00e4ren. Die Erziehungsberechtigten hatten umgehend Anzeige erstattet.<\/p>\n<p id=\"absatz7\" class=\"em_text\">Erste Ermittlungen hatten nicht zur Identifizierung des Mannes gef\u00fchrt. Die Polizei versucht nun, die Identit\u00e4t des Mannes mithilfe von Zeugenhinweisen herauszufinden: Der Mann ist \u00fcber 70 Jahre alt, 1,60 bis 1,70 Meter gro\u00df, hat eine normale Figur, f\u00e4llt durch einen gebeugten Gang auf, hat hellgraues kurzes Haar und ein gepflegtes Erscheinungsbild. Er trug an jenem Nachmittag eine Daunenjacke und gepflegte Loafer-Schuhe. Er sprach akzentfreies Deutsch.<\/p>\n<p>Zeugen der Tat melden sich bei der Polizei Bielefeld<\/p>\n<p id=\"absatz8\" class=\"em_text\">Die Polizei geht davon aus, dass sich zum Zeitpunkt des Geschehens weitere Zeugen im Ostpark aufgehalten haben. Zeugen, die Hinweise zum Tatgeschehen oder zu tatverd\u00e4chtigen Personen machen k\u00f6nnen, sollen sich beim Kriminalkommissariat 14 melden unter Tel. 0521 5450.<\/p>\n<p id=\"absatz9\"><b class=\"bold\">Lesen Sie auch<\/b>: <a href=\"https:\/\/www.nw.de\/lokal\/bielefeld\/mitte\/24213800_Sexueller-Uebergriff-in-Bielefelder-Parkanlage-Phantombild-fuehrt-zu-ersten-Hinweisen.html\" rel=\"nofollow noopener\" target=\"_blank\">Sexueller \u00dcbergriff in Bielefelder Parkanlage: Phantombild f\u00fchrt zu ersten Hinweisen<\/a> <\/p>\n","protected":false},"excerpt":{"rendered":"Bielefeld. Die Polizei sucht jetzt Zeugen einer l\u00e4nger zur\u00fcckliegenden K\u00f6rperverletzung eines f\u00fcnfj\u00e4hrigen Kindes. Wie Polizeisprecher Fabian Rickel mitteilt,&hellip;\n","protected":false},"author":2,"featured_media":1242388,"comment_status":"","ping_status":"","sticky":false,"template":"","format":"standard","meta":{"footnotes":"","_share_on_mastodon":"0"},"categories":[1841],"tags":[43581,70835,1605,102404,3364,29,17406,30,257522,1460,682,16392,1611,1606,9310,1608,198343,736,164252,16384,1613,1209,121,16722,16721],"class_list":["post-1242387","post","type-post","status-publish","format-standard","has-post-thumbnail","category-bielefeld","tag-ostpark","tag-ast","tag-bielefeld","tag-cnt_top-artikel","tag-de","tag-deutschland","tag-fabian-rickel","tag-germany","tag-gesaess","tag-kind","tag-koerperverletzung","tag-label_blaulicht","tag-label_informiere-mich","tag-label_m-80","tag-label_social","tag-label_top-news","tag-meta_artikelklasse_aboanker","tag-meta_copyrights_nw","tag-meta_eo_zusammenfassung","tag-meta_themen_blaulicht_sicherheit","tag-meta_userneeds_informieremich","tag-nordrhein-westfalen","tag-polizei","tag-polizei-bielefeld","tag-polizeibericht-bielefeld"],"share_on_mastodon":{"url":"https:\/\/pubeurope.com\/@de\/117110409054220479","error":""},"_links":{"self":[{"href":"https:\/\/www.europesays.com\/de\/wp-json\/wp\/v2\/posts\/1242387","targetHints":{"allow":["GET"]}}],"collection":[{"href":"https:\/\/www.europesays.com\/de\/wp-json\/wp\/v2\/posts"}],"about":[{"href":"https:\/\/www.europesays.com\/de\/wp-json\/wp\/v2\/types\/post"}],"author":[{"embeddable":true,"href":"https:\/\/www.europesays.com\/de\/wp-json\/wp\/v2\/users\/2"}],"replies":[{"embeddable":true,"href":"https:\/\/www.europesays.com\/de\/wp-json\/wp\/v2\/comments?post=1242387"}],"version-history":[{"count":0,"href":"https:\/\/www.europesays.com\/de\/wp-json\/wp\/v2\/posts\/1242387\/revisions"}],"wp:featuredmedia":[{"embeddable":true,"href":"https:\/\/www.europesays.com\/de\/wp-json\/wp\/v2\/media\/1242388"}],"wp:attachment":[{"href":"https:\/\/www.europesays.com\/de\/wp-json\/wp\/v2\/media?parent=1242387"}],"wp:term":[{"taxonomy":"category","embeddable":true,"href":"https:\/\/www.europesays.com\/de\/wp-json\/wp\/v2\/categories?post=1242387"},{"taxonomy":"post_tag","embeddable":true,"href":"https:\/\/www.europesays.com\/de\/wp-json\/wp\/v2\/tags?post=1242387"}],"curies":[{"name":"wp","href":"https:\/\/api.w.org\/{rel}","templated":true}]}}