{"id":1242463,"date":"2026-08-17T11:24:21","date_gmt":"2026-08-17T11:24:21","guid":{"rendered":"https:\/\/www.europesays.com\/de\/1242463\/"},"modified":"2026-08-17T11:24:21","modified_gmt":"2026-08-17T11:24:21","slug":"fw-m-wochenendrueckblick-der-feuerwehr-muenchen-fuer-den-14-bis-17-august-2026","status":"publish","type":"post","link":"https:\/\/www.europesays.com\/de\/1242463\/","title":{"rendered":"FW-M: Wochenendr\u00fcckblick der Feuerwehr M\u00fcnchen f\u00fcr den 14 . bis 17 . August 2026"},"content":{"rendered":"<p class=\"date\">17.08.2026 \u2013 13:02<\/p>\n<p class=\"customer\">\n                        <a class=\"story-customer\" title=\"weiter zum newsroom von Feuerwehr M\u00fcnchen\" href=\"https:\/\/www.presseportal.de\/blaulicht\/nr\/131419\" rel=\"nofollow noopener\" target=\"_blank\">Feuerwehr M\u00fcnchen<\/a>\n                    <\/p>\n<p><a class=\"glightbox-pseudo event-trigger\" href=\"https:\/\/cache.pressmailing.net\/thumbnail\/story_hires\/6dbec8c5-cb53-497b-a832-3d9eba09be35\/2026_08_15_Fromundstra%C3%9Fe_006_presse.jpg.jpg\" data-description=\"Die Feuerwehr M\u00fcnchen im Einsatz bei einem Dachstuhlbrand einer Kirche in Untergiesing.\" data-category=\"medialightbox\" data-action=\"click\" data-label=\"single\" data-value=\"6a82ea2d270000fd2c9e2e83\" rel=\"nofollow noopener\" target=\"_blank\"><img decoding=\"async\" height=\"540\" with=\"720\" src=\"https:\/\/www.europesays.com\/de\/wp-content\/uploads\/2026\/08\/fw-m-wochenendr-ckblick-der-feuerwehr-m-nchen-f-r-den-14-bis-17-august-2026.jpeg\"   alt=\"FW-M: Wochenendr\u00fcckblick der Feuerwehr M\u00fcnchen f\u00fcr den 14 . bis 17 . August 2026\" class=\"single\"\/><\/a><\/p>\n<p><a data-category=\"citylink-story-view\" data-action=\"click\" data-label=\"Citylink in Meldungsansicht\" class=\"story-city event-trigger\" href=\"https:\/\/www.presseportal.de\/regional\/M%FCnchen\" title=\"News aus M\u00fcnchen \" rel=\"nofollow noopener\" target=\"_blank\">M\u00fcnchen<\/a> (ots)<\/p>\n<p>Freitag, 14. August 2026 &#8211; Mehrere Gefahrguteins\u00e4tze<\/p>\n<p>Stadtgebiet<\/p>\n<p>Freitagvormittag ist der Feuerwehr um 9.19 Uhr ein Leck an einem Kesselwagen am Bahnhof Milbertshofen gemeldet worden.<\/p>\n<p>Noch vor Eintreffen des Gefahrgutzuges konnte der Austritt von Benzin von Mitarbeitenden der Deutschen Bahn und der Bundespolizei durch einen Flansch gestoppt und die ausgelaufene Fl\u00fcssigkeit mit M\u00fclls\u00e4cken aufgefangen werden. Ein Mitarbeiter hatte bei den Arbeiten vermehrt Benzind\u00e4mpfe eingeatmet und wurde daher vom Rettungsdienst betreut.<br \/>\nVon der Feuerwehr wurde das Leck abschlie\u00dfend kontrolliert, das ausgelaufene Benzin fachgerecht verpackt und \u00fcbergeben.<br \/>\nBesonders die schnelle und richtige Reaktion der Mitarbeitenden hat dazu beigetragen, einen gr\u00f6\u00dferen Gefahrstoffaustritt zu vermeiden.<\/p>\n<p>Zum n\u00e4chsten Bahnhof ging es f\u00fcr den Umweltdienst der Feuerwehr M\u00fcnchen um 17.08 Uhr nach Riem. Am Umschlagbahnhof war aufgrund eines undichten Anschlussflansches eine geringe Menge eines giftigen und \u00e4tzenden Stoffes aus einem G\u00fcterwaggon ausgetreten.<br \/>\nDer Stoff konnte schnell aufgefangen und der Flansch wieder abgedichtet werden. Die Dichtigkeit wurde anschlie\u00dfend mit speziellen Messger\u00e4ten \u00fcberpr\u00fcft.<br \/>\nSicherheitshalber wurde der Waggon nach den Ma\u00dfnahmen der Feuerwehr auf ein speziell daf\u00fcr vorgesehenes Havariegleis bewegt und durch die Bahn weiter \u00fcberpr\u00fcft.<\/p>\n<p>Am sp\u00e4ten Freitagabend wurde die Feuerwehr M\u00fcnchen um 23.32 Uhr in eine Tiefgarage in die Greyerstra\u00dfe zu einem undefinierbaren Geruch gerufen. Vor Ort konnte dann tats\u00e4chlich auch ein starker, unangenehmer Geruch wahrgenommen werden. Die Messger\u00e4te erkannten allerdings keinen Gefahrstoff. Bei der weiteren Erkundung und nach l\u00e4ngerer Suche wurde schlie\u00dflich festgestellt, dass bei einem Pkw Fl\u00fcssigkeit aus einer Starterbatterie auf hei\u00dfe Bremsscheiben tropfte. Dabei entstand ein Aerosol, das den unangenehmen Geruch ausl\u00f6ste.<br \/>\nDas Auto wurde aus der Tiefgarage entfernt, die Starterbatterie abgeklemmt und dem Besitzer empfohlen, zeitnah eine Servicewerkstatt aufzusuchen.<\/p>\n<p>Bei allen drei Gefahrguteins\u00e4tzen bestand zu keiner Zeit eine Gef\u00e4hrdung f\u00fcr die Bev\u00f6lkerung und alle Beteiligten unterst\u00fctzten die Feuerwehr M\u00fcnchen bei ihrer Arbeit vorbildlich, so dass die Eins\u00e4tze in k\u00fcrzester Zeit abgearbeitet werden konnten.<\/p>\n<p>Samstag, 15. August 2026; 17.40 Uhr &#8211; Feuerwehr M\u00fcnchen unterst\u00fctzt bei Wasserrettungseinsatz<\/p>\n<p>Heimstettener See (Landkreis M\u00fcnchen)<\/p>\n<p>Am sp\u00e4ten Samstagnachmittag sind ein 8- und ein 15-j\u00e4hriges M\u00e4dchen im Heimstettener See untergegangen und mussten von Badeg\u00e4sten aus dem Wasser gerettet werden.<\/p>\n<p>Da zun\u00e4chst nur ein M\u00e4dchen an Land gebracht werden konnte und sofort wiederbelebt werden musste, alarmierte die Leitstelle M\u00fcnchen einen umfangreichen Wasserrettungseinsatz. Hierbei kamen neben Freiwilligen Feuerwehren aus dem Landkreis, der Wasserwacht und der DLRG auch eine Wasserrettungseinheit der Berufsfeuerwehr zum Einsatz. Noch vor Eintreffen der Kr\u00e4fte war auch das zweite M\u00e4dchen aus dem Wasser gebracht worden. Aber auch in diesem Fall war eine Reanimation n\u00f6tig. Nachdem klar war, dass sich keine weiteren Personen mehr im See befinden, unterst\u00fctze die Feuerwehr M\u00fcnchen die medizinischen Ma\u00dfnahmen und die Rettungsdienst-Einsatzleitung in enger Abstimmung mit den Fachdiensten und den Freiwilligen Feuerwehren. Beide M\u00e4dchen wurden im Anschluss in M\u00fcnchner Kliniken gebracht.<\/p>\n<p>Sowohl f\u00fcr die Betreuung der Angeh\u00f6rigen, der Zeug*innen und der Einsatzkr\u00e4fte waren mehrere Teams der Psychosozialen Notfallversorgung vor Ort.<\/p>\n<p>Samstag, 15. August 2026; 18.29 Uhr &#8211; Feuer in Kirchenschiff<\/p>\n<p>Fromundstra\u00dfe (Untergiesing)<\/p>\n<p>Der Brand in einer Kirche am Wettersteinplatz hat die Feuerwehr M\u00fcnchen am Samstagabend gut f\u00fcnf Stunden besch\u00e4ftigt.<\/p>\n<p>Gerade einmal ein Anruf hatte ein Feuer im Mittelschiff einer Kirche an die Leitstelle M\u00fcnchen gemeldet. W\u00e4hrend sich Einsatzkr\u00e4fte auf Anfahrt zum Brandort befanden, war auf den Bildern der Fernerkundungsdrohne allerdings keine Rauchentwicklung erkennbar. Erst auf dem Weg in die Kirche hinein, waren die Flammen am Dach des Kirchenschiffes erkennbar.<br \/>\nSofort erh\u00f6hte der Einsatzleiter die Alarmstufe und weitere Kr\u00e4fte wurden zur Einsatzstelle beordert.<\/p>\n<p>Parallel zur Brandbek\u00e4mpfung im Inneren wurden zwei Drehleitern zur Brandbek\u00e4mpfung von au\u00dfen eingesetzt, da sich die Flammen ihren Weg bereits in die Dachhaut gebahnt hatten.<br \/>\nNach eineinhalb Stunden waren der Brand und die Glutnester restlos abgel\u00f6scht.<br \/>\nAufgrund der Wetterprognosen wurde ein Notdach an der Kirche angebracht, um weitere Sch\u00e4den durch die Witterung zu verhindern.<\/p>\n<p>Zur Brandursache ermittelt die Polizei, Personen waren zu keiner Zeit gef\u00e4hrdet.<\/p>\n<p>Sonntag, 16. August 2026; 3.30 Uhr &#8211; Garage in Vollbrand<\/p>\n<p>Naupliastra\u00dfe (Harlaching)<\/p>\n<p>Am fr\u00fchen Sonntagmorgen ist es im M\u00fcnchner S\u00fcden zu einem Garagenbrand gekommen. Gleich zwei Mal musste die Feuerwehr ausr\u00fccken.<\/p>\n<p>Rund 90 Sekunden vor dem L\u00f6schzug traf das Vorausl\u00f6schfahrzeug derselben Wache an der Einsatzstelle ein und fand eine Garage vor, die bereits in Vollbrand stand. Umgehend wurde die Brandbek\u00e4mpfung eingeleitet. Die Ma\u00dfnahmen wurden vom nachr\u00fcckenden L\u00f6schzug intensiviert und vorsorglich acht Bewohner*innen des angrenzenden Wohnhauses in Sicherheit gebracht. Mehrere Kr\u00e4fte unter Atemschutz konnten das Feuer schlie\u00dflich nach 30 Minuten mit zwei Schlauchleitungen l\u00f6schen. Alle Personen durften unverletzt in das Geb\u00e4ude zur\u00fcck.<\/p>\n<p>Um 6.23 Uhr musste dann erneut ein L\u00f6schzug zu der Garage anr\u00fccken, da sich das Brandgut wieder entz\u00fcndet hatte. Der Einsatz mehrere Trupps war diesmal f\u00fcr rund drei Stunden notwendig. Um alle Glutnester sicher abl\u00f6schen zu k\u00f6nnen, wurde nun der Dachstuhl der Garage ge\u00f6ffnet und komplett ausger\u00e4umt. Auch diesmal gab es keine Verletzten.<\/p>\n<p>Zwei Kontrollen \u00fcber den restlichen Tag ergaben keine weitere Gefahr mehr. Zur Schadensh\u00f6he und der Ursache liegen der Feuerwehr keine Erkenntnisse vor. Die Polizei hat hierzu die Ermittlungen aufgenommen.<\/p>\n<p>Montag, 17. August 2026; 1.12 Uhr &#8211; Fahrer bei Pkw-\u00dcberschlag verletzt<\/p>\n<p>Allacher Stra\u00dfe (Moosach)<\/p>\n<p>Ein Pkw ist in der Nacht von Sonntag auf Montag auf der Allacher Stra\u00dfe alleinbeteiligt verunfallt. Der Fahrer musste verletzt in ein Krankenhaus gebracht werden.<\/p>\n<p>Aus ungekl\u00e4rter Ursache hatte ein 20-J\u00e4hriger, der stadtausw\u00e4rts unterwegs war, die Kontrolle \u00fcber seinen Ford verloren und war auf H\u00f6he einer Waschstra\u00dfe mit einem Ampelmast und einem Baum kollidiert. Das Fahrzeug war nach einigen Metern auf dem Dach zum Liegen gekommen.<br \/>\nBeim Eintreffen von Feuerwehr und Rettungsdienst hatte der junge Mann das Auto bereits verlassen. Er musste mit dem Notarztwagen in eine M\u00fcnchner Klinik gebracht werden.<br \/>\nW\u00e4hrend der Versorgung sicherte die Feuerwehr die Unfallstelle ab und leuchtete sie aus. Um weitere Gefahren auszuschlie\u00dfen, wurden sowohl der Ampelmast als auch der Baum entfernt. Nach rund drei Stunden war der Einsatz f\u00fcr die 20 Einsatzkr\u00e4fte beendet.<\/p>\n<p>Zur Unfallursache und der Schadensh\u00f6he liegen der Feuerwehr keine Informationen vor. Die Polizei hat hierzu die Ermittlungen aufgenommen.<\/p>\n<p>(pes)<\/p>\n<p class=\"contact-headline\">R\u00fcckfragen von Medienvertretern bitte an:<\/p>\n<p class=\"contact-text\">Pressekontakt:<br \/>Feuerwehr M\u00fcnchen<br \/>Pressestelle<br \/>Telefon: 089 \/ 2353 31311<br \/>(Montag bis Donnerstag von 08:30 bis 15:00 Uhr, Freitag von 08:30 bis<br \/>12:00 Uhr)<br \/>E-Mail: <a href=\"https:\/\/www.presseportal.de\/blaulicht\/pm\/131419\/mailto:presse.feuerwehr@muenchen.de\" class=\"uri-mailto\" rel=\"nofollow noopener\" target=\"_blank\">presse.feuerwehr@muenchen.de<\/a><\/p>\n<p>Internet: <a target=\"_blank\" class=\"uri-ext outbound\" rel=\"noopener nofollow\" href=\"https:\/\/www.feuerwehr-muenchen.de\">www.feuerwehr-muenchen.de<\/a><br \/>Twitter: <a target=\"_blank\" class=\"uri-ext outbound\" rel=\"noopener nofollow\" href=\"https:\/\/www.twitter.com\/BFMuenchen\">www.twitter.com\/BFMuenchen<\/a><br \/>Facebook: <a target=\"_blank\" class=\"uri-ext outbound\" rel=\"noopener nofollow\" href=\"https:\/\/www.facebook.com\/feuerwehr.muenchen\/\">www.facebook.com\/feuerwehr.muenchen\/<\/a><br \/>LinkedIn: <a target=\"_blank\" class=\"uri-ext outbound\" rel=\"noopener nofollow\" href=\"https:\/\/www.linkedin.com\/company\/feuerwehrmuenchen\">www.linkedin.com\/company\/feuerwehrmuenchen<\/a><br \/>Instagram: <a target=\"_blank\" class=\"uri-ext outbound\" rel=\"noopener nofollow\" href=\"https:\/\/www.instagram.com\/feuerwehrmuenchen\/\">www.instagram.com\/feuerwehrmuenchen\/<\/a><\/p>\n<p class=\"originator\">Original-Content von: Feuerwehr M\u00fcnchen, \u00fcbermittelt durch news aktuell<\/p>\n<p>                <script async src=\"https:\/\/platform.twitter.com\/widgets.js\" charset=\"utf-8\"><\/script><script async src=\"\/\/www.instagram.com\/embed.js\"><\/script><\/p>\n","protected":false},"excerpt":{"rendered":"17.08.2026 \u2013 13:02 Feuerwehr M\u00fcnchen M\u00fcnchen (ots) Freitag, 14. August 2026 &#8211; Mehrere Gefahrguteins\u00e4tze Stadtgebiet Freitagvormittag ist der&hellip;\n","protected":false},"author":2,"featured_media":1242464,"comment_status":"","ping_status":"","sticky":false,"template":"","format":"standard","meta":{"footnotes":"","_share_on_mastodon":"0"},"categories":[1827],"tags":[772,2919,2918,29,985,30,1268,3908,178,180,179,181,11131,1284],"class_list":["post-1242463","post","type-post","status-publish","format-standard","has-post-thumbnail","category-muenchen","tag-bayern","tag-brand","tag-by","tag-deutschland","tag-feuerwehr","tag-germany","tag-muenchen","tag-notfallrettung","tag-presse","tag-pressemeldung","tag-pressemitteilung","tag-pressemitteilungen","tag-technische-hilfeleistung","tag-unfall"],"share_on_mastodon":{"url":"","error":""},"_links":{"self":[{"href":"https:\/\/www.europesays.com\/de\/wp-json\/wp\/v2\/posts\/1242463","targetHints":{"allow":["GET"]}}],"collection":[{"href":"https:\/\/www.europesays.com\/de\/wp-json\/wp\/v2\/posts"}],"about":[{"href":"https:\/\/www.europesays.com\/de\/wp-json\/wp\/v2\/types\/post"}],"author":[{"embeddable":true,"href":"https:\/\/www.europesays.com\/de\/wp-json\/wp\/v2\/users\/2"}],"replies":[{"embeddable":true,"href":"https:\/\/www.europesays.com\/de\/wp-json\/wp\/v2\/comments?post=1242463"}],"version-history":[{"count":0,"href":"https:\/\/www.europesays.com\/de\/wp-json\/wp\/v2\/posts\/1242463\/revisions"}],"wp:featuredmedia":[{"embeddable":true,"href":"https:\/\/www.europesays.com\/de\/wp-json\/wp\/v2\/media\/1242464"}],"wp:attachment":[{"href":"https:\/\/www.europesays.com\/de\/wp-json\/wp\/v2\/media?parent=1242463"}],"wp:term":[{"taxonomy":"category","embeddable":true,"href":"https:\/\/www.europesays.com\/de\/wp-json\/wp\/v2\/categories?post=1242463"},{"taxonomy":"post_tag","embeddable":true,"href":"https:\/\/www.europesays.com\/de\/wp-json\/wp\/v2\/tags?post=1242463"}],"curies":[{"name":"wp","href":"https:\/\/api.w.org\/{rel}","templated":true}]}}