{"id":1242478,"date":"2026-08-17T11:34:29","date_gmt":"2026-08-17T11:34:29","guid":{"rendered":"https:\/\/www.europesays.com\/de\/1242478\/"},"modified":"2026-08-17T11:34:29","modified_gmt":"2026-08-17T11:34:29","slug":"rueckkehr-nach-rekordverdaechtiger-bauzeit-berliner-grundschule-erhaelt-nach-acht-jahren-ihren-stammsitz-zurueck","status":"publish","type":"post","link":"https:\/\/www.europesays.com\/de\/1242478\/","title":{"rendered":"R\u00fcckkehr nach rekordverd\u00e4chtiger Bauzeit: Berliner Grundschule erh\u00e4lt nach acht Jahren ihren Stammsitz zur\u00fcck"},"content":{"rendered":"<p class=\"tspCHpd tspCHpe\">Das nennt man wohl eine Punktlandung: Nach sagenhaften acht Jahren Sanierung soll die Grundschule am Wei\u00dfen See in Pankow diese Woche in ihr Stammgeb\u00e4ude an der Amalienstra\u00dfe zur\u00fcckkehren. \u201eDer Umzug ist f\u00fcr den Zeitraum vom 19. bis 21. August 2026 vorgesehen. Damit kann der Schulbetrieb zum Schuljahresbeginn am 24. August 2026 in dem neu sanierten und restaurierten Schulgeb\u00e4ude aufgenommen werden\u201c, schreibt der zust\u00e4ndige Bezirksstadtrat J\u00f6rn Pasternack (CDU) in einer Mitteilung.<\/p>\n<p><a href=\"https:\/\/leute.tagesspiegel.de\/?utm_source=tagesspiegel.de&amp;utm_campaign=newsletter-signup&amp;utm_medium=website&amp;utm_content=link&amp;icid=single-topic_15949743___\" data-gtm-class=\"article-mzt-link\" class=\"tspCVqn\" rel=\"nofollow noopener\" target=\"_blank\">Schule, Bildung und mehr Themen aus Berlins Bezirken in unseren zw\u00f6lf Newslettern unter www.tagesspiegel.de\/bezirke <\/a><\/p>\n<p class=\"tspCHpd\"><a href=\"https:\/\/www.tagesspiegel.de\/berlin\/bezirke\/pankow\/grundschule-am-weissen-see-in-berlin-pankow-acht-jahre-bau-drama--und-das-ersatzhaus-ist-am-ende-15535098.html\" target=\"_blank\" rel=\"noopener nofollow\" class=\"link link--external\" data-gtm-class=\"article-text-link\" data-gtm-val=\"external\" aria-describedby=\"message-target-blank\">Nach vielen Verz\u00f6gerungen und mehreren geplatzten Fertigstellungsterminen<\/a> wird das zuletzt ausgegebene Ziel, nun wirklich in den Sommerferien umzuziehen, erreicht: Sch\u00fcler- und Lehrerschaft k\u00f6nnen p\u00fcnktlich zum Schulbeginn am 24. August endlich wieder in \u201eihrer\u201c Schule lernen.<\/p>\n<p class=\"tspCHpd\">Gerechnet hatten damit wohl nur noch wenige Eltern. Schlie\u00dflich haben sie oft genug erlebt, dass Ank\u00fcndigungen nicht gehalten wurden. Zudem wurde bis zuletzt am Schulgeb\u00e4ude gearbeitet.<\/p>\n<p> Acht Jahre Lernen am Ersatzstandort: Schulsanierung in Berlin ger\u00e4t rekordverd\u00e4chtig lang <\/p>\n<p class=\"tspCHpd\">So endet die Zeit der achtj\u00e4hrigen Nutzung des Ersatzstandorts in der Falkenberger Stra\u00dfe \u2013 und damit sind f\u00fcr viele Kinder auch deutlich l\u00e4ngere Schulwege Geschichte. Der Ersatzbau war zunehmend marode geworden, seit Monaten war das gesamte Erdgeschoss des Geb\u00e4udes an der Sulzfelder Stra\u00dfe gesperrt.<\/p>\n<p><img decoding=\"async\" src=\"https:\/\/www.europesays.com\/de\/wp-content\/uploads\/2026\/08\/grundschule-am-wei-en-see-sanierung.jpeg\"   alt=\"Dauerbaustelle Grundschule am Wei\u00dfensee: Seit acht Jahren warten Familien auf die Fertigstellung der Sanierung.\" aria-labelledby=\"caption-15545825\" width=\"440\" height=\"330\" loading=\"lazy\" class=\"tspA3ji\"\/> Br\u00f6ckelnde Fensterrahmen, ein gesperrtes Erdgeschoss: der marode Ersatzstandort in der Falkenberger Stra\u00dfe. <\/p>\n<p class=\"tspATil\"> \u00a9 Thomas Schubert <\/p>\n<p class=\"tspCHpd\">Dabei sollten die Sanierungsarbeiten in der Amalienstra\u00dfe urspr\u00fcnglich nur drei Jahre dauern. Sie hatten 2018 begonnen. Dass daraus nun acht Jahre geworden sind, daf\u00fcr gibt es viele unterschiedliche Gr\u00fcnde. Der zust\u00e4ndige Bezirksstadtrat J\u00f6rn Pasternack (CDU) spricht von einer \u201eau\u00dfergew\u00f6hnlichen Herausforderung\u201c, die auf ihn wartete, als er das Projekt vor drei Jahren \u00fcbernahm. Insbesondere die Anforderungen, die sich aus dem Denkmalschutz ergaben, brachten eine erhebliche Verz\u00f6gerung mit sich.<\/p>\n<p> Immer wieder Warten auf die R\u00fcckkehr <\/p>\n<p class=\"tspCHpd\">Hinzu kamen pandemiebedingte Einschr\u00e4nkungen, Lieferengp\u00e4sse und massive Kostensteigerungen. In der Folge hatten sich die Kosten von urspr\u00fcnglich geplanten 18,5 Millionen Euro auf knapp 37 Millionen Euro nahezu verdoppelt.<\/p>\n<p class=\"tspCHpd\">F\u00fcr Eltern- Sch\u00fcler- und Lehrerschaft bedeutete die lange Sanierungszeit vor allem eines: Immer wieder Warten auf die R\u00fcckkehr.<\/p>\n<p>Mehr aus Pankow<a href=\"https:\/\/www.tagesspiegel.de\/berlin\/bezirke\/pankow\/nachste-verschiebung-bei-sporthallen-bauruine-jahrelanges-warten-auf-28-millionen-euro-projekt-in-berlin-geht-weiter-15933829.html?icid=topic-list_15949743___\" data-gtm-class=\"article-mzt-link\" data-hydrate-fingerprint=\"09740a54944caac75fd2c0c63fd5c5df\" data-hydrate-props=\"{&amp;escapedquot;element&amp;escapedquot;:{&amp;escapedquot;type&amp;escapedquot;:&amp;escapedquot;relatedContent&amp;escapedquot;,&amp;escapedquot;fieldMap&amp;escapedquot;:{},&amp;escapedquot;relation&amp;escapedquot;:{&amp;escapedquot;fields&amp;escapedquot;:{&amp;escapedquot;isPaid&amp;escapedquot;:true},&amp;escapedquot;href&amp;escapedquot;:&amp;escapedquot;\/berlin\/bezirke\/pankow\/nachste-verschiebung-bei-sporthallen-bauruine-jahrelanges-warten-auf-28-millionen-euro-projekt-in-berlin-geht-weiter-15933829.html&amp;escapedquot;,&amp;escapedquot;teaserTitle&amp;escapedquot;:{&amp;escapedquot;kicker&amp;escapedquot;:&amp;escapedquot;N\u00e4chste Verschiebung bei Sporthallen-Bauruine&amp;escapedquot;,&amp;escapedquot;headline&amp;escapedquot;:&amp;escapedquot;Jahrelanges Warten auf 28-Millionen-Euro-Projekt in Berlin geht weiter&amp;escapedquot;},&amp;escapedquot;id&amp;escapedquot;:&amp;escapedquot;15933829&amp;escapedquot;,&amp;escapedquot;type&amp;escapedquot;:&amp;escapedquot;story&amp;escapedquot;},&amp;escapedquot;isPartOfList&amp;escapedquot;:true,&amp;escapedquot;topicListType&amp;escapedquot;:&amp;escapedquot;topic-list&amp;escapedquot;},&amp;escapedquot;showArrow&amp;escapedquot;:true}\" data-hydrate-slots=\"{&#039;default&#039;:[]}\" class=\"tspCVqn tspDEsb\" rel=\"nofollow noopener\" target=\"_blank\">N\u00e4chste Verschiebung bei Sporthallen-Bauruine Jahrelanges Warten auf 28-Millionen-Euro-Projekt in Berlin geht weiter <\/a><a href=\"https:\/\/www.tagesspiegel.de\/berlin\/bezirke\/pankow\/mit-note-11-ans-wunsch-gymnasium-spitzennoten-sind-an-begehrten-schulen-in-berlin-pankow-ein-muss-15910340.html?icid=topic-list_15949743___\" data-gtm-class=\"article-mzt-link\" data-hydrate-fingerprint=\"09740a54944caac75fd2c0c63fd5c5df\" data-hydrate-props=\"{&amp;escapedquot;element&amp;escapedquot;:{&amp;escapedquot;type&amp;escapedquot;:&amp;escapedquot;relatedContent&amp;escapedquot;,&amp;escapedquot;fieldMap&amp;escapedquot;:{},&amp;escapedquot;relation&amp;escapedquot;:{&amp;escapedquot;fields&amp;escapedquot;:{&amp;escapedquot;isPaid&amp;escapedquot;:true},&amp;escapedquot;href&amp;escapedquot;:&amp;escapedquot;\/berlin\/bezirke\/pankow\/mit-note-11-ans-wunsch-gymnasium-spitzennoten-sind-an-begehrten-schulen-in-berlin-pankow-ein-muss-15910340.html&amp;escapedquot;,&amp;escapedquot;teaserTitle&amp;escapedquot;:{&amp;escapedquot;kicker&amp;escapedquot;:&amp;escapedquot;Mit Note 1,1 ans Wunsch-Gymnasium&amp;escapedquot;,&amp;escapedquot;headline&amp;escapedquot;:&amp;escapedquot;Diese Spitzennoten sind an begehrten Schulen in Berlin-Pankow ein Muss&amp;escapedquot;},&amp;escapedquot;id&amp;escapedquot;:&amp;escapedquot;15910340&amp;escapedquot;,&amp;escapedquot;type&amp;escapedquot;:&amp;escapedquot;story&amp;escapedquot;},&amp;escapedquot;isPartOfList&amp;escapedquot;:true,&amp;escapedquot;topicListType&amp;escapedquot;:&amp;escapedquot;topic-list&amp;escapedquot;},&amp;escapedquot;showArrow&amp;escapedquot;:true}\" data-hydrate-slots=\"{&#039;default&#039;:[]}\" class=\"tspCVqn tspDEsb\" rel=\"nofollow noopener\" target=\"_blank\">Mit Note 1,1 ans Wunsch-Gymnasium Diese Spitzennoten sind an begehrten Schulen in Berlin-Pankow ein Muss <\/a><a href=\"https:\/\/www.tagesspiegel.de\/berlin\/bezirke\/pankow\/ding-dong-ping-pong--platte-frei-rund-um-die-uhr-tischtennis-spielen-in-prenzlauer-berg-15939302.html?icid=topic-list_15949743___\" data-gtm-class=\"article-mzt-link\" data-hydrate-fingerprint=\"09740a54944caac75fd2c0c63fd5c5df\" data-hydrate-props=\"{&amp;escapedquot;element&amp;escapedquot;:{&amp;escapedquot;type&amp;escapedquot;:&amp;escapedquot;relatedContent&amp;escapedquot;,&amp;escapedquot;fieldMap&amp;escapedquot;:{},&amp;escapedquot;relation&amp;escapedquot;:{&amp;escapedquot;fields&amp;escapedquot;:{&amp;escapedquot;isPaid&amp;escapedquot;:true},&amp;escapedquot;href&amp;escapedquot;:&amp;escapedquot;\/berlin\/bezirke\/pankow\/ding-dong-ping-pong--platte-frei-rund-um-die-uhr-tischtennis-spielen-in-prenzlauer-berg-15939302.html&amp;escapedquot;,&amp;escapedquot;teaserTitle&amp;escapedquot;:{&amp;escapedquot;kicker&amp;escapedquot;:&amp;escapedquot;Ding Dong\u00a0Ping Pong \u2013 Platte frei&amp;escapedquot;,&amp;escapedquot;headline&amp;escapedquot;:&amp;escapedquot;Rund um die Uhr Tischtennis spielen in Prenzlauer Berg&amp;escapedquot;},&amp;escapedquot;id&amp;escapedquot;:&amp;escapedquot;15939302&amp;escapedquot;,&amp;escapedquot;type&amp;escapedquot;:&amp;escapedquot;story&amp;escapedquot;},&amp;escapedquot;isPartOfList&amp;escapedquot;:true,&amp;escapedquot;topicListType&amp;escapedquot;:&amp;escapedquot;topic-list&amp;escapedquot;},&amp;escapedquot;showArrow&amp;escapedquot;:true}\" data-hydrate-slots=\"{&#039;default&#039;:[]}\" class=\"tspCVqn tspDEsb\" rel=\"nofollow noopener\" target=\"_blank\">Ding Dong\u00a0Ping Pong \u2013 Platte frei Rund um die Uhr Tischtennis spielen in Prenzlauer Berg <\/a><\/p>\n<p class=\"tspCHpd\">Mit dem Umzug in die Amalienstra\u00dfe kann nun auch die n\u00e4chste Etappe starten: Am bisherigen Ersatzstandort in der Falkenberger Stra\u00dfe gibt es Pl\u00e4ne, eine Integrierte Sekundarschule zu entwickeln.<\/p>\n<p> Stadtrat wehrt sich gegen neue Vorw\u00fcrfe <\/p>\n<p class=\"tspCHpd\">Politisch ist das Thema mit der R\u00fcckkehr f\u00fcr Pasternack allerdings nicht beendet. <a href=\"https:\/\/www.tagesspiegel.de\/berlin\/bezirke\/pankow\/unbequeme-fragen-an-den-stadtrat-sechs-millionen-euro-streit-um-berliner-schulbaustelle-nimmt-kein-ende-15891566.html\" target=\"_blank\" rel=\"noopener nofollow\" class=\"link link--external\" data-gtm-class=\"article-text-link\" data-gtm-val=\"external\" aria-describedby=\"message-target-blank\">Der Bezirksstadtrat war zuletzt unter Druck geraten<\/a>, weil die Anfrage des SPD-Abgeordneten Dennis Buchner ergeben hatte, dass offenbar Auftr\u00e4ge an Bauunternehmen vergeben wurden, obwohl die erforderliche Bewilligung des Senats noch gar nicht vorlag.<\/p>\n<p class=\"tspCHpd\">Die SPD Pankow wirft Pasternack deshalb vor, gegen geltendes Haushaltsrecht versto\u00dfen zu haben. Im schlimmsten Fall k\u00f6nnten dem Bezirk dadurch erhebliche Kosten entstehen, wie die SPD Pankow und die Gr\u00fcnen bef\u00fcrchten.<\/p>\n<p class=\"tspCHpd\">In einer eigens einberufenen Sondersitzung des Finanzausschusses des Bezirks musste sich Pasternack Ende Juli den unbequemen Fragen der Verordneten stellen.\u00a0Er konterte mit Verweis auf \u201eunterschiedliche Rechtsauffassungen\u201c zwischen Bezirk und Finanzsenat, was die Zul\u00e4ssigkeit dieses Vorgehens betrifft. Welche Auffassung sich tats\u00e4chlich durchsetzen wird, bleibt offen.<\/p>\n","protected":false},"excerpt":{"rendered":"Das nennt man wohl eine Punktlandung: Nach sagenhaften acht Jahren Sanierung soll die Grundschule am Wei\u00dfen See in&hellip;\n","protected":false},"author":2,"featured_media":1060784,"comment_status":"","ping_status":"","sticky":false,"template":"","format":"standard","meta":{"footnotes":"","_share_on_mastodon":"0"},"categories":[1825],"tags":[5871,296,5006,31,29,30,530,966,184],"class_list":["post-1242478","post","type-post","status-publish","format-standard","has-post-thumbnail","category-berlin","tag-grundschule","tag-berlin","tag-bezirke","tag-cdu","tag-deutschland","tag-germany","tag-pankow","tag-schule","tag-spd"],"share_on_mastodon":{"url":"","error":""},"_links":{"self":[{"href":"https:\/\/www.europesays.com\/de\/wp-json\/wp\/v2\/posts\/1242478","targetHints":{"allow":["GET"]}}],"collection":[{"href":"https:\/\/www.europesays.com\/de\/wp-json\/wp\/v2\/posts"}],"about":[{"href":"https:\/\/www.europesays.com\/de\/wp-json\/wp\/v2\/types\/post"}],"author":[{"embeddable":true,"href":"https:\/\/www.europesays.com\/de\/wp-json\/wp\/v2\/users\/2"}],"replies":[{"embeddable":true,"href":"https:\/\/www.europesays.com\/de\/wp-json\/wp\/v2\/comments?post=1242478"}],"version-history":[{"count":0,"href":"https:\/\/www.europesays.com\/de\/wp-json\/wp\/v2\/posts\/1242478\/revisions"}],"wp:featuredmedia":[{"embeddable":true,"href":"https:\/\/www.europesays.com\/de\/wp-json\/wp\/v2\/media\/1060784"}],"wp:attachment":[{"href":"https:\/\/www.europesays.com\/de\/wp-json\/wp\/v2\/media?parent=1242478"}],"wp:term":[{"taxonomy":"category","embeddable":true,"href":"https:\/\/www.europesays.com\/de\/wp-json\/wp\/v2\/categories?post=1242478"},{"taxonomy":"post_tag","embeddable":true,"href":"https:\/\/www.europesays.com\/de\/wp-json\/wp\/v2\/tags?post=1242478"}],"curies":[{"name":"wp","href":"https:\/\/api.w.org\/{rel}","templated":true}]}}