{"id":1242554,"date":"2026-08-17T12:32:17","date_gmt":"2026-08-17T12:32:17","guid":{"rendered":"https:\/\/www.europesays.com\/de\/1242554\/"},"modified":"2026-08-17T12:32:17","modified_gmt":"2026-08-17T12:32:17","slug":"nations-league-26-27-spielplan-wann-spielt-deutschland","status":"publish","type":"post","link":"https:\/\/www.europesays.com\/de\/1242554\/","title":{"rendered":"Nations League 26\/27: Spielplan \u2013 wann spielt Deutschland?"},"content":{"rendered":"<p class=\"mb-6 text-xs-varying md:text-m lg:text-l font-serif group-[.font-sans]:font-sans \">\n    Die UEFA Nations League 2026\/27 markiert f\u00fcr die deutsche Nationalmannschaft den Beginn eines neuen Kapitels. Nach dem entt\u00e4uschenden Aus bei der Weltmeisterschaft 2026 und dem anschlie\u00dfenden R\u00fccktritt von Julian Nagelsmann steht das DFB-Team unter der Leitung des neuen Bundestrainers <a href=\"https:\/\/www.sportschau.de\/fussball\/fifa-wm-2026\/juergen-klopp-ist-neuer-bundestrainer,wm-juergen-klopp-wird-bundestrainer-100.htm\" rel=\"nofollow noopener\" target=\"_blank\" class=\"underline \">J\u00fcrgen Klopp<\/a> vor einer wichtigen Bew\u00e4hrungsprobe. Die Nations League bietet fr\u00fch die Gelegenheit, die richtigen Antworten auf die j\u00fcngsten R\u00fcckschl\u00e4ge zu geben und eine neue sportliche Perspektive zu entwickeln.\n  <\/p>\n<p class=\"mb-6 text-xs-varying md:text-m lg:text-l font-serif group-[.font-sans]:font-sans \">\n    Die Ausgangslage ist dabei von einem Spannungsfeld zwischen Neuanfang und Erwartungsdruck gepr\u00e4gt. Klopp soll einer Mannschaft, die \u00fcber viel individuelles Potenzial verf\u00fcgt, neue Impulse und eine klare Identit\u00e4t verleihen. Gleichzeitig wird der Wettbewerb zu einer ersten Standortbestimmung gegen Europas Spitzenmannschaften und damit zu einem Gradmesser daf\u00fcr, wie schnell Deutschland wieder den Anschluss an die internationale Spitze schaffen kann. Die deutsche Mannschaft spielt innerhalb der Division A in der Gruppe A2.\n  <\/p>\n<p>            UEFA Nations League Division A \u2013 die Teams<\/p>\n<p class=\"mb-6 text-xs-varying md:text-m lg:text-l font-serif group-[.font-sans]:font-sans \">\n    Die Division A besteht aus diesen vier <a href=\"https:\/\/de.uefa.com\/uefanationsleague\/standings\/\" rel=\"nofollow noopener\" target=\"_blank\" class=\"underline \">Gruppen<\/a>:\n  <\/p>\n<p class=\"mb-6 text-xs-varying md:text-m lg:text-l font-serif group-[.font-sans]:font-sans \">\n    <strong class=\"font-bold\">Gruppe A1<\/strong>\n  <\/p>\n<ul rel=\"\" class=\"[&amp;&gt;li]:relative list-none  [&amp;&gt;li]:pl-[1.2em] [&amp;&gt;li]:marker:text-[0] [&amp;&gt;li]:relative [&amp;&gt;li]:before:absolute [&amp;&gt;li]:before:w-3 [&amp;&gt;li]:before:h-3 [&amp;&gt;li]:before:bg-brand [&amp;&gt;li]:before:left-0 [&amp;&gt;li]:before:rounded-full [&amp;&gt;li]:before:top-[8px] md:[&amp;&gt;li]:before:top-[9px] lg:[&amp;&gt;li]:before:top-[11px]  my-5\">\n<li class=\" mb-3 text-xs-varying md:text-m lg:text-l\">Frankreich<\/li>\n<li class=\" mb-3 text-xs-varying md:text-m lg:text-l\">Italien<\/li>\n<li class=\" mb-3 text-xs-varying md:text-m lg:text-l\">Belgien<\/li>\n<li class=\" mb-3 text-xs-varying md:text-m lg:text-l\">T\u00fcrkei<\/li>\n<\/ul>\n<p class=\"mb-6 text-xs-varying md:text-m lg:text-l font-serif group-[.font-sans]:font-sans \">\n    <strong class=\"font-bold\">Gruppe A2<\/strong>\n  <\/p>\n<ul rel=\"\" class=\"[&amp;&gt;li]:relative list-none  [&amp;&gt;li]:pl-[1.2em] [&amp;&gt;li]:marker:text-[0] [&amp;&gt;li]:relative [&amp;&gt;li]:before:absolute [&amp;&gt;li]:before:w-3 [&amp;&gt;li]:before:h-3 [&amp;&gt;li]:before:bg-brand [&amp;&gt;li]:before:left-0 [&amp;&gt;li]:before:rounded-full [&amp;&gt;li]:before:top-[8px] md:[&amp;&gt;li]:before:top-[9px] lg:[&amp;&gt;li]:before:top-[11px]  my-5\">\n<li class=\" mb-3 text-xs-varying md:text-m lg:text-l\">Deutschland<\/li>\n<li class=\" mb-3 text-xs-varying md:text-m lg:text-l\">Niederlande<\/li>\n<li class=\" mb-3 text-xs-varying md:text-m lg:text-l\">Serbien<\/li>\n<li class=\" mb-3 text-xs-varying md:text-m lg:text-l\">Griechenland<\/li>\n<\/ul>\n<p class=\"mb-6 text-xs-varying md:text-m lg:text-l font-serif group-[.font-sans]:font-sans \">\n    <strong class=\"font-bold\">Gruppe A3<\/strong>\n  <\/p>\n<ul rel=\"\" class=\"[&amp;&gt;li]:relative list-none  [&amp;&gt;li]:pl-[1.2em] [&amp;&gt;li]:marker:text-[0] [&amp;&gt;li]:relative [&amp;&gt;li]:before:absolute [&amp;&gt;li]:before:w-3 [&amp;&gt;li]:before:h-3 [&amp;&gt;li]:before:bg-brand [&amp;&gt;li]:before:left-0 [&amp;&gt;li]:before:rounded-full [&amp;&gt;li]:before:top-[8px] md:[&amp;&gt;li]:before:top-[9px] lg:[&amp;&gt;li]:before:top-[11px]  my-5\">\n<li class=\" mb-3 text-xs-varying md:text-m lg:text-l\">Spanien<\/li>\n<li class=\" mb-3 text-xs-varying md:text-m lg:text-l\">Kroatien<\/li>\n<li class=\" mb-3 text-xs-varying md:text-m lg:text-l\">England<\/li>\n<li class=\" mb-3 text-xs-varying md:text-m lg:text-l\">Tschechien<\/li>\n<\/ul>\n<p class=\"mb-6 text-xs-varying md:text-m lg:text-l font-serif group-[.font-sans]:font-sans \">\n    <strong class=\"font-bold\">Gruppe A4<\/strong>\n  <\/p>\n<ul rel=\"\" class=\"[&amp;&gt;li]:relative list-none  [&amp;&gt;li]:pl-[1.2em] [&amp;&gt;li]:marker:text-[0] [&amp;&gt;li]:relative [&amp;&gt;li]:before:absolute [&amp;&gt;li]:before:w-3 [&amp;&gt;li]:before:h-3 [&amp;&gt;li]:before:bg-brand [&amp;&gt;li]:before:left-0 [&amp;&gt;li]:before:rounded-full [&amp;&gt;li]:before:top-[8px] md:[&amp;&gt;li]:before:top-[9px] lg:[&amp;&gt;li]:before:top-[11px]  my-5\">\n<li class=\" mb-3 text-xs-varying md:text-m lg:text-l\">Portugal<\/li>\n<li class=\" mb-3 text-xs-varying md:text-m lg:text-l\">D\u00e4nemark<\/li>\n<li class=\" mb-3 text-xs-varying md:text-m lg:text-l\">Norwegen<\/li>\n<li class=\" mb-3 text-xs-varying md:text-m lg:text-l\">Wales<\/li>\n<\/ul>\n<p>            Spielplan der UEFA Nations League Division A<\/p>\n<p class=\"mb-6 text-xs-varying md:text-m lg:text-l font-serif group-[.font-sans]:font-sans \">\n    Und so sieht der <a href=\"https:\/\/de.uefa.com\/uefanationsleague\/fixtures-results\/#\/d\/2026-09-25\" rel=\"nofollow noopener\" target=\"_blank\" class=\"underline \">Spielplan<\/a> der Division A aus:\n  <\/p>\n<p class=\"mb-6 text-xs-varying md:text-m lg:text-l font-serif group-[.font-sans]:font-sans \">\n    <strong class=\"font-bold\">Gruppe A1<\/strong>\n  <\/p>\n<ul rel=\"\" class=\"[&amp;&gt;li]:relative list-none  [&amp;&gt;li]:pl-[1.2em] [&amp;&gt;li]:marker:text-[0] [&amp;&gt;li]:relative [&amp;&gt;li]:before:absolute [&amp;&gt;li]:before:w-3 [&amp;&gt;li]:before:h-3 [&amp;&gt;li]:before:bg-brand [&amp;&gt;li]:before:left-0 [&amp;&gt;li]:before:rounded-full [&amp;&gt;li]:before:top-[8px] md:[&amp;&gt;li]:before:top-[9px] lg:[&amp;&gt;li]:before:top-[11px]  my-5\">\n<li class=\" mb-3 text-xs-varying md:text-m lg:text-l\">25.09.2026, 20.45 Uhr: Italien \u2013 Belgien<\/li>\n<li class=\" mb-3 text-xs-varying md:text-m lg:text-l\">25.09.2026, 20.45 Uhr: T\u00fcrkei \u2013 Frankreich<\/li>\n<li class=\" mb-3 text-xs-varying md:text-m lg:text-l\">28.09.2026, 20.45 Uhr: Belgien \u2013 Frankreich<\/li>\n<li class=\" mb-3 text-xs-varying md:text-m lg:text-l\">28.09.2026, 20.45 Uhr: T\u00fcrkei \u2013 Italien<\/li>\n<li class=\" mb-3 text-xs-varying md:text-m lg:text-l\">02.10.2026, 20.45 Uhr: Belgien \u2013 T\u00fcrkei<\/li>\n<li class=\" mb-3 text-xs-varying md:text-m lg:text-l\">02.10.2026, 20.45 Uhr: Frankreich \u2013 Italien<\/li>\n<\/ul>\n<p class=\"mb-6 text-xs-varying md:text-m lg:text-l font-serif group-[.font-sans]:font-sans \">\n    <strong class=\"font-bold\">Gruppe A2<\/strong>\n  <\/p>\n<p class=\"mb-6 text-xs-varying md:text-m lg:text-l font-serif group-[.font-sans]:font-sans \">\n    Die Angaben zum Spielort und der TV-\u00dcbertragung lieferte uns der <a href=\"https:\/\/www.dfb.de\/maenner\/nationalmannschaften\/nationalmannschaft\/spiele-und-termine\" rel=\"nofollow noopener\" target=\"_blank\" class=\"underline \">DFB<\/a>.\n  <\/p>\n<ul rel=\"\" class=\"[&amp;&gt;li]:relative list-none  [&amp;&gt;li]:pl-[1.2em] [&amp;&gt;li]:marker:text-[0] [&amp;&gt;li]:relative [&amp;&gt;li]:before:absolute [&amp;&gt;li]:before:w-3 [&amp;&gt;li]:before:h-3 [&amp;&gt;li]:before:bg-brand [&amp;&gt;li]:before:left-0 [&amp;&gt;li]:before:rounded-full [&amp;&gt;li]:before:top-[8px] md:[&amp;&gt;li]:before:top-[9px] lg:[&amp;&gt;li]:before:top-[11px]  my-5\">\n<li class=\" mb-3 text-xs-varying md:text-m lg:text-l\">24.09.2026, 20.45 Uhr Niederlande \u2013 Deutschland, Johan Cruijff Arena (Amsterdam), TV: RTL<\/li>\n<li class=\" mb-3 text-xs-varying md:text-m lg:text-l\">27.09.2026, 20.45 Uhr: Deutschland \u2013 Griechenland,  WWK Arena (Augsburg), TV: ARD<\/li>\n<li class=\" mb-3 text-xs-varying md:text-m lg:text-l\">01.10.2026, 20.45 Uhr: Deutschland \u2013 Serbien, Allianz Arena (M\u00fcnchen), TV: ZDF<\/li>\n<li class=\" mb-3 text-xs-varying md:text-m lg:text-l\">04.10.2026, 20.45 Uhr: Griechenland \u2013 Deutschland, Toumba Stadium (Thessaloniki), TV: RTL<\/li>\n<li class=\" mb-3 text-xs-varying md:text-m lg:text-l\">13.11.2026, 20.45 Uhr: Serbien \u2013 Deutschland, Spielort in Serbien noch offen, TV: RTL<\/li>\n<li class=\" mb-3 text-xs-varying md:text-m lg:text-l\">16.11.2026, 20.45 Uhr: Deutschland \u2013 Niederlande, Olympiastadion (Berlin), TV: ARD<\/li>\n<\/ul>\n<p class=\"mb-6 text-xs-varying md:text-m lg:text-l font-serif group-[.font-sans]:font-sans \">\n    <strong class=\"font-bold\">Gruppe A3<\/strong>\n  <\/p>\n<ul rel=\"\" class=\"[&amp;&gt;li]:relative list-none  [&amp;&gt;li]:pl-[1.2em] [&amp;&gt;li]:marker:text-[0] [&amp;&gt;li]:relative [&amp;&gt;li]:before:absolute [&amp;&gt;li]:before:w-3 [&amp;&gt;li]:before:h-3 [&amp;&gt;li]:before:bg-brand [&amp;&gt;li]:before:left-0 [&amp;&gt;li]:before:rounded-full [&amp;&gt;li]:before:top-[8px] md:[&amp;&gt;li]:before:top-[9px] lg:[&amp;&gt;li]:before:top-[11px]  my-5\">\n<li class=\" mb-3 text-xs-varying md:text-m lg:text-l\">26.09.2026, 20.45 Uhr: Tschechien \u2013 Kroatien<\/li>\n<li class=\" mb-3 text-xs-varying md:text-m lg:text-l\">26.09.2026, 20.45 Uhr: England \u2013 Spanien<\/li>\n<li class=\" mb-3 text-xs-varying md:text-m lg:text-l\">29.09.2026, 20.45 Uhr: Tschechien \u2013 England<\/li>\n<li class=\" mb-3 text-xs-varying md:text-m lg:text-l\">29.09.2026, 20.45 Uhr: Spanien \u2013 Kroatien<\/li>\n<li class=\" mb-3 text-xs-varying md:text-m lg:text-l\">03.10.2026, 18 Uhr: Kroatien \u2013 England<\/li>\n<li class=\" mb-3 text-xs-varying md:text-m lg:text-l\">03.10.2026, 20.45 Uhr: Spanien \u2013 Tschechien<\/li>\n<\/ul>\n<p class=\"mb-6 text-xs-varying md:text-m lg:text-l font-serif group-[.font-sans]:font-sans \">\n    <strong class=\"font-bold\">Gruppe A4<\/strong>\n  <\/p>\n<ul rel=\"\" class=\"[&amp;&gt;li]:relative list-none  [&amp;&gt;li]:pl-[1.2em] [&amp;&gt;li]:marker:text-[0] [&amp;&gt;li]:relative [&amp;&gt;li]:before:absolute [&amp;&gt;li]:before:w-3 [&amp;&gt;li]:before:h-3 [&amp;&gt;li]:before:bg-brand [&amp;&gt;li]:before:left-0 [&amp;&gt;li]:before:rounded-full [&amp;&gt;li]:before:top-[8px] md:[&amp;&gt;li]:before:top-[9px] lg:[&amp;&gt;li]:before:top-[11px]  my-5\">\n<li class=\" mb-3 text-xs-varying md:text-m lg:text-l\">24.09.2026, 20.45 Uhr: Norwegen \u2013 D\u00e4nemark<\/li>\n<li class=\" mb-3 text-xs-varying md:text-m lg:text-l\">24.09.2026, 20.45 Uhr: Portugal \u2013 Wales<\/li>\n<li class=\" mb-3 text-xs-varying md:text-m lg:text-l\">27.09.2026, 18 Uhr: D\u00e4nemark \u2013 Wales<\/li>\n<li class=\" mb-3 text-xs-varying md:text-m lg:text-l\">27.09.2026, 20.45 Uhr: Norwegen \u2013 Portugal<\/li>\n<li class=\" mb-3 text-xs-varying md:text-m lg:text-l\">01.10.2026, 20.45 Uhr: D\u00e4nemark \u2013 Portugal<\/li>\n<li class=\" mb-3 text-xs-varying md:text-m lg:text-l\">01.10.2026, 20.45 Uhr: Wales \u2013 Norwegen<\/li>\n<\/ul>\n<p>            Divisionen B bis D der UEFA Nations League<\/p>\n<p class=\"mb-6 text-xs-varying md:text-m lg:text-l font-serif group-[.font-sans]:font-sans \">\n    Die Teams und die Spielpl\u00e4ne der Divisionen B bis D finden Sie auf der <a href=\"https:\/\/de.uefa.com\/uefanationsleague\/fixtures-results\/#\/d\/2026-09-26\" rel=\"nofollow noopener\" target=\"_blank\" class=\"underline \">Website der UEFA<\/a>.\n  <\/p>\n","protected":false},"excerpt":{"rendered":"Die UEFA Nations League 2026\/27 markiert f\u00fcr die deutsche Nationalmannschaft den Beginn eines neuen Kapitels. Nach dem entt\u00e4uschenden&hellip;\n","protected":false},"author":2,"featured_media":1242555,"comment_status":"","ping_status":"","sticky":false,"template":"","format":"standard","meta":{"footnotes":"","_share_on_mastodon":"0"},"categories":[2],"tags":[90663,331,3924,332,3922,3364,29,481,663,30,13,2602,4665,14,3923,10260,15,3921,12,21013,1681,59464],"class_list":["post-1242554","post","type-post","status-publish","format-standard","has-post-thumbnail","category-deutschland","tag-a-3","tag-aktuelle-nachrichten","tag-aktuelle-nachrichten-aus-deutschland","tag-aktuelle-news","tag-aktuelle-news-aus-deutschland","tag-de","tag-deutschland","tag-dfb","tag-europa","tag-germany","tag-headlines","tag-julian-nagelsmann","tag-juergen-klopp","tag-nachrichten","tag-nachrichten-aus-deutschland","tag-nations-league","tag-news","tag-news-aus-deutschland","tag-schlagzeilen","tag-spielplan","tag-uefa","tag-uefa-nations-league"],"share_on_mastodon":{"url":"https:\/\/pubeurope.com\/@de\/117110869540707246","error":""},"_links":{"self":[{"href":"https:\/\/www.europesays.com\/de\/wp-json\/wp\/v2\/posts\/1242554","targetHints":{"allow":["GET"]}}],"collection":[{"href":"https:\/\/www.europesays.com\/de\/wp-json\/wp\/v2\/posts"}],"about":[{"href":"https:\/\/www.europesays.com\/de\/wp-json\/wp\/v2\/types\/post"}],"author":[{"embeddable":true,"href":"https:\/\/www.europesays.com\/de\/wp-json\/wp\/v2\/users\/2"}],"replies":[{"embeddable":true,"href":"https:\/\/www.europesays.com\/de\/wp-json\/wp\/v2\/comments?post=1242554"}],"version-history":[{"count":0,"href":"https:\/\/www.europesays.com\/de\/wp-json\/wp\/v2\/posts\/1242554\/revisions"}],"wp:featuredmedia":[{"embeddable":true,"href":"https:\/\/www.europesays.com\/de\/wp-json\/wp\/v2\/media\/1242555"}],"wp:attachment":[{"href":"https:\/\/www.europesays.com\/de\/wp-json\/wp\/v2\/media?parent=1242554"}],"wp:term":[{"taxonomy":"category","embeddable":true,"href":"https:\/\/www.europesays.com\/de\/wp-json\/wp\/v2\/categories?post=1242554"},{"taxonomy":"post_tag","embeddable":true,"href":"https:\/\/www.europesays.com\/de\/wp-json\/wp\/v2\/tags?post=1242554"}],"curies":[{"name":"wp","href":"https:\/\/api.w.org\/{rel}","templated":true}]}}