{"id":1242610,"date":"2026-08-17T13:09:13","date_gmt":"2026-08-17T13:09:13","guid":{"rendered":"https:\/\/www.europesays.com\/de\/1242610\/"},"modified":"2026-08-17T13:09:13","modified_gmt":"2026-08-17T13:09:13","slug":"fussball-attraktive-pokal-lose-fuer-berliner-clubs-und-turbine","status":"publish","type":"post","link":"https:\/\/www.europesays.com\/de\/1242610\/","title":{"rendered":"Fu\u00dfball: Attraktive Pokal-Lose f\u00fcr Berliner Clubs und Turbine"},"content":{"rendered":"<p class=\"paragraph article__item\">Das Quartett aus <a class=\"rtr-entity\" href=\"https:\/\/www.zeit.de\/thema\/berlin\" rel=\"nofollow noopener\" target=\"_blank\">Berlin<\/a> und Brandenburg hat f\u00fcr die erste Hauptrunde des DFB-Pokals der Frauen attraktive Lose gezogen. Die Auswahl von Hertha BSC trifft als Zweitliga-Aufsteiger auf den Fu\u00dfball-Bundesligisten 1. FC K\u00f6ln. Auch das Team vom FC Viktoria Berlin bekommt es in Bayer Leverkusen mit einem Erstligisten zu tun.\u00a0\n<\/p>\n<p>Aktuelles<\/p>\n<p>                <a href=\"https:\/\/www.zeit.de\/politik\/2026-07\/deutschland-spricht-plattform-gespraeche-polarisierung-anmeldung\" data-ct-label=\"Deutschland spricht: Verstehen wir uns noch?\" data-uuid=\"1d0e852e-1b92-4727-83ac-600649729959\" rel=\"nofollow noopener\" target=\"_blank\"><\/p>\n<p>                        Deutschland spricht:<br \/>\n                        Verstehen wir uns noch?<\/p>\n<p>                <\/a><\/p>\n<p>                <a href=\"https:\/\/www.zeit.de\/hamburg\/2026-08\/elbvertiefung-03-08-2026\" data-ct-label=\"Elbvertiefung: Der t\u00e4gliche Newsletter aus Hamburg: Die B\u00fcrgerschaft will Volksinitiativen strenger reglementieren\" data-uuid=\"c90a47c9-85b8-4150-80a1-2fa11fe59cd6\" rel=\"nofollow noopener\" target=\"_blank\"><\/p>\n<p>                        Elbvertiefung: Der t\u00e4gliche Newsletter aus Hamburg:<br \/>\n                        Die B\u00fcrgerschaft will Volksinitiativen strenger reglementieren<\/p>\n<p>                <\/a><\/p>\n<p>                <a href=\"https:\/\/www.zeit.de\/politik\/deutschland\/2026-07\/thorsten-frei-unionsfraktionschef-jens-spahn-cdu\" data-ct-label=\"Umbau der Bundesregierung: Frei warnt CDU davor, ihre derzeitige Situation zu untersch\u00e4tzen\" data-uuid=\"9e561cef-64bf-4e0d-b2a8-837d3aa37b9e\" rel=\"nofollow noopener\" target=\"_blank\"><\/p>\n<p>                        Umbau der Bundesregierung:<br \/>\n                        Frei warnt CDU davor, ihre derzeitige Situation zu untersch\u00e4tzen<\/p>\n<p>                <\/a><\/p>\n<p class=\"paragraph article__item\">Turbine Potsdam hat zwischen dem 26. und 28. September ebenfalls Heimrecht und empf\u00e4ngt den Bundesliga-Aufsteiger VfB Stuttgart. Als einziger Erstligist der Region reist der 1. FC Union Berlin zum Regionalligateam des 1. FC Magdeburg. Das ergab die Auslosung durch Ex-Nationalspielerin Kerstin Garefrekes.\u00a0\n<\/p>\n<p class=\"paragraph article__item\">\u00abWir freuen uns auf den Pokalwettbewerb, in dem wir gerne weit kommen m\u00f6chten. Das heutige Los Magdeburg kommt uns gelegen, da es besonders f\u00fcr unsere Fans keine allzu weite Anreise ist. Wir werden uns auf dieses Spiel gut vorbereiten, um erfolgreich in die n\u00e4chste Runde einzuziehen\u00bb, sagte Union-Berlins Gesch\u00e4ftsf\u00fchrerin Jennifer Zietz\u00a0zum Los.\n<\/p>\n<p class=\"paragraph article__item\">\u00a9 dpa-infocom, dpa:260817-930-542683\/1<\/p>\n","protected":false},"excerpt":{"rendered":"Das Quartett aus Berlin und Brandenburg hat f\u00fcr die erste Hauptrunde des DFB-Pokals der Frauen attraktive Lose gezogen.&hellip;\n","protected":false},"author":2,"featured_media":1242611,"comment_status":"","ping_status":"","sticky":false,"template":"","format":"standard","meta":{"footnotes":"","_share_on_mastodon":"0"},"categories":[1825],"tags":[1941,1939,296,1937,1890,3476,29,347,30,17558,3140,1940,15,1938,189657],"class_list":["post-1242610","post","type-post","status-publish","format-standard","has-post-thumbnail","category-berlin","tag-aktuelle-nachrichten-aus-berlin","tag-aktuelle-news-aus-berlin","tag-berlin","tag-berlin-news","tag-brandenburg","tag-deutscher-fussball-bund","tag-deutschland","tag-fussball","tag-germany","tag-hauptrunde","tag-hertha-bsc-berlin","tag-nachrichten-aus-berlin","tag-news","tag-news-aus-berlin","tag-turbine"],"share_on_mastodon":{"url":"https:\/\/pubeurope.com\/@de\/117111014583393527","error":""},"_links":{"self":[{"href":"https:\/\/www.europesays.com\/de\/wp-json\/wp\/v2\/posts\/1242610","targetHints":{"allow":["GET"]}}],"collection":[{"href":"https:\/\/www.europesays.com\/de\/wp-json\/wp\/v2\/posts"}],"about":[{"href":"https:\/\/www.europesays.com\/de\/wp-json\/wp\/v2\/types\/post"}],"author":[{"embeddable":true,"href":"https:\/\/www.europesays.com\/de\/wp-json\/wp\/v2\/users\/2"}],"replies":[{"embeddable":true,"href":"https:\/\/www.europesays.com\/de\/wp-json\/wp\/v2\/comments?post=1242610"}],"version-history":[{"count":0,"href":"https:\/\/www.europesays.com\/de\/wp-json\/wp\/v2\/posts\/1242610\/revisions"}],"wp:featuredmedia":[{"embeddable":true,"href":"https:\/\/www.europesays.com\/de\/wp-json\/wp\/v2\/media\/1242611"}],"wp:attachment":[{"href":"https:\/\/www.europesays.com\/de\/wp-json\/wp\/v2\/media?parent=1242610"}],"wp:term":[{"taxonomy":"category","embeddable":true,"href":"https:\/\/www.europesays.com\/de\/wp-json\/wp\/v2\/categories?post=1242610"},{"taxonomy":"post_tag","embeddable":true,"href":"https:\/\/www.europesays.com\/de\/wp-json\/wp\/v2\/tags?post=1242610"}],"curies":[{"name":"wp","href":"https:\/\/api.w.org\/{rel}","templated":true}]}}