{"id":1242638,"date":"2026-08-17T13:27:17","date_gmt":"2026-08-17T13:27:17","guid":{"rendered":"https:\/\/www.europesays.com\/de\/1242638\/"},"modified":"2026-08-17T13:27:17","modified_gmt":"2026-08-17T13:27:17","slug":"ventilatorenspezialist-ebm-papst-wird-an-us-konzern-verkauft","status":"publish","type":"post","link":"https:\/\/www.europesays.com\/de\/1242638\/","title":{"rendered":"Ventilatorenspezialist EBM-Papst wird an US-Konzern verkauft"},"content":{"rendered":"<p>            <img loading=\"lazy\" decoding=\"async\" class=\"ts-image\" src=\"https:\/\/www.europesays.com\/de\/wp-content\/uploads\/2026\/08\/ebm-papst-110.jpg\" alt=\"Mitarbeiter in der Produktion bei EBM-Papst.\" title=\"Mitarbeiter in der Produktion bei EBM-Papst. | picture alliance \/ ASSOCIATED PR\"\/><\/p>\n<p class=\"metatextline\">Stand: 17.08.2026 \u2022 14:39 Uhr<\/p>\n<p class=\"article-head__shorttext\">\n        <strong>Das deutsche Familienunternehmen EBM-Papst wird in die USA verkauft. F\u00fcr fast f\u00fcnf Milliarden Euro \u00fcbernimmt der US-Konzern Madison Air den Ventilatorenspezialisten aus Baden-W\u00fcrttemberg.<\/strong>\n    <\/p>\n<p class=\"textabsatz m-ten m-offset-one l-eight l-offset-two columns twelve\">Der Ventilatorenspezialist EBM-Papst wird f\u00fcr eine Milliardensumme in die USA verkauft. Das Familienunternehmen mit Sitz im baden-w\u00fcrttembergischen Mulfingen (Hohenlohekreis) geht an den b\u00f6rsennotierten Konzern Madison Air. Der Nettoverkaufspreis liege bei 4,775 Milliarden Euro. Im Rahmen des Verkaufs wird das deutsche Familienunternehmen mit 5,1 Milliarden Euro bewertet. Der Deal muss allerdings noch von den Beh\u00f6rden genehmigt werden.<\/p>\n<p class=\"textabsatz m-ten m-offset-one l-eight l-offset-two columns twelve\">Die bisherigen Gesellschafterfamilien scheiden nach einem Verkauf aus. Mulfingen bleibt den Angaben zufolge aber Hauptsitz von EBM-Papst. Der Vorstandschef von Madison Air, Jill Wyant, sagte: &#8222;Wir sind \u00fcberzeugt, dass wir gemeinsam auf dem bereits starken Fundament aufbauen k\u00f6nnen.&#8220; Der Vollzug des Gesch\u00e4fts wird Ende des Jahres erwartet.<\/p>\n<p>    Besserer Zugang zum US-Markt<\/p>\n<p class=\"textabsatz m-ten m-offset-one l-eight l-offset-two columns twelve\">Der Chef von EBM-Papst, Klaus Gei\u00dfd\u00f6rfer, sagte, das gro\u00dfe Potenzial f\u00fcr die Weiterentwicklung der Gruppe sei nicht ausgesch\u00f6pft, und mit Madison habe man einen Partner gefunden, der genau verstehe, was EBM-Papst ausmache und was man brauche, um die Marktf\u00fchrerschaft auszubauen. &#8222;Wir werden auch von einem besseren Zugang zum US-Markt profitieren.&#8220;<\/p>\n<p class=\"textabsatz m-ten m-offset-one l-eight l-offset-two columns twelve\">Madison Air sei fast nicht in Europa und Asien vertreten, sagte Gei\u00dfd\u00f6rfer. &#8222;Hier ist EBM-Papst gut aufgestellt. Deshalb erg\u00e4nzen wir uns gegenseitig gut.&#8220; Gei\u00dfd\u00f6rfer hatte zuletzt vor allem das Gesch\u00e4ft mit Rechenzentren stark ausgebaut, die gek\u00fchlt werden m\u00fcssen. Mit Hilfe des neuen Partners k\u00f6nne man unter anderem das Servicegesch\u00e4ft besser ausbauen. &#8222;Dieser Aspekt wird immer wichtiger.&#8220;<\/p>\n<p class=\"textabsatz m-ten m-offset-one l-eight l-offset-two columns twelve\">Madison Air ist auf Bel\u00fcftungs-, Filtrations- und K\u00fchlsysteme spezialisiert. Das Industrieunternehmen hat weltweit 9.000 Mitarbeiter. Der Umsatz betrug zuletzt 3,5 Milliarden Dollar. Die Gesellschafterfamilien von EBM-Papst sehen Madison als idealen Partner: Madison setze seit Jahrzehnten auf nachhaltige Unternehmensentwicklung. Der Konzern habe eine beeindruckende Aufstellung in der Luft- und K\u00fchltechnologie sowie regional in den USA, und die Perspektiven bei Rechenzentren und KI-Infrastruktur seien enorm.<\/p>\n<p>    Umsatzwachstum im laufenden Jahr erwartet<\/p>\n<p class=\"textabsatz m-ten m-offset-one l-eight l-offset-two columns twelve\">Der US-Konzern ist au\u00dferdem langj\u00e4hriger Kunde des deutschen Familienunternehmens, das weltweit mehr als 13.000 Besch\u00e4ftigte hat, davon 5.800 in Deutschland. Im vergangenen Gesch\u00e4ftsjahr, das Ende M\u00e4rz dieses Jahres endete, stieg der Umsatz von EBM-Papst um sechs Prozent auf rund 2,24 Milliarden Euro.<\/p>\n<p class=\"textabsatz m-ten m-offset-one l-eight l-offset-two columns twelve\">Allerdings sei das Wachstum durch den R\u00fcckzug aus mehreren Gesch\u00e4ftsfeldern beeinflusst worden; im Kerngesch\u00e4ft sei EBM-Papst um zw\u00f6lf Prozent gewachsen, hie\u00df es damals. F\u00fcr das laufende Gesch\u00e4ftsjahr rechnete das Unternehmen mit einem Umsatzwachstum in den fortgef\u00fchrten Gesch\u00e4ftsbereichen von mehr als zehn Prozent. Zum Gewinn macht EBM-Papst keine Angaben.<\/p>\n","protected":false},"excerpt":{"rendered":"Stand: 17.08.2026 \u2022 14:39 Uhr Das deutsche Familienunternehmen EBM-Papst wird in die USA verkauft. F\u00fcr fast f\u00fcnf Milliarden&hellip;\n","protected":false},"author":2,"featured_media":1242639,"comment_status":"","ping_status":"","sticky":false,"template":"","format":"standard","meta":{"footnotes":"","_share_on_mastodon":"0"},"categories":[134],"tags":[175,170,169,29,30,171,174,4563,173,172,843],"class_list":["post-1242638","post","type-post","status-publish","format-standard","has-post-thumbnail","category-unternehmen-maerkte","tag-business","tag-companies","tag-companies-markets","tag-deutschland","tag-germany","tag-markets","tag-maerkte","tag-mittelstand","tag-unternehmen","tag-unternehmen-maerkte","tag-verkauf"],"share_on_mastodon":{"url":"https:\/\/pubeurope.com\/@de\/117111087235952683","error":""},"_links":{"self":[{"href":"https:\/\/www.europesays.com\/de\/wp-json\/wp\/v2\/posts\/1242638","targetHints":{"allow":["GET"]}}],"collection":[{"href":"https:\/\/www.europesays.com\/de\/wp-json\/wp\/v2\/posts"}],"about":[{"href":"https:\/\/www.europesays.com\/de\/wp-json\/wp\/v2\/types\/post"}],"author":[{"embeddable":true,"href":"https:\/\/www.europesays.com\/de\/wp-json\/wp\/v2\/users\/2"}],"replies":[{"embeddable":true,"href":"https:\/\/www.europesays.com\/de\/wp-json\/wp\/v2\/comments?post=1242638"}],"version-history":[{"count":0,"href":"https:\/\/www.europesays.com\/de\/wp-json\/wp\/v2\/posts\/1242638\/revisions"}],"wp:featuredmedia":[{"embeddable":true,"href":"https:\/\/www.europesays.com\/de\/wp-json\/wp\/v2\/media\/1242639"}],"wp:attachment":[{"href":"https:\/\/www.europesays.com\/de\/wp-json\/wp\/v2\/media?parent=1242638"}],"wp:term":[{"taxonomy":"category","embeddable":true,"href":"https:\/\/www.europesays.com\/de\/wp-json\/wp\/v2\/categories?post=1242638"},{"taxonomy":"post_tag","embeddable":true,"href":"https:\/\/www.europesays.com\/de\/wp-json\/wp\/v2\/tags?post=1242638"}],"curies":[{"name":"wp","href":"https:\/\/api.w.org\/{rel}","templated":true}]}}