{"id":1242756,"date":"2026-08-17T14:41:17","date_gmt":"2026-08-17T14:41:17","guid":{"rendered":"https:\/\/www.europesays.com\/de\/1242756\/"},"modified":"2026-08-17T14:41:17","modified_gmt":"2026-08-17T14:41:17","slug":"wahlumfragen-zur-wahl-zum-abgeordnetenhaus-von-berlin-2026","status":"publish","type":"post","link":"https:\/\/www.europesays.com\/de\/1242756\/","title":{"rendered":"Wahlumfragen zur Wahl zum Abgeordnetenhaus von Berlin 2026"},"content":{"rendered":"<p class=\"article-header-description\">Welche Partei liegt in den Umfragen vorne? Welche Koalitionen sind m\u00f6glich? Die aktuellen Wahlumfragen f\u00fchrender Meinungsforschungsinstitute zur Abgeordnetenhauswahl Berlin am 20. September.<\/p>\n<p>17.08.2026<\/p>\n<ul class=\"b-social-icons\">\n<li class=\"social-icons-item\">\n<p>                      Link kopieren\/teilen<\/p>\n<p class=\"snackbar-content\">Der Link wurde in die Zwischenablage kopiert.<\/p>\n<\/li>\n<li class=\"social-icons-item\"><a title=\"Email\" href=\"mailto:?subject=Wahlumfragen%20und%20Prognosen&amp;body=Wahl%20zum%20Abgeordnetenhaus%20von%20Berlin%202026%0AWahl%20zum%20Abgeordnetenhaus%20von%20Berlin%202026Wahlumfragen%20und%20Prognosen%0AWelche%20Partei%20liegt%20in%20den%20Umfragen%20f%C3%BCr%20die%20Wahl%20zum%20Abgeordnetenhaus%20im%20September%20vorne%3F%20Welche%20Koalitionen%20sind%20m%C3%B6glich%3F%20Die%20aktuellen%20Wahlumfragen%20f%C3%BChrender%20Meinungsforschungsinstitute.%0Ahttps%3A%2F%2Fwww.deutschlandfunk.de%2Fberlin-wahl-abgeordnetenhaus-2026-wahlumfragen-100.html\" target=\"_blank\" rel=\"noopener noreferrer\" class=\"b-btn-social is-email\" data-tracking=\"{&quot;chapter1&quot;:&quot;Email&quot;,&quot;chapter3&quot;:&quot;Social Media&quot;,&quot;name&quot;:&quot;Social Media&quot;,&quot;chapter2&quot;:&quot;https:\/\/www.deutschlandfunk.de\/berlin-wahl-abgeordnetenhaus-2026-wahlumfragen-100.html&quot;,&quot;level2&quot;:&quot;1&quot;}\">\n<p>                      Email<\/a><\/li>\n<\/ul>\n<p>                    <img decoding=\"async\" loading=\"lazy\" class=\"internal-image\" title=\"Cornelia Seibeld, Pr\u00e4sidentin des Abgeordnetenhauses, spricht w\u00e4hrend einer Gedenkstunde zur Umbenennung des Platzes vor dem Berliner Abgeordnetenhaus in \u00abMargot-Friedl\u00e4nder-Platz\u00bb.\" alt=\"Cornelia Seibeld, Pr\u00e4sidentin des Abgeordnetenhauses, spricht w\u00e4hrend einer Gedenkstunde zur Umbenennung des Platzes vor dem Berliner Abgeordnetenhaus in \u00abMargot-Friedl\u00e4nder-Platz\u00bb.\" src=\"https:\/\/www.europesays.com\/de\/wp-content\/uploads\/2026\/08\/berlin-wahl-abgeordnetenhaus-106-1920x1080.jpg\" \/><\/p>\n<p>                  Berliner Wahl zum Abgeordnetenhaus (picture alliance \/ dpa \/ Sebastian Gollnow)<\/p>\n<p>Sie k\u00f6nnen wechseln zwischen den Umfragewerten der Institute Infratest dimap und INSA. Die neueste Wahlumfrage ist jeweils die erste in der Liste.<\/p>\n<p>                Welche Partei f\u00fchrt aktuell in den Umfragen?<\/p>\n<p>                Was f\u00fcr eine Sitzverteilung erg\u00e4be sich daraus?<\/p>\n<p>                Welche Parteien k\u00f6nnten gemeinsam auf eine Mehrheit im Abgeordnetenhaus kommen?<\/p>\n<p>                Zufriedenheit mit der Arbeit des Berliner Senats (nach Parteianh\u00e4ngern)<\/p>\n<p>                Zufriedenheit mit der Arbeit der Parteispitzen in Berlin<\/p>\n<p>                Wer h\u00e4tte die gr\u00f6\u00dfte Zustimmung in einer Direktwahl?<\/p>\n<p>                Umfragen im Zeitverlauf<\/p>\n","protected":false},"excerpt":{"rendered":"Welche Partei liegt in den Umfragen vorne? Welche Koalitionen sind m\u00f6glich? Die aktuellen Wahlumfragen f\u00fchrender Meinungsforschungsinstitute zur Abgeordnetenhauswahl&hellip;\n","protected":false},"author":2,"featured_media":1242757,"comment_status":"","ping_status":"","sticky":false,"template":"","format":"standard","meta":{"footnotes":"","_share_on_mastodon":"0"},"categories":[1825],"tags":[39739,1941,1939,296,1937,29,30,19399,1940,1938,2382,10563,257581,45425],"class_list":["post-1242756","post","type-post","status-publish","format-standard","has-post-thumbnail","category-berlin","tag-abgeordnetenhaus-berlin","tag-aktuelle-nachrichten-aus-berlin","tag-aktuelle-news-aus-berlin","tag-berlin","tag-berlin-news","tag-deutschland","tag-germany","tag-landtagswahl","tag-nachrichten-aus-berlin","tag-news-aus-berlin","tag-senat","tag-umfragen","tag-wahlgrafiken","tag-wahlumfragen"],"share_on_mastodon":{"url":"","error":""},"_links":{"self":[{"href":"https:\/\/www.europesays.com\/de\/wp-json\/wp\/v2\/posts\/1242756","targetHints":{"allow":["GET"]}}],"collection":[{"href":"https:\/\/www.europesays.com\/de\/wp-json\/wp\/v2\/posts"}],"about":[{"href":"https:\/\/www.europesays.com\/de\/wp-json\/wp\/v2\/types\/post"}],"author":[{"embeddable":true,"href":"https:\/\/www.europesays.com\/de\/wp-json\/wp\/v2\/users\/2"}],"replies":[{"embeddable":true,"href":"https:\/\/www.europesays.com\/de\/wp-json\/wp\/v2\/comments?post=1242756"}],"version-history":[{"count":0,"href":"https:\/\/www.europesays.com\/de\/wp-json\/wp\/v2\/posts\/1242756\/revisions"}],"wp:featuredmedia":[{"embeddable":true,"href":"https:\/\/www.europesays.com\/de\/wp-json\/wp\/v2\/media\/1242757"}],"wp:attachment":[{"href":"https:\/\/www.europesays.com\/de\/wp-json\/wp\/v2\/media?parent=1242756"}],"wp:term":[{"taxonomy":"category","embeddable":true,"href":"https:\/\/www.europesays.com\/de\/wp-json\/wp\/v2\/categories?post=1242756"},{"taxonomy":"post_tag","embeddable":true,"href":"https:\/\/www.europesays.com\/de\/wp-json\/wp\/v2\/tags?post=1242756"}],"curies":[{"name":"wp","href":"https:\/\/api.w.org\/{rel}","templated":true}]}}