{"id":1242819,"date":"2026-08-17T15:18:22","date_gmt":"2026-08-17T15:18:22","guid":{"rendered":"https:\/\/www.europesays.com\/de\/1242819\/"},"modified":"2026-08-17T15:18:22","modified_gmt":"2026-08-17T15:18:22","slug":"vorgetaeuschte-geiselnahme-bielefelder-sorgt-fuer-sek-einsatz-in-bielefeld","status":"publish","type":"post","link":"https:\/\/www.europesays.com\/de\/1242819\/","title":{"rendered":"Vorget\u00e4uschte Geiselnahme: Bielefelder sorgt f\u00fcr SEK-Einsatz in Bielefeld"},"content":{"rendered":"<p id=\"absatz1\" class=\"em_text\">Bielefeld. Die ganze Sache h\u00e4tte sicherlich deutlich unspektakul\u00e4rer gekl\u00e4rt werden k\u00f6nnen \u2013 und der Angeklagte w\u00e4re dann sicherlich auch nicht ein halbes Jahr lang in Untersuchungshaft genommen worden: Weil er sich weigerte, mit der Polizei zu sprechen und stattdessen eine Geiselnahme vorgab, sorgte ein 40-j\u00e4hriger Bielefelder im <a href=\"https:\/\/www.nw.de\/lokal\/bielefeld\/mitte\/24265962_SEK-Einsatz-Bielefelder-schiesst-mit-Schreckschusswaffe-auf-Nachbarn-und-nimmt-Passant-als-Geisel.html\" rel=\"nofollow noopener\" target=\"_blank\">Februar in Heepen f\u00fcr einen SEK-Einsatz<\/a>. Nun hat ihn das Landgericht zu sieben Monaten Gef\u00e4ngnis verurteilt.<\/p>\n<p id=\"absatz2\" class=\"em_text\">Der in Rede stehende Tag hatte aus Sicht von Erik F. (Namen aller Betroffenen ge\u00e4ndert) schon \u00e4u\u00dferst bescheiden begonnen, war doch am 5. Februar dieses Jahres in den Vormittagsstunden sein Hund in Obhut genommen worden. Sp\u00e4ter stritt sich der 40-J\u00e4hrige, der in einem Wohnheim an der Salzufler Stra\u00dfe lebte, am Telefon mit einem weiteren Mieter. Der Grund waren wohl Geldschulden, die der Nachbar, beide M\u00e4nner haben ein veritables Drogen- und Alkohol-Problem, bei F. hatte.<\/p>\n<p id=\"absatz3\" class=\"em_text\">Die Auseinandersetzung eskalierte \u2013 zun\u00e4chst verbal, schlie\u00dflich suchte der Schuldner seinen Gl\u00e4ubiger an dessen Wohnung auf. Es kam zu einer w\u00fcsten Schl\u00e4gerei, in deren Verlauf beide M\u00e4nner nicht unerheblich verletzt wurden. Als der Kampf schlie\u00dflich beendet war, zog sich Erik F. zun\u00e4chst in seine Wohnung zur\u00fcck.<\/p>\n<p>Ein weiterer Bewohner folgt F. in dessen Wohnung<\/p>\n<p class=\"em_text\">Hier h\u00e4tte die ganze Angelegenheit ihr Ende finden k\u00f6nnen, sagte der Vorsitzende Richter Bernd Bovenschulte nun in der Urteilsverk\u00fcndung. Doch war es F. damals klar gewesen, dass in B\u00e4lde Polizei vor seiner T\u00fcr stehen w\u00fcrde, waren doch mehrere Nachbarn auf den Tumult im Hausflur aufmerksam geworden. Da er nach eigenen Angaben in der Vergangenheit nicht allzu gute Erfahrungen mit der Polizei gemacht hatte, floh F. durch ein Fenster nach drau\u00dfen und versteckte sich zun\u00e4chst. Als die Beamten schlie\u00dflich weg waren, kam er aus dem Versteck hervor und traf zuf\u00e4llig auf einen weiteren Hausbewohner, den ihm fl\u00fcchtig bekannten \u017divko N. (17). Beide beschlossen, gemeinsam in der Wohnung von F. einen Joint zu rauchen.<\/p>\n<p id=\"absatz5\"><b class=\"bold\">Lesen Sie auch:<\/b> <a href=\"https:\/\/www.nw.de\/lokal\/bielefeld\/mitte\/24384933_SEK-Einsatz-Prozess-nach-Geisel-Drohung-und-Schuessen-in-Bielefelder-Wohnheim.html\" rel=\"nofollow noopener\" target=\"_blank\">Prozess nach Geisel-Drohung und Sch\u00fcssen in Bielefelder Wohnheim<\/a><\/p>\n<p id=\"absatz6\" class=\"em_text\">Pl\u00f6tzlich machte sich abermals Polizei vor der T\u00fcr bemerkbar. \u201eErik F. war in diesem Moment alles zu viel. Er nahm eine PTB-Waffe, verschoss eine Platzpatrone und rief Richtung T\u00fcr, dass der n\u00e4chste Schuss scharf sei\u201c, sagte Richter Bovenschulte in der Urteilsbegr\u00fcndung. Erik F. untersagte seinem Besucher sodann, die Wohnung zu verlassen. Telefonisch teilte er den Polizisten mit, dass er eine Geisel habe \u2013 woraufhin die Beamten eine Gef\u00e4hrdungssituation annahmen, in deren Folge ein Spezialeinsatzkommando anr\u00fcckte. Nach etwa zweieinhalb Stunden erlaubte der 40-J\u00e4hrige dem Jugendlichen, aus der Wohnung zu gehen. Bald darauf lie\u00df sich auch Erik F. festnehmen, seither sa\u00df er in Untersuchungshaft.<\/p>\n<p id=\"absatz7\" class=\"em_text\">Seit dem 28. Juli musste sich F. unter anderem wegen des Verdachts der Geiselnahme vor der XXI. Gro\u00dfen Strafkammer des Landgerichts verantworten. Mindeststrafe: f\u00fcnf Jahre. Doch stellte sich das Geschehen vom 5. Februar letztlich doch deutlich anders dar, als es zun\u00e4chst den Anschein hatte \u2013 und auch angeklagt war. Im f\u00fcr ihn schlechtesten Fall w\u00e4re der mehrfach auch wegen Gewaltdelikten vorbestrafte F. zu einer langj\u00e4hrigen Freiheitsstrafe verurteilt worden, auch stand die anschlie\u00dfende Unterbringung in der Sicherungsverwahrung im Raum.<\/p>\n<p>Das Gericht folgt der Staatsanwaltschaft und der Verteidigung<\/p>\n<p id=\"absatz8\" class=\"em_text\">Doch mussten sowohl der Nachbar, mit dem F. damals die t\u00e4tliche Auseinandersetzung gehabt hatte, als auch \u017divko N. vor Gericht einr\u00e4umen, die ganze Geschichte in ihren Aussagen gegen\u00fcber der Polizei deutlich aufgebauscht oder anders geschildert zu haben, als diese sich tats\u00e4chlich zugetragen hatte. Nach anf\u00e4nglichem Schweigen r\u00e4umte Erik F. schlie\u00dflich den noch verbliebenen Vorwurf der Freiheitsberaubung ein \u2013 er hatte \u017divko N. ja zwischenzeitlich nicht aus der Wohnung gelassen. Das Gericht folgte letztlich den Antr\u00e4gen der Staatsanwaltschaft und von Verteidiger Florian Schreiber und verurteilte den soweit gest\u00e4ndigen F. zu einer Gef\u00e4ngnisstrafe von sieben Monaten.<\/p>\n<p id=\"absatz9\"><b class=\"bold\">News direkt aufs Smartphone:<\/b><b class=\"bold\"> <\/b><a href=\"https:\/\/whatsapp.com\/channel\/0029VaeYHJ40Qeam4DWyn109\" rel=\"noopener nofollow\" target=\"_blank\">Hier finden Sie den kostenlosen Whatsapp-Kanal der NW Bielefeld <\/a> <\/p>\n","protected":false},"excerpt":{"rendered":"Bielefeld. Die ganze Sache h\u00e4tte sicherlich deutlich unspektakul\u00e4rer gekl\u00e4rt werden k\u00f6nnen \u2013 und der Angeklagte w\u00e4re dann sicherlich&hellip;\n","protected":false},"author":2,"featured_media":1242820,"comment_status":"","ping_status":"","sticky":false,"template":"","format":"standard","meta":{"footnotes":"","_share_on_mastodon":"0"},"categories":[1841],"tags":[1605,102404,3364,29,433,257585,2796,30,44678,16392,9307,1611,16896,4933,198343,736,164252,16384,1613,1209,121,59450,1997],"class_list":["post-1242819","post","type-post","status-publish","format-standard","has-post-thumbnail","category-bielefeld","tag-bielefeld","tag-cnt_top-artikel","tag-de","tag-deutschland","tag-drogen","tag-erik-f","tag-geiselnahme","tag-germany","tag-heepen","tag-label_blaulicht","tag-label_foto","tag-label_informiere-mich","tag-label_xl-160","tag-landgericht","tag-meta_artikelklasse_aboanker","tag-meta_copyrights_nw","tag-meta_eo_zusammenfassung","tag-meta_themen_blaulicht_sicherheit","tag-meta_userneeds_informieremich","tag-nordrhein-westfalen","tag-polizei","tag-sicherungsverwahrung","tag-staatsanwaltschaft"],"share_on_mastodon":{"url":"https:\/\/pubeurope.com\/@de\/117111521737016759","error":""},"_links":{"self":[{"href":"https:\/\/www.europesays.com\/de\/wp-json\/wp\/v2\/posts\/1242819","targetHints":{"allow":["GET"]}}],"collection":[{"href":"https:\/\/www.europesays.com\/de\/wp-json\/wp\/v2\/posts"}],"about":[{"href":"https:\/\/www.europesays.com\/de\/wp-json\/wp\/v2\/types\/post"}],"author":[{"embeddable":true,"href":"https:\/\/www.europesays.com\/de\/wp-json\/wp\/v2\/users\/2"}],"replies":[{"embeddable":true,"href":"https:\/\/www.europesays.com\/de\/wp-json\/wp\/v2\/comments?post=1242819"}],"version-history":[{"count":0,"href":"https:\/\/www.europesays.com\/de\/wp-json\/wp\/v2\/posts\/1242819\/revisions"}],"wp:featuredmedia":[{"embeddable":true,"href":"https:\/\/www.europesays.com\/de\/wp-json\/wp\/v2\/media\/1242820"}],"wp:attachment":[{"href":"https:\/\/www.europesays.com\/de\/wp-json\/wp\/v2\/media?parent=1242819"}],"wp:term":[{"taxonomy":"category","embeddable":true,"href":"https:\/\/www.europesays.com\/de\/wp-json\/wp\/v2\/categories?post=1242819"},{"taxonomy":"post_tag","embeddable":true,"href":"https:\/\/www.europesays.com\/de\/wp-json\/wp\/v2\/tags?post=1242819"}],"curies":[{"name":"wp","href":"https:\/\/api.w.org\/{rel}","templated":true}]}}