{"id":1242858,"date":"2026-08-17T15:46:27","date_gmt":"2026-08-17T15:46:27","guid":{"rendered":"https:\/\/www.europesays.com\/de\/1242858\/"},"modified":"2026-08-17T15:46:27","modified_gmt":"2026-08-17T15:46:27","slug":"standortprofil-der-gemeinde-wedemark-aktualisiert-fuer-2026-jetzt-online","status":"publish","type":"post","link":"https:\/\/www.europesays.com\/de\/1242858\/","title":{"rendered":"Standortprofil der Gemeinde Wedemark aktualisiert f\u00fcr 2026 jetzt online"},"content":{"rendered":"<p>Standortprofil der Gemeinde Wedemark aktualisiert f\u00fcr 2026 jetzt online<\/p>\n<p class=\"anreisser_detail\" itemprop=\"description\"><strong>Das Standortprofil f\u00fcr die Gemeinde Wedemark wurde von der Wirtschaftsf\u00f6rderung der Region Hannover aktualisiert. Die Zahlen und Analysen bieten einen wertvollen Blick auf unsere Gemeinde.<\/strong><\/p>\n<p><a href=\"https:\/\/www.wedemark.de\/medien\/bilder\/standortprofil_2025.png?20251120103344\" class=\"gallerygroup438b2605354efa4a5f8bbe31a0d5629f\" title=\"Bild vergr\u00f6\u00dfern\" data-id=\"elm_438b2605354efa4a5f8bbe31a0d5629f\" aria-controls=\"nl-elm_438b2605354efa4a5f8bbe31a0d5629f\" role=\"button\" aria-haspopup=\"dialog\" aria-expanded=\"false\"><img loading=\"lazy\" decoding=\"async\" src=\"https:\/\/www.europesays.com\/de\/wp-content\/uploads\/2026\/08\/standortprofil_2025_png-918013860-20051-10.webp\" alt=\"Titelbild Standortprofil 2025\u00a0\u00a9\u00a0Region Hannover\" title=\"Standortprofil 2025.png\" style=\"\" width=\"322\" height=\"223\" data-description=\"\" data-copyright=\"\u00a9\u00a0Region Hannover\" data-size=\"2774\" data-width=\"1597\" data-height=\"1106\"\/><\/a> Das aktuelle Standortprofil der Gemeinde Wedemark steht ab sofort zum Download bereit. In klar gegliederten Struktur- und Entwicklungsdaten spiegelt es zentrale Themen wider: von Bev\u00f6lkerungs- und Besch\u00e4ftigungszahlen \u00fcber Pendlerstr\u00f6me bis hin zu Gewerbeanmeldungen und Unternehmensstrukturen. Dieser fundierte Einblick in die lokalen Kennzahlen ist ein echter Mehrwert \u2013 er unterst\u00fctzt Verwaltung, Politik, Unternehmen und Investoren, fundierte Entscheidungen zu treffen und Perspektiven f\u00fcr die Zukunft der Wedemark gezielter zu gestalten.<\/p>\n<p data-start=\"637\" data-end=\"845\">Die Daten stammen aus der j\u00e4hrlich aktualisierten Erhebung der Wirtschaftsf\u00f6rderung der Region Hannover \u2013 ein zuverl\u00e4ssiger Gradmesser f\u00fcr die wirtschaftliche Entwicklung und das Potenzial unserer Gemeinde.<\/p>\n<p data-start=\"637\" data-end=\"845\">Mehr erfahren und das Kompaktprofil direkt herunterlagen k\u00f6nnen Sie <a class=\"link_seite nolis-link-intern\" href=\"https:\/\/www.wedemark.de\/portal\/seiten\/standortprofil-der-gemeinde-wedemark-918000409-20051.html?rubrik=918000001\" target=\"_self\" title=\"Standortprofil der Gemeinde Wedemark\" rel=\"nofollow noopener\">hier.<\/a><\/p>\n<p>\u00a0<\/p>\n<p>\u00a0<\/p>\n<p><a href=\"https:\/\/www.wedemark.de\/portal\/meldungen\/javascript:history.back(-1);\" class=\"zurueck\" rel=\"nofollow noopener\" target=\"_blank\">Zur\u00fcck<\/a><\/p>\n","protected":false},"excerpt":{"rendered":"Standortprofil der Gemeinde Wedemark aktualisiert f\u00fcr 2026 jetzt online Das Standortprofil f\u00fcr die Gemeinde Wedemark wurde von der&hellip;\n","protected":false},"author":2,"featured_media":1242859,"comment_status":"","ping_status":"","sticky":false,"template":"","format":"standard","meta":{"footnotes":"","_share_on_mastodon":"0"},"categories":[1836],"tags":[3364,29,30,46,116147,1411,17016,4786],"class_list":["post-1242858","post","type-post","status-publish","format-standard","has-post-thumbnail","category-hannover","tag-de","tag-deutschland","tag-germany","tag-hannover","tag-kennzahlen","tag-niedersachsen","tag-standort","tag-wirtschaftsfoerderung"],"share_on_mastodon":{"url":"https:\/\/pubeurope.com\/@de\/117111631989982842","error":""},"_links":{"self":[{"href":"https:\/\/www.europesays.com\/de\/wp-json\/wp\/v2\/posts\/1242858","targetHints":{"allow":["GET"]}}],"collection":[{"href":"https:\/\/www.europesays.com\/de\/wp-json\/wp\/v2\/posts"}],"about":[{"href":"https:\/\/www.europesays.com\/de\/wp-json\/wp\/v2\/types\/post"}],"author":[{"embeddable":true,"href":"https:\/\/www.europesays.com\/de\/wp-json\/wp\/v2\/users\/2"}],"replies":[{"embeddable":true,"href":"https:\/\/www.europesays.com\/de\/wp-json\/wp\/v2\/comments?post=1242858"}],"version-history":[{"count":0,"href":"https:\/\/www.europesays.com\/de\/wp-json\/wp\/v2\/posts\/1242858\/revisions"}],"wp:featuredmedia":[{"embeddable":true,"href":"https:\/\/www.europesays.com\/de\/wp-json\/wp\/v2\/media\/1242859"}],"wp:attachment":[{"href":"https:\/\/www.europesays.com\/de\/wp-json\/wp\/v2\/media?parent=1242858"}],"wp:term":[{"taxonomy":"category","embeddable":true,"href":"https:\/\/www.europesays.com\/de\/wp-json\/wp\/v2\/categories?post=1242858"},{"taxonomy":"post_tag","embeddable":true,"href":"https:\/\/www.europesays.com\/de\/wp-json\/wp\/v2\/tags?post=1242858"}],"curies":[{"name":"wp","href":"https:\/\/api.w.org\/{rel}","templated":true}]}}