{"id":1243134,"date":"2026-08-17T18:40:22","date_gmt":"2026-08-17T18:40:22","guid":{"rendered":"https:\/\/www.europesays.com\/de\/1243134\/"},"modified":"2026-08-17T18:40:22","modified_gmt":"2026-08-17T18:40:22","slug":"transfer-hammer-fix-werder-bremen-holt-niclas-fuellkrug-zurueck-sport","status":"publish","type":"post","link":"https:\/\/www.europesays.com\/de\/1243134\/","title":{"rendered":"Transfer-Hammer fix! Werder Bremen holt Niclas F\u00fcllkrug zur\u00fcck | Sport"},"content":{"rendered":"<p><a class=\"skip-content skip-content--link\" href=\"#in-content-skip-link-target-v-0-0\">TTS-Player \u00fcberspringen\u21b5<\/a><a id=\"in-content-skip-link-target-v-0-0\" class=\"skip-content--target-link-hidden skip-content skip-content--target-link\" href=\"#in-content-skip-link-target-v-0-0\">Artikel weiterlesen<\/a><\/p>\n<p data-21134c99=\"0-1821\"><b>Das ist der \u00dcberraschungstransfer des Sommers! Am Montagnachmittag haben nach BILD-Informationen Verhandlungen zwischen Werder und West Ham United \u00fcber einen Blitz-Transfer von Niclas F\u00fcllkrug (33) an die Weser stattgefunden \u2013\u00a0und die wurden erfolgreich beendet! F\u00fcllkrug kehrt tats\u00e4chlich nach Bremen zur\u00fcck. <\/b><\/p>\n<p data-21134c99=\"0-1821\">Der St\u00fcrmer wird am Dienstagvormittag in Bremen zum Medizincheck erwartet und soll anschlie\u00dfend unterschreiben! Auch \u201eSky\u201c berichtet.<\/p>\n<p>Transferknaller!: F\u00fcllkrug kehrt zu Werder zur\u00fcck<a class=\"anchor video-teaser__anchor\" href=\"https:\/\/www.bild.de\/sport\/fussball\/transfer-hammer-fix-werder-holt-niclas-fuellkrug-zurueck-6a834fb53a2c09287588ff1e\" rel=\"nofollow noopener\" target=\"_blank\"><img decoding=\"async\" width=\"992\" height=\"558\" alt=\"Transferknaller! F\u00fcllkrug kehrt zu Werder zur\u00fcck\" loading=\"lazy\" src=\"https:\/\/www.europesays.com\/de\/wp-content\/uploads\/2026\/08\/403278866800885bbb24042e2a0807bb-landscape,c18c8adb.jpeg\"   class=\"landscape teaser__image\"\/><\/a><\/p>\n<p>Quelle: BILD17.08.2026<\/p>\n<p data-21134c99=\"0-1821\">Bei dem Deal handelt es sich um eine Ausleihe f\u00fcr ein Jahr ohne Kauf-Option. F\u00fcr die Leihe zu seinem Herzensklub Werder verzichtet der Nationalspieler (24 L\u00e4nderspiele, 14 Tore) auf einen betr\u00e4chtlichen Teil seines Gehalts.<\/p>\n<p>Transfer-Hammer fix: Werder holt F\u00fcllkrug zur\u00fcck<\/p>\n<p data-21134c99=\"0-1821\">Beim Premier-League-Absteiger war F\u00fcllkrug aufs Abstellgleis geraten und vom Mannschaftstraining ausgeschlossen. Zuletzt hatte sich ein Wechsel nach Venedig zerschlagen.<\/p>\n<p data-21134c99=\"0-1821\">Jetzt die F\u00fcllkrug-R\u00fcckkehr an die Weser. Dort wurde er in Bremen zum Profi, Aufstiegshelden, Torsch\u00fctzenk\u00f6nig und Adlertr\u00e4ger. Der Kontakt riss auch nach seinem Abschied aus Bremen nie ab. Bei Werder will F\u00fcllkrug jetzt wieder durchstarten. Die R\u00fcckkehr zu dem Verein, in dessen Jugend er 2006 begann und als Profi sp\u00e4ter 124 Spiele machte.<\/p>\n<p data-21134c99=\"0-1821\">Seine letzten beiden Jahre waren erfolglos verlaufen. Bei West Ham United und bei seiner Leihstation AC Mailand kam F\u00fcllkrug in 46 Eins\u00e4tzen nur auf vier Tore. Dazu kam sein altbekanntes Verletzungspech.<\/p>\n<p data-21134c99=\"0-1821\">Sein k\u00f6rperlicher Zustand soll nun jedoch hervorragend sein. Auch in Mailand zeigte die Formkurve in den vergangenen Monaten nach oben. F\u00fcllkrug, dessen Profikarriere 2011\/12 bei Werder begann, d\u00fcrfte in Bremen keinerlei Anpassungszeit ben\u00f6tigen. Seine Verpflichtung wird nach einer zuletzt durchwachsenen Werder-Vorbereitung einen Stimmungsumschwung an der Weser bewirken.<\/p>\n","protected":false},"excerpt":{"rendered":"TTS-Player \u00fcberspringen\u21b5Artikel weiterlesen Das ist der \u00dcberraschungstransfer des Sommers! Am Montagnachmittag haben nach BILD-Informationen Verhandlungen zwischen Werder und&hellip;\n","protected":false},"author":2,"featured_media":1243135,"comment_status":"","ping_status":"","sticky":false,"template":"","format":"standard","meta":{"footnotes":"","_share_on_mastodon":"0"},"categories":[5],"tags":[331,332,3364,29,538,8905,133329,30,13,14,15,12,542,7649,537],"class_list":["post-1243134","post","type-post","status-publish","format-standard","has-post-thumbnail","category-nachrichten","tag-aktuelle-nachrichten","tag-aktuelle-news","tag-de","tag-deutschland","tag-erste-bundesliga","tag-fritz-clemens","tag-fuellkrug-niclas","tag-germany","tag-headlines","tag-nachrichten","tag-news","tag-schlagzeilen","tag-sport-leuchtturm-hamburg","tag-thioune-daniel","tag-werder-bremen"],"share_on_mastodon":{"url":"https:\/\/pubeurope.com\/@de\/117112317670815989","error":""},"_links":{"self":[{"href":"https:\/\/www.europesays.com\/de\/wp-json\/wp\/v2\/posts\/1243134","targetHints":{"allow":["GET"]}}],"collection":[{"href":"https:\/\/www.europesays.com\/de\/wp-json\/wp\/v2\/posts"}],"about":[{"href":"https:\/\/www.europesays.com\/de\/wp-json\/wp\/v2\/types\/post"}],"author":[{"embeddable":true,"href":"https:\/\/www.europesays.com\/de\/wp-json\/wp\/v2\/users\/2"}],"replies":[{"embeddable":true,"href":"https:\/\/www.europesays.com\/de\/wp-json\/wp\/v2\/comments?post=1243134"}],"version-history":[{"count":0,"href":"https:\/\/www.europesays.com\/de\/wp-json\/wp\/v2\/posts\/1243134\/revisions"}],"wp:featuredmedia":[{"embeddable":true,"href":"https:\/\/www.europesays.com\/de\/wp-json\/wp\/v2\/media\/1243135"}],"wp:attachment":[{"href":"https:\/\/www.europesays.com\/de\/wp-json\/wp\/v2\/media?parent=1243134"}],"wp:term":[{"taxonomy":"category","embeddable":true,"href":"https:\/\/www.europesays.com\/de\/wp-json\/wp\/v2\/categories?post=1243134"},{"taxonomy":"post_tag","embeddable":true,"href":"https:\/\/www.europesays.com\/de\/wp-json\/wp\/v2\/tags?post=1243134"}],"curies":[{"name":"wp","href":"https:\/\/api.w.org\/{rel}","templated":true}]}}