{"id":1243136,"date":"2026-08-17T18:41:16","date_gmt":"2026-08-17T18:41:16","guid":{"rendered":"https:\/\/www.europesays.com\/de\/1243136\/"},"modified":"2026-08-17T18:41:16","modified_gmt":"2026-08-17T18:41:16","slug":"gefaess-mit-menschlicher-asche-urlauberin-findet-urne-aus-deutschland-an-strand-in-italien","status":"publish","type":"post","link":"https:\/\/www.europesays.com\/de\/1243136\/","title":{"rendered":"Gef\u00e4\u00df mit menschlicher Asche: Urlauberin findet Urne aus Deutschland an Strand in Italien"},"content":{"rendered":"<p>Gef\u00e4\u00df mit menschlicher AscheUrlauberin findet Urne aus Deutschland an Strand in Italien<\/p>\n<p>17.08.2026, 20:09 Uhr <\/p>\n<p>Artikel anh\u00f6ren(02:12 min)<\/p>\n<p><img decoding=\"async\" class=\"Image_img__fQCi0 Image_Img_16_9__4BLfH widget-picture-inline_maximizable__t_E7h\" loading=\"eager\" fetchpriority=\"high\" src=\"https:\/\/www.europesays.com\/de\/wp-content\/uploads\/2026\/08\/Der-Strand-Torre-Pali-in-Salve-Apulien-Italien-Europa-Torre-Pali-beaich-in-Salve-Apulia-Italy-Europe.webp\" alt=\"Der-Strand-Torre-Pali-in-Salve-Apulien-Italien-Europa-Torre-Pali-beaich-in-Salve-Apulia-Italy-Europe\"\/>Adriastrand in der Region Apulien. (Foto: picture alliance \/ Peter Schickert)<\/p>\n<p class=\"Typography_text-m__XI0da Typography_weight-bold__uT6mq storyline_lead_text_leadtext__q_wg8\">In S\u00fcditalien entdeckt eine Urlauberin am Strand eine Urne aus Deutschland. In dem Beh\u00e4ltnis befindet sich die Asche eines 80-J\u00e4hrigen. Nun ermitteln die Beh\u00f6rden, wie das Gef\u00e4\u00df an den Strand gelangte. <\/p>\n<p class=\"Typography_text-default__P3otY Typography_weight-normal__pqUbH storyline_paragraph_p__qSR5N\">Bei einem Strandspaziergang an der italienischen Adriak\u00fcste hat eine Urlauberin einen makabren Fund gemacht: Die Frau entdeckte am Strand der Gemeinde Marina di Chieuti im Sand eine\u00a0Urne\u00a0mit der Asche eines Menschen. Dabei handelt es sich nach Angaben der Beh\u00f6rden um die sterblichen \u00dcberreste eines 80 Jahre alten Italieners, der offensichtlich l\u00e4ngere Zeit in Deutschland gelebt hatte und dort auch einge\u00e4schert wurde. Auf der\u00a0Urne\u00a0befindet sich demzufolge ein Hinweis auf ein Krematorium in Deutschland.<\/p>\n<p class=\"Typography_text-default__P3otY Typography_weight-normal__pqUbH storyline_paragraph_p__qSR5N\">Das Gef\u00e4\u00df mit der Asche wurde am Sonntag von einer Urlauberin entdeckt, die etwas abseits der viel bev\u00f6lkerten Str\u00e4nde allein spazieren ging. Die Frau gab sofort nach dem Fund in der n\u00e4chstgelegenen Strandbar 400 Meter weiter Bescheid. &#8222;Der Betreiber der Strandbar hat mich sofort kontaktiert, und ich meinerseits habe die Carabinieri alarmiert&#8220;, sagte B\u00fcrgermeister Diego Iacono der italienischen Nachrichtenagentur Ansa. Daraufhin wurde die\u00a0Urne\u00a0von der Polizei beschlagnahmt.\u00a0<\/p>\n<p class=\"Typography_text-default__P3otY Typography_weight-normal__pqUbH storyline_paragraph_p__qSR5N\">Jetzt soll ermittelt werden, wie sie an den Strand kam. Zu ihrer Herkunft &#8211; also insbesondere, wo in Deutschland der Mann einge\u00e4schert wurde &#8211; machte der B\u00fcrgermeister keine n\u00e4heren Angaben. Im Wesentlichen pr\u00fcfen die Ermittler nun zwei Szenarien: Entweder wurde die\u00a0Urne\u00a0bei einer Seebestattung in der Adria ausgesetzt und von der Str\u00f6mung an Land getrieben oder sie wurde absichtlich illegal am Strand zur\u00fcckgelassen. Iacono zufolge wird der Fall in etwa so behandelt, als ob eine Leiche an den Strand gesp\u00fclt worden w\u00e4re.\u00a0<\/p>\n<p class=\"Typography_text-default__P3otY Typography_weight-normal__pqUbH storyline_paragraph_p__qSR5N\">Die Gemeinde Marina di Chieuti liegt an der Adriak\u00fcste am n\u00f6rdlichsten Punkt der Region Apuliens. Im Vergleich zu anderen Badeorten an der italienischen Adria wie Rimini ist es dort verh\u00e4ltnism\u00e4\u00dfig ruhig.<\/p>\n<p class=\"Typography_text-s__wu_cm Typography_weight-normal__pqUbH Typography_color-darkgrey__sZEnP article-detail-footer_source__KslPc\">Quelle: ntv.de, jpe\/dpa<\/p>\n","protected":false},"excerpt":{"rendered":"Gef\u00e4\u00df mit menschlicher AscheUrlauberin findet Urne aus Deutschland an Strand in Italien 17.08.2026, 20:09 Uhr Artikel anh\u00f6ren(02:12 min)&hellip;\n","protected":false},"author":2,"featured_media":1243137,"comment_status":"","ping_status":"","sticky":false,"template":"","format":"standard","meta":{"footnotes":"","_share_on_mastodon":"0"},"categories":[2],"tags":[331,3924,332,3922,3364,29,30,13,984,355,14,3923,15,3921,12,4448],"class_list":["post-1243136","post","type-post","status-publish","format-standard","has-post-thumbnail","category-deutschland","tag-aktuelle-nachrichten","tag-aktuelle-nachrichten-aus-deutschland","tag-aktuelle-news","tag-aktuelle-news-aus-deutschland","tag-de","tag-deutschland","tag-germany","tag-headlines","tag-international","tag-italien","tag-nachrichten","tag-nachrichten-aus-deutschland","tag-news","tag-news-aus-deutschland","tag-schlagzeilen","tag-trauer"],"share_on_mastodon":{"url":"https:\/\/pubeurope.com\/@de\/117112321637160856","error":""},"_links":{"self":[{"href":"https:\/\/www.europesays.com\/de\/wp-json\/wp\/v2\/posts\/1243136","targetHints":{"allow":["GET"]}}],"collection":[{"href":"https:\/\/www.europesays.com\/de\/wp-json\/wp\/v2\/posts"}],"about":[{"href":"https:\/\/www.europesays.com\/de\/wp-json\/wp\/v2\/types\/post"}],"author":[{"embeddable":true,"href":"https:\/\/www.europesays.com\/de\/wp-json\/wp\/v2\/users\/2"}],"replies":[{"embeddable":true,"href":"https:\/\/www.europesays.com\/de\/wp-json\/wp\/v2\/comments?post=1243136"}],"version-history":[{"count":0,"href":"https:\/\/www.europesays.com\/de\/wp-json\/wp\/v2\/posts\/1243136\/revisions"}],"wp:featuredmedia":[{"embeddable":true,"href":"https:\/\/www.europesays.com\/de\/wp-json\/wp\/v2\/media\/1243137"}],"wp:attachment":[{"href":"https:\/\/www.europesays.com\/de\/wp-json\/wp\/v2\/media?parent=1243136"}],"wp:term":[{"taxonomy":"category","embeddable":true,"href":"https:\/\/www.europesays.com\/de\/wp-json\/wp\/v2\/categories?post=1243136"},{"taxonomy":"post_tag","embeddable":true,"href":"https:\/\/www.europesays.com\/de\/wp-json\/wp\/v2\/tags?post=1243136"}],"curies":[{"name":"wp","href":"https:\/\/api.w.org\/{rel}","templated":true}]}}