{"id":1243218,"date":"2026-08-17T19:33:25","date_gmt":"2026-08-17T19:33:25","guid":{"rendered":"https:\/\/www.europesays.com\/de\/1243218\/"},"modified":"2026-08-17T19:33:25","modified_gmt":"2026-08-17T19:33:25","slug":"tupac-mordprozess-duane-keefe-d-davis-koennte-ein-buch-ueberfuehren-unterhaltung","status":"publish","type":"post","link":"https:\/\/www.europesays.com\/de\/1243218\/","title":{"rendered":"Tupac-Mordprozess: Duane Keefe D Davis k\u00f6nnte ein Buch \u00fcberf\u00fchren | Unterhaltung"},"content":{"rendered":"<p><a class=\"skip-content skip-content--link\" href=\"#in-content-skip-link-target-v-0-0\">TTS-Player \u00fcberspringen\u21b5<\/a><a id=\"in-content-skip-link-target-v-0-0\" class=\"skip-content--target-link-hidden skip-content skip-content--target-link\" href=\"#in-content-skip-link-target-v-0-0\">Artikel weiterlesen<\/a><\/p>\n<p data-32581ace=\"0-3000\">Las Vegas (USA) \u2013 <b>Wird das R\u00e4tsel um einen der ber\u00fchmtesten Morde der Musikgeschichte endlich gel\u00f6st? Fast 30 Jahre nach den t\u00f6dlichen Sch\u00fcssen auf Rap-Legende Tupac Shakur (\u202025, \u201eCalifornia Love\u201c) beginnt heute in Las Vegas der mit Spannung erwartete Mordprozess gegen Duane \u201eKeefe D\u201c Davis (63). Dabei \u00fcberrascht vor allem, dass den angeblichen Tupac-Killer jetzt ein Buch \u00fcberf\u00fchren k\u00f6nnte.<\/b><\/p>\n<p>BILD-Reporterin beim Mordprozess: Fans hoffen auf Gerechtigkeit f\u00fcr Tupac<a class=\"anchor video-teaser__anchor\" href=\"https:\/\/www.bild.de\/news\/bild-reporterin-beim-mordprozess-fans-hoffen-auf-gerechtigkeit-fuer-tupac-6a8354159fcb5798aae39c09\" rel=\"nofollow noopener\" target=\"_blank\"><img decoding=\"async\" width=\"992\" height=\"558\" alt=\"\" loading=\"lazy\" src=\"https:\/\/www.europesays.com\/de\/wp-content\/uploads\/2026\/08\/a295270bef88083bb0263ea7996d450f,ee9f8bd9.jpeg\"   class=\"landscape teaser__image\"\/><\/a><\/p>\n<p>Quelle: BILD17.08.2026<\/p>\n<p data-32581ace=\"0-3000\">Die Staatsanwaltschaft ist \u00fcberzeugt: Davis soll den Mordanschlag am 7. September 1996 orchestriert und die Tatwaffe beschafft haben. <a href=\"https:\/\/www.bild.de\/news\/ausland\/mordprozess-im-fall-tupac-shakur-beginnt-6a79214c0e3689919ec7614b\" class=\"text-link\" rel=\"nofollow noopener\" target=\"_blank\">Tupac <\/a>wurde an einer roten Ampel auf dem Las Vegas Strip von mehreren Kugeln getroffen. Sechs Tage sp\u00e4ter starb der Rapper im Krankenhaus.<\/p>\n<p><img decoding=\"async\" width=\"992\" height=\"664\" alt=\"Der Tatverd\u00e4chtige Duane \u201eKeefe D\u201c Davis (63) wird in den Gerichtssaal gebracht\" loading=\"lazy\" src=\"https:\/\/www.europesays.com\/de\/wp-content\/uploads\/2026\/08\/c3fb4d900787ee856935aeec9e1a60ba,1a5be4a7.jpeg\"   class=\"dynamic\"\/><\/p>\n<p class=\"fig__caption__text\">Der Tatverd\u00e4chtige Duane \u201eKeefe D\u201c Davis (63) wird in den Gerichtssaal gebracht <\/p>\n<p>Foto: Steve Marcus\/REUTERS<\/p>\n<p>Es war schwierig, eine Jury zu finden<\/p>\n<p data-32581ace=\"0-3000\">\u00dcber Schuld oder Unschuld entscheidet eine Jury aus zehn Frauen und sechs M\u00e4nnern \u2013 zw\u00f6lf Hauptgeschworene und vier Ersatzjuroren. Schon bei der Auswahl der Jury vor einer Woche wurde deutlich, wie schwierig es ist, unvoreingenommene Geschworene f\u00fcr einen der ber\u00fchmtesten ungel\u00f6sten Mordf\u00e4lle der Musikgeschichte zu finden. <\/p>\n<p data-32581ace=\"0-3000\">Staatsanwalt Marc DiGiacomo erkl\u00e4rte: \u201eDie ganze Welt hat von Shakur geh\u00f6rt.\u201c Entscheidend sei, dass die Geschworenen ihr Vorwissen vor der T\u00fcr des Gerichtssaals lassen und ausschlie\u00dflich die Beweise bewerten.<\/p>\n<p><img decoding=\"async\" width=\"992\" height=\"644\" alt=\"Der BMW 750iL, auf den geschossen wurde. Tupac sa\u00df auf der Beifahrerseite. Label-Boss Marion \u201eSuge\u201c Knight (heute 61) \u00fcberlebte als Fahrer leicht verletzt\" loading=\"lazy\" src=\"https:\/\/www.europesays.com\/de\/wp-content\/uploads\/2026\/08\/58cf79a157967cbfb305ea195416fbbc,7de6fdf1.jpeg\"   class=\"dynamic\"\/><\/p>\n<p class=\"fig__caption__text\">Der BMW 750iL, auf den geschossen wurde. Tupac sa\u00df auf der Beifahrerseite. Label-Boss Marion \u201eSuge\u201c Knight (heute 61) \u00fcberlebte als Fahrer leicht verletzt<\/p>\n<p>Foto: Las Vegas Metropolitan Police Department via AP<\/p>\n<p data-32581ace=\"0-3000\">Um 9.30 Uhr (Ortszeit) begannen am Montag vor dem Bezirksgericht von Clark County die Er\u00f6ffnungspl\u00e4doyers. Besonders brisant: Einer der wichtigsten Belastungszeugen der Staatsanwaltschaft d\u00fcrfte der Angeklagte selbst sein.<\/p>\n<p>Gang-Boss gestand alles in seinen Memoiren<\/p>\n<p data-32581ace=\"0-3000\">In einer Dokumentation, bei Vernehmungen durch die Polizei und sogar in seinen eigenen Memoiren \u201eCompton Street Legend\u201c (2019) sprach Davis wiederholt \u00fcber seine mutma\u00dfliche Rolle in der Mordnacht und belastete sich dabei selbst. <\/p>\n<p><img decoding=\"async\" width=\"992\" height=\"1178\" alt=\"In seinem Buch \u201eCompton Street Legend\u201c (dt. \u201eStra\u00dfenlegende aus Compton\u201c) belastet sich der Angeklagte selbst schwer\" loading=\"lazy\" src=\"https:\/\/www.europesays.com\/de\/wp-content\/uploads\/2026\/08\/b6d727b7ac80cdccfc013b4d503af0c3,3e05bd01.jpeg\"   class=\"portrait\"\/><\/p>\n<p class=\"fig__caption__text\">In seinem Buch \u201eCompton Street Legend\u201c (dt. \u201eStra\u00dfenlegende aus Compton\u201c) belastet sich der Angeklagte selbst schwer<\/p>\n<p>Foto: Katie Pfleghar<\/p>\n<p data-32581ace=\"0-3000\"><a href=\"https:\/\/www.bild.de\/unterhaltung\/leute\/leute\/rapper-tupac-25-polizei-zeigt-mugshot-von-gangster-boss-85590668.bild.html\" class=\"text-link\" rel=\"nofollow noopener\" target=\"_blank\">Duane \u201eKeefe D\u201c Davis <\/a>ist ein ehemaliger Gang-Boss der ber\u00fcchtigten \u201eSouth Side Crips\u201c. Er war in den 80er- und 90er-Jahren eine feste Gr\u00f6\u00dfe in der von Drogen und Bandenkriegen gepr\u00e4gten Gang-Szene von Los Angeles. Die Staatsanwaltschaft ist \u00fcberzeugt, dass er in dem Cadillac sa\u00df, aus dem die t\u00f6dlichen Sch\u00fcsse auf Tupac abgefeuert wurden. Davis soll zwar nicht selbst auf Tupac geschossen haben \u2013 aber den t\u00f6dlichen Racheakt mitorganisiert haben.<\/p>\n<p>Mehr zum Thema<\/p>\n<p data-32581ace=\"0-3000\">Doch vor Gericht will \u201eKeefe D\u201c davon nichts mehr wissen. Davis, der auf nicht schuldig pl\u00e4diert hat, behauptet inzwischen, seine fr\u00fcheren Aussagen seien erfunden gewesen. Er habe gelogen, um seine Geschichte zu verkaufen und mit seinem Buch Geld verdienen zu k\u00f6nnen.<\/p>\n<p data-32581ace=\"0-3000\">Auch sein Anwalt Michael Sanft erkl\u00e4rte: \u201eDavis wurde damals nicht angeklagt, weil sie wussten, dass er Unsinn erz\u00e4hlte.\u201c Es gebe keine harten Beweise. Stattdessen baue die Anklage ihren Fall vor allem auf Davis\u2019 eigenen, zweifelhaften Aussagen und seinen Memoiren auf. Die Ermittler h\u00e4tten diese wie Fakten behandelt, statt sie ausreichend zu \u00fcberpr\u00fcfen.<\/p>\n<p data-32581ace=\"0-3000\">Jetzt muss eine Jury entscheiden: Waren Davis&#8216; jahrelange Aussagen ein Gest\u00e4ndnis oder nur eine gut verkaufte Geschichte? Der Mordprozess ist auf vier Wochen angesetzt.<\/p>\n","protected":false},"excerpt":{"rendered":"TTS-Player \u00fcberspringen\u21b5Artikel weiterlesen Las Vegas (USA) \u2013 Wird das R\u00e4tsel um einen der ber\u00fchmtesten Morde der Musikgeschichte endlich&hellip;\n","protected":false},"author":2,"featured_media":1243219,"comment_status":"","ping_status":"","sticky":false,"template":"","format":"standard","meta":{"footnotes":"","_share_on_mastodon":"0"},"categories":[155],"tags":[29,214,1993,30,7893,2183,810,2138,1306,254920,138370,254921,215],"class_list":["post-1243218","post","type-post","status-publish","format-standard","has-post-thumbnail","category-unterhaltung","tag-deutschland","tag-entertainment","tag-gerichte","tag-germany","tag-los-angeles","tag-mord","tag-musik","tag-rap","tag-rapper","tag-shakur-tupac","tag-team-first","tag-tupac","tag-unterhaltung"],"share_on_mastodon":{"url":"https:\/\/pubeurope.com\/@de\/117112527270412644","error":""},"_links":{"self":[{"href":"https:\/\/www.europesays.com\/de\/wp-json\/wp\/v2\/posts\/1243218","targetHints":{"allow":["GET"]}}],"collection":[{"href":"https:\/\/www.europesays.com\/de\/wp-json\/wp\/v2\/posts"}],"about":[{"href":"https:\/\/www.europesays.com\/de\/wp-json\/wp\/v2\/types\/post"}],"author":[{"embeddable":true,"href":"https:\/\/www.europesays.com\/de\/wp-json\/wp\/v2\/users\/2"}],"replies":[{"embeddable":true,"href":"https:\/\/www.europesays.com\/de\/wp-json\/wp\/v2\/comments?post=1243218"}],"version-history":[{"count":0,"href":"https:\/\/www.europesays.com\/de\/wp-json\/wp\/v2\/posts\/1243218\/revisions"}],"wp:featuredmedia":[{"embeddable":true,"href":"https:\/\/www.europesays.com\/de\/wp-json\/wp\/v2\/media\/1243219"}],"wp:attachment":[{"href":"https:\/\/www.europesays.com\/de\/wp-json\/wp\/v2\/media?parent=1243218"}],"wp:term":[{"taxonomy":"category","embeddable":true,"href":"https:\/\/www.europesays.com\/de\/wp-json\/wp\/v2\/categories?post=1243218"},{"taxonomy":"post_tag","embeddable":true,"href":"https:\/\/www.europesays.com\/de\/wp-json\/wp\/v2\/tags?post=1243218"}],"curies":[{"name":"wp","href":"https:\/\/api.w.org\/{rel}","templated":true}]}}