{"id":1243373,"date":"2026-08-17T21:13:14","date_gmt":"2026-08-17T21:13:14","guid":{"rendered":"https:\/\/www.europesays.com\/de\/1243373\/"},"modified":"2026-08-17T21:13:14","modified_gmt":"2026-08-17T21:13:14","slug":"vorwuerfe-der-belaestigung-spitzen-gruene-tritt-kurz-vor-landtagswahl-zurueck-politik","status":"publish","type":"post","link":"https:\/\/www.europesays.com\/de\/1243373\/","title":{"rendered":"Vorw\u00fcrfe der Bel\u00e4stigung \u2013 Spitzen-Gr\u00fcne tritt kurz vor Landtagswahl zur\u00fcck | Politik"},"content":{"rendered":"<p><a class=\"skip-content skip-content--link\" href=\"#in-content-skip-link-target-v-0-0\">TTS-Player \u00fcberspringen\u21b5<\/a><a id=\"in-content-skip-link-target-v-0-0\" class=\"skip-content--target-link-hidden skip-content skip-content--target-link\" href=\"#in-content-skip-link-target-v-0-0\">Artikel weiterlesen<\/a><\/p>\n<p data-83f060b9=\"0-2275\">Schwerin \u2013 <b>Paukenschlag bei den Gr\u00fcnen in Mecklenburg-Vorpommern! Rund einen Monat vor der Landtagswahl tritt Fraktionschefin Constanze Oehlrich (51, Gr\u00fcne) zur\u00fcck. Das teilte die Fraktion am Montag mit. Oehlrich steht seit L\u00e4ngerem wegen Vorw\u00fcrfen gegen sie in der Kritik. <\/b><\/p>\n<p data-83f060b9=\"0-2275\">Wie die WELT (geh\u00f6rt wie BILD zu Axel Springer) unter Berufung auf Unterlagen und eine eidesstattliche Versicherung eines ehemaligen Mitarbeiters berichtet hatte, soll Oehlrich sich in den zw\u00f6lf Jahre j\u00fcngeren Mitarbeiter verliebt und ihn trotz seiner Zur\u00fcckweisung \u00fcber Jahre mit Liebesbekundungen und Avancen bedr\u00e4ngt haben.<\/p>\n<p data-83f060b9=\"0-2275\">Besonders brisant: Oehlrich soll sich laut den ausgewerteten Unterlagen auch \u00fcber die Kleidung des Mitarbeiters beschwert haben \u2013 er trage \u201ezu wenig k\u00f6rperbetonte Kleidung\u201c (die am Hintern enger sitzt). Eine Antidiskriminierungs-Beratungsstelle bewertete dies als anz\u00fcgliches und grenz\u00fcberschreitendes Verhalten. Wegen des Machtgef\u00e4lles zwischen Vorgesetzter und Mitarbeiter habe die Situation den Mann eingesch\u00fcchtert und psychisch belastet.<\/p>\n<p>Oehlrich: R\u00fccktritt \u201ekeine Best\u00e4tigung der Vorw\u00fcrfe\u201c<\/p>\n<p data-83f060b9=\"0-2275\">Oehlrich weist die Vorw\u00fcrfe zur\u00fcck. Die Bemerkung zur Kleidung habe sich ausschlie\u00dflich auf ein angemessenes dienstliches Auftreten bezogen. Den Vorwurf einer verbalen sexuellen Bel\u00e4stigung weist sie \u201eentschieden zur\u00fcck\u201c. Eine von der Gr\u00fcnen-Fraktion beauftragte Anwaltskanzlei hatte die Beschwerde des Mitarbeiters nach dem Allgemeinen Gleichbehandlungsgesetz bereits gepr\u00fcft und als unbegr\u00fcndet und ohne belastbare Grundlage zur\u00fcckgewiesen.<\/p>\n<p>Mehr zum Thema<\/p>\n<p data-83f060b9=\"0-2275\">\u201eDie gegen mich erhobenen Vorw\u00fcrfe sind bereits in einem unabh\u00e4ngigen Verfahren gepr\u00fcft und als unbegr\u00fcndet zur\u00fcckgewiesen worden\u201c, wird Oehlrich nun zitiert. Dass die Vorw\u00fcrfe erneut \u00f6ffentlich erhoben w\u00fcrden, belaste sie anhaltend pers\u00f6nlich. Sie betont ausdr\u00fccklich: \u201eDieser Schritt ist ausdr\u00fccklich keine Best\u00e4tigung der gegen mich erhobenen Vorw\u00fcrfe.\u201c<\/p>\n<p data-83f060b9=\"0-2275\">Der Zeitpunkt ist f\u00fcr die Gr\u00fcnen besonders brisant: Am 20. September wird in <a href=\"https:\/\/www.bild.de\/regional\/mecklenburg-vorpommern\/mecklenburg-vorpommern\/home-62716054.bild.html\" class=\"text-link\" rel=\"nofollow noopener\" target=\"_blank\">Mecklenburg-Vorpommern<\/a> gew\u00e4hlt. Oehlrich war urspr\u00fcnglich als Spitzenkandidatin nominiert worden. Nach parteiinternen Auseinandersetzungen wurde die Landesliste neu gew\u00e4hlt, Claudia M\u00fcller (45) \u00fcbernahm die Spitzenkandidatur. Nun zieht Oehlrich auch als Fraktionschefin die Konsequenzen.<\/p>\n","protected":false},"excerpt":{"rendered":"TTS-Player \u00fcberspringen\u21b5Artikel weiterlesen Schwerin \u2013 Paukenschlag bei den Gr\u00fcnen in Mecklenburg-Vorpommern! Rund einen Monat vor der Landtagswahl tritt&hellip;\n","protected":false},"author":2,"featured_media":1243374,"comment_status":"","ping_status":"","sticky":false,"template":"","format":"standard","meta":{"footnotes":"","_share_on_mastodon":"0"},"categories":[5],"tags":[150,31,1152,13,14367,14,15,2852,12,138370,10,8,9,11],"class_list":["post-1243373","post","type-post","status-publish","format-standard","has-post-thumbnail","category-nachrichten","tag-alternative-fuer-deutschland","tag-cdu","tag-die-gruenen","tag-headlines","tag-meer","tag-nachrichten","tag-news","tag-ostsee","tag-schlagzeilen","tag-team-first","tag-top-news","tag-top-meldungen","tag-topmeldungen","tag-topnews"],"share_on_mastodon":{"url":"","error":""},"_links":{"self":[{"href":"https:\/\/www.europesays.com\/de\/wp-json\/wp\/v2\/posts\/1243373","targetHints":{"allow":["GET"]}}],"collection":[{"href":"https:\/\/www.europesays.com\/de\/wp-json\/wp\/v2\/posts"}],"about":[{"href":"https:\/\/www.europesays.com\/de\/wp-json\/wp\/v2\/types\/post"}],"author":[{"embeddable":true,"href":"https:\/\/www.europesays.com\/de\/wp-json\/wp\/v2\/users\/2"}],"replies":[{"embeddable":true,"href":"https:\/\/www.europesays.com\/de\/wp-json\/wp\/v2\/comments?post=1243373"}],"version-history":[{"count":0,"href":"https:\/\/www.europesays.com\/de\/wp-json\/wp\/v2\/posts\/1243373\/revisions"}],"wp:featuredmedia":[{"embeddable":true,"href":"https:\/\/www.europesays.com\/de\/wp-json\/wp\/v2\/media\/1243374"}],"wp:attachment":[{"href":"https:\/\/www.europesays.com\/de\/wp-json\/wp\/v2\/media?parent=1243373"}],"wp:term":[{"taxonomy":"category","embeddable":true,"href":"https:\/\/www.europesays.com\/de\/wp-json\/wp\/v2\/categories?post=1243373"},{"taxonomy":"post_tag","embeddable":true,"href":"https:\/\/www.europesays.com\/de\/wp-json\/wp\/v2\/tags?post=1243373"}],"curies":[{"name":"wp","href":"https:\/\/api.w.org\/{rel}","templated":true}]}}