{"id":1243522,"date":"2026-08-17T22:51:17","date_gmt":"2026-08-17T22:51:17","guid":{"rendered":"https:\/\/www.europesays.com\/de\/1243522\/"},"modified":"2026-08-17T22:51:17","modified_gmt":"2026-08-17T22:51:17","slug":"basketballstar-dennis-schroeder-gebuertiger-braunschweiger-ueber-klub-wechsel","status":"publish","type":"post","link":"https:\/\/www.europesays.com\/de\/1243522\/","title":{"rendered":"Basketballstar Dennis Schr\u00f6der: Geb\u00fcrtiger Braunschweiger \u00fcber Klub-Wechsel"},"content":{"rendered":"<p>&#8222;Es \u00e4ndert sich nichts&#8220; <\/p>\n<p>Schr\u00f6der wechselt erneut den Klub \u2013 und nimmt es gelassen<\/p>\n<p>17.08.2026 &#8211; 18:18 UhrLesedauer: 2 Min.<\/p>\n<p><a href=\"#focus-0\" class=\"transition-colors block text-current relative\" data-sctrack=\"FocusGalleryImage.Reference\"><img fetchpriority=\"high\" data-testid=\"Opener.Image\"   loading=\"eager\" src=\"https:\/\/www.europesays.com\/de\/wp-content\/uploads\/2026\/08\/dennis-schroeder-nimmt-seinen-erneuten-clubwechsel-entspannt-archivbild.jpg\" alt=\"Dennis Schr\u00f6der\" title=\"Dennis Schr\u00f6der\" width=\"2048\" height=\"1152\" class=\"bg-[url:var(--lqipURL)] bg-cover bg-center flex h-full w-full max-w-full\" style=\"--lqipURL:url('https:\/\/images.t-online.de\/2026\/08\/rurzDjOmgsC0\/0x107:2048x1152\/fit-in\/150x0\/filters:blur(25)\/dennis-schroeder-nimmt-seinen-erneuten-clubwechsel-entspannt-archivbild.jpg')\" decoding=\"async\"\/><img loading=\"lazy\" src=\"https:\/\/braunschweig.t-online.de\/s\/paper\/_next\/static\/media\/zoom-in.f7dae02f.svg\" alt=\"Vergr\u00f6\u00dfern des Bildes\" title=\"Vergr\u00f6\u00dfern des Bildes\" class=\"block h-[calc(var(--height)_\/_16_*_1rem)] w-[calc(var(--width)_\/_16_*_1rem)] max-w-none absolute right-8 bottom-8 rounded-4 bg-snow p-8\" style=\"--width:32;--height:32\" decoding=\"async\"\/><\/a><\/p>\n<p>Dennis Schr\u00f6der (Archivbild): Der Basketball-Star blickt gelassen auf seinen Vereins-Wechsel. (Quelle: Daniel L\u00f6b\/dpa\/dpa-bilder)<\/p>\n<p><img loading=\"lazy\" src=\"https:\/\/braunschweig.t-online.de\/s\/paper\/_next\/static\/media\/audio-volume.6689034c.svg\" alt=\"\" title=\"\" class=\"block h-[calc(var(--height)_\/_16_*_1rem)] w-[calc(var(--width)_\/_16_*_1rem)] max-w-none group-hover:brightness-0 group-hover:invert\" style=\"--width:16;--height:16\" decoding=\"async\"\/>Vorlesen<\/p>\n<p>Aktuelle Zeit:0:00Gesamtdauer:0:00<\/p>\n<p>1x<img loading=\"lazy\" src=\"https:\/\/braunschweig.t-online.de\/s\/paper\/_next\/static\/media\/font-sizes.32942e33.svg\" alt=\"\" title=\"\" class=\"block h-[calc(var(--height)_\/_16_*_1rem)] w-[calc(var(--width)_\/_16_*_1rem)] max-w-none group-hover:hidden group-aria-expanded:hidden\" style=\"--width:16;--height:16\" decoding=\"async\"\/><img loading=\"lazy\" src=\"https:\/\/braunschweig.t-online.de\/s\/paper\/_next\/static\/media\/font-sizes-dark-mode.e382645c.svg\" alt=\"\" title=\"\" class=\"block h-[calc(var(--height)_\/_16_*_1rem)] w-[calc(var(--width)_\/_16_*_1rem)] max-w-none hidden group-hover:block group-aria-expanded:block\" style=\"--width:16;--height:16\" decoding=\"async\"\/><img loading=\"lazy\" src=\"https:\/\/braunschweig.t-online.de\/s\/paper\/_next\/static\/media\/sharing-menu-icon.1eb71368.svg\" alt=\"\" title=\"\" class=\"block h-[calc(var(--height)_\/_16_*_1rem)] w-[calc(var(--width)_\/_16_*_1rem)] max-w-none group-hover:brightness-0 group-hover:invert\" style=\"--width:16;--height:16\" decoding=\"async\"\/>Artikel teilen<\/p>\n<p class=\"font-bold text-18 leading-17 user-text-lg:text-22 user-text-xl:text-24\">F\u00fcr Dennis Schr\u00f6der ist es bereits die zw\u00f6lfte Station in der NBA. Den Wechsel zu den Charlotte Hornets sieht der deutsche Kapit\u00e4n vor allem als sportliche Chance.<\/p>\n<p class=\"text-18 leading-17 user-text-lg:text-22 user-text-xl:text-24\">Der 32-j\u00e4hrige Point Guard Dennis Schr\u00f6der wechselt von den Cleveland Cavaliers zu den Charlotte Hornets. Der Transfer ist bereits die zw\u00f6lfte Klubstation des deutschen Nationalmannschaftskapit\u00e4ns in der NBA. Schr\u00f6der selbst \u00e4u\u00dferte sich gelassen zu dem Wechsel.<\/p>\n<p class=\"text-18 leading-17 user-text-lg:text-22 user-text-xl:text-24\">Zur &#8222;Braunschweiger Zeitung&#8220; sagte der geb\u00fcrtige Braunschweiger: &#8222;Die Medien machen es schlimmer, als es ist. Die Teams bezahlen alles f\u00fcr uns, wir leben genauso weiter, wie wir vorher auch gelebt haben.&#8220; Das hei\u00dft konkret: &#8222;Die Kinder machen Homeschooling, unsere Familie kommt zwei- bis dreimal im Jahr zu Besuch \u2013 es \u00e4ndert sich nichts.&#8220;<\/p>\n<p>Erneuter Umzug f\u00fcr Kinder &#8222;vielleicht nicht optimal&#8220;<\/p>\n<p class=\"text-18 leading-17 user-text-lg:text-22 user-text-xl:text-24\">Den Wechsel habe er bereits seit einem Monat gewusst. F\u00fcr seine drei Kinder sei der erneute Umzug &#8222;vielleicht nicht optimal&#8220;, so der Europameister und Weltmeister. Sportlich sieht er Charlotte jedoch als Gewinn: &#8222;Ich glaube, f\u00fcr mich ist es gut, weil ich dort so spielen kann, wie ich normalerweise spiele.&#8220; In Cleveland, wohin er erst im Februar aus Sacramento gewechselt war, habe er neben Superstar James Harden und Donovan Mitchell seine St\u00e4rken nicht voll einbringen k\u00f6nnen.<\/p>\n<p class=\"text-18 leading-17 user-text-lg:text-22 user-text-xl:text-24\">Mit der zw\u00f6lften Station n\u00e4hert sich Schr\u00f6der dem NBA-Rekord f\u00fcr die meisten Vereinswechsel an. Ish Smith spielte bis 2024 f\u00fcr 13 verschiedene Klubs. Schr\u00f6ders Kommentar dazu: &#8222;So ist das Business.&#8220;<\/p>\n<ul class=\"text-18 leading-17 block pl-24 *:pb-16 *:before:inline-block *:before:size-8 *:before:bg-magenta *:before:mt-0 *:before:mr-12 *:before:mb-2 *:before:-ml-[20px]\">\n<li><strong class=\"font-bold\">Gisa Flake:<\/strong> <a href=\"https:\/\/braunschweig.t-online.de\/region\/braunschweig\/id_101392084\/-tote-hose-so-sieht-zdf-star-gisa-flake-ihre-heimat-braunschweig.html\" class=\"transition-colors cursor-pointer no-underline md:hover:text-magenta md:focus:text-magenta border-b border-solid border-current text-salemsfur md:hover:border-magenta\" data-tracking=\"{&quot;action&quot;:&quot;click&quot;,&quot;category&quot;:&quot;intextLink&quot;,&quot;label&quot;:&quot;\/region\/braunschweig\/id_101392084\/-tote-hose-so-sieht-zdf-star-gisa-flake-ihre-heimat-braunschweig.html&quot;}\" data-sctrack=\"BodyAnchor\" rel=\"nofollow noopener\" target=\"_blank\">So sieht der ZDF-Star seine Heimat Braunschweig<\/a><\/li>\n<\/ul>\n<p class=\"text-18 leading-17 user-text-lg:text-22 user-text-xl:text-24\">In Charlotte trifft er auf die beiden deutschen Nachwuchsspieler Hannes Steinbach und Christian Anderson, beide 20 Jahre alt. &#8222;F\u00fcr die beiden ist das nat\u00fcrlich ein Segen, dass sie jemanden haben, mit dem sie quatschen k\u00f6nnen \u2013 Hannes sogar in der Heimatsprache&#8220;, sagte Schr\u00f6der und blickte auf seine Anf\u00e4nge 2013 in Atlanta zur\u00fcck: &#8222;Ich glaube, es w\u00e4re auch toll gewesen, h\u00e4tte ich das damals gehabt.&#8220;<\/p>\n<p class=\"text-18 leading-17 user-text-lg:text-22 user-text-xl:text-24\">Schr\u00f6der h\u00e4lt sich derzeit in Deutschland auf, wo er am vergangenen Mittwoch zum Ehrenb\u00fcrger von Braunschweig ernannt wurde. Schr\u00f6der ist auch Mehrheitsgesellschafter des Bundesligisten Basketball L\u00f6wen Braunschweig. Heute nahm er in Hamburg mit der Nationalmannschaft die Vorbereitung auf den Supercup am kommenden Wochenende und die beiden WM-Qualifikationsspiele gegen die Niederlande in K\u00f6ln (27. August) und drei Tage sp\u00e4ter in Polen auf.<\/p>\n","protected":false},"excerpt":{"rendered":"&#8222;Es \u00e4ndert sich nichts&#8220; Schr\u00f6der wechselt erneut den Klub \u2013 und nimmt es gelassen 17.08.2026 &#8211; 18:18 UhrLesedauer:&hellip;\n","protected":false},"author":2,"featured_media":1243523,"comment_status":"","ping_status":"","sticky":false,"template":"","format":"standard","meta":{"footnotes":"","_share_on_mastodon":"0"},"categories":[1850],"tags":[722,17161,6429,257673,52161,15919,3364,19696,29,548,663,3934,30,13,14,15918,15,1411,12],"class_list":["post-1243522","post","type-post","status-publish","format-standard","has-post-thumbnail","category-braunschweig","tag-722","tag-17161","tag-braunschweig","tag-charlotte-hornets","tag-cleveland","tag-cleveland-cavaliers","tag-de","tag-dennis-schroeder","tag-deutschland","tag-eu","tag-europa","tag-europe","tag-germany","tag-headlines","tag-nachrichten","tag-nba","tag-news","tag-niedersachsen","tag-schlagzeilen"],"share_on_mastodon":{"url":"https:\/\/pubeurope.com\/@de\/117113303544837284","error":""},"_links":{"self":[{"href":"https:\/\/www.europesays.com\/de\/wp-json\/wp\/v2\/posts\/1243522","targetHints":{"allow":["GET"]}}],"collection":[{"href":"https:\/\/www.europesays.com\/de\/wp-json\/wp\/v2\/posts"}],"about":[{"href":"https:\/\/www.europesays.com\/de\/wp-json\/wp\/v2\/types\/post"}],"author":[{"embeddable":true,"href":"https:\/\/www.europesays.com\/de\/wp-json\/wp\/v2\/users\/2"}],"replies":[{"embeddable":true,"href":"https:\/\/www.europesays.com\/de\/wp-json\/wp\/v2\/comments?post=1243522"}],"version-history":[{"count":0,"href":"https:\/\/www.europesays.com\/de\/wp-json\/wp\/v2\/posts\/1243522\/revisions"}],"wp:featuredmedia":[{"embeddable":true,"href":"https:\/\/www.europesays.com\/de\/wp-json\/wp\/v2\/media\/1243523"}],"wp:attachment":[{"href":"https:\/\/www.europesays.com\/de\/wp-json\/wp\/v2\/media?parent=1243522"}],"wp:term":[{"taxonomy":"category","embeddable":true,"href":"https:\/\/www.europesays.com\/de\/wp-json\/wp\/v2\/categories?post=1243522"},{"taxonomy":"post_tag","embeddable":true,"href":"https:\/\/www.europesays.com\/de\/wp-json\/wp\/v2\/tags?post=1243522"}],"curies":[{"name":"wp","href":"https:\/\/api.w.org\/{rel}","templated":true}]}}