{"id":1243532,"date":"2026-08-17T22:58:33","date_gmt":"2026-08-17T22:58:33","guid":{"rendered":"https:\/\/www.europesays.com\/de\/1243532\/"},"modified":"2026-08-17T22:58:33","modified_gmt":"2026-08-17T22:58:33","slug":"wegen-missbrauchs-urteil-rechtskraeftig-13-jahre-haft-fuer-sporttrainer-panorama","status":"publish","type":"post","link":"https:\/\/www.europesays.com\/de\/1243532\/","title":{"rendered":"Wegen Missbrauchs &#8211; Urteil rechtskr\u00e4ftig: 13 Jahre Haft f\u00fcr Sporttrainer &#8211; Panorama"},"content":{"rendered":"<p data-manual=\"paragraph\" data-schema-org-speakable=\"true\" class=\"css-1eosz7k\">Dessau-Ro\u00dflau (dpa\/sa) &#8211; Das Landgericht Dessau-Ro\u00dflau hatte Ende Januar gegen einen fr\u00fcheren Sporttrainer wegen sexuellen Missbrauchs von Kindern eine Haftstrafe von 13 Jahren verh\u00e4ngt &#8211; das Urteil ist nun rechtskr\u00e4ftig. Der Bundesgerichtshof habe die Revision des inzwischen 55-J\u00e4hrigen gegen das Urteil als unbegr\u00fcndet verworfen, teilte das Landgericht in Dessau-Ro\u00dflau mit. Der Mann war wegen teils schweren sexuellen Missbrauchs von Kindern in insgesamt 141 F\u00e4llen zu 13 Jahren verurteilt worden, eine anschlie\u00dfende Unterbringung in der Sicherungsverwahrung wurde angeordnet. Einzelstrafen aus einem Urteil im Jahr 2024 flossen ein, damals ging es um 229 Taten.<\/p>\n<p data-manual=\"paragraph\" data-schema-org-speakable=\"true\" class=\"css-1eosz7k\">\u201eDer Mann hatte bei Begehung der Taten \u00fcber einen mehrj\u00e4hrigen Zeitraum hinweg seine besondere Stellung als Sporttrainer und Vertrauensperson der Kinder ausgenutzt\u201c, erkl\u00e4rte das Gericht. Die Taten sollen in der Wohnung des Mannes und in dessen Gartenlaube, aber auch bei Wettk\u00e4mpfen teils im Ausland stattgefunden haben. Eines der Opfer hatte sich seinerzeit seinen Eltern anvertraut. Der Angeklagte r\u00e4umte die Taten weitgehend ein. Zum Prozessauftakt hatte er sich in einer von seinem Verteidiger verlesenen Erkl\u00e4rung bei den Opfern entschuldigt.<\/p>\n<p data-manual=\"paragraph\" data-schema-org-speakable=\"true\" class=\"css-1eosz7k\">\u00a9 dpa-infocom, dpa:260817-930-543506\/1<\/p>\n","protected":false},"excerpt":{"rendered":"Dessau-Ro\u00dflau (dpa\/sa) &#8211; Das Landgericht Dessau-Ro\u00dflau hatte Ende Januar gegen einen fr\u00fcheren Sporttrainer wegen sexuellen Missbrauchs von Kindern&hellip;\n","protected":false},"author":2,"featured_media":1243533,"comment_status":"","ping_status":"","sticky":false,"template":"","format":"standard","meta":{"footnotes":"","_share_on_mastodon":"0"},"categories":[1844],"tags":[1634,3364,29,13690,30,8903,1584,4933,1974,2283,860,149,11747],"class_list":["post-1243532","post","type-post","status-publish","format-standard","has-post-thumbnail","category-karlsruhe","tag-baden-wuerttemberg","tag-de","tag-deutschland","tag-gerichtsprozesse","tag-germany","tag-karlsruhe","tag-kriminalitaet","tag-landgericht","tag-panorama","tag-prozess-gericht","tag-sachsen-anhalt","tag-sueddeutsche-zeitung","tag-urteile"],"share_on_mastodon":{"url":"https:\/\/pubeurope.com\/@de\/117113330472275654","error":""},"_links":{"self":[{"href":"https:\/\/www.europesays.com\/de\/wp-json\/wp\/v2\/posts\/1243532","targetHints":{"allow":["GET"]}}],"collection":[{"href":"https:\/\/www.europesays.com\/de\/wp-json\/wp\/v2\/posts"}],"about":[{"href":"https:\/\/www.europesays.com\/de\/wp-json\/wp\/v2\/types\/post"}],"author":[{"embeddable":true,"href":"https:\/\/www.europesays.com\/de\/wp-json\/wp\/v2\/users\/2"}],"replies":[{"embeddable":true,"href":"https:\/\/www.europesays.com\/de\/wp-json\/wp\/v2\/comments?post=1243532"}],"version-history":[{"count":0,"href":"https:\/\/www.europesays.com\/de\/wp-json\/wp\/v2\/posts\/1243532\/revisions"}],"wp:featuredmedia":[{"embeddable":true,"href":"https:\/\/www.europesays.com\/de\/wp-json\/wp\/v2\/media\/1243533"}],"wp:attachment":[{"href":"https:\/\/www.europesays.com\/de\/wp-json\/wp\/v2\/media?parent=1243532"}],"wp:term":[{"taxonomy":"category","embeddable":true,"href":"https:\/\/www.europesays.com\/de\/wp-json\/wp\/v2\/categories?post=1243532"},{"taxonomy":"post_tag","embeddable":true,"href":"https:\/\/www.europesays.com\/de\/wp-json\/wp\/v2\/tags?post=1243532"}],"curies":[{"name":"wp","href":"https:\/\/api.w.org\/{rel}","templated":true}]}}