{"id":1243539,"date":"2026-08-17T23:02:25","date_gmt":"2026-08-17T23:02:25","guid":{"rendered":"https:\/\/www.europesays.com\/de\/1243539\/"},"modified":"2026-08-17T23:02:25","modified_gmt":"2026-08-17T23:02:25","slug":"thomas-funk-64-regiert-mit-tochter-und-enkelin-im-guetersloher-heidewald","status":"publish","type":"post","link":"https:\/\/www.europesays.com\/de\/1243539\/","title":{"rendered":"Thomas Funk (64) regiert mit Tochter und Enkelin im G\u00fctersloher Heidewald"},"content":{"rendered":"<p>Der neue K\u00f6nig der G\u00fctersloher Sch\u00fctzengesellschaft hei\u00dft Thomas Funk (64). Mit Tochter Carolin (38) und Enkelin Emily (14) regiert er jetzt im Heidewald.<\/p>\n<p>G\u00fctersloh (gl) &#8211; Drei Generationen der Familie Funk regieren die G\u00fctersloher Sch\u00fctzengesellschaft (GSG) von 1832: Im Heidewald steht seit Montagnachmittag Thomas Funk (64) als neuer K\u00f6nig fest. Mit Tochter Carolin Funk (38) liefert er sich zuvor ein heftiges Duell im Schie\u00dfstand. Sie wird jetzt\u2026<\/p>\n<p>            <img decoding=\"async\" src=\"https:\/\/www.die-glocke.de\/typo3conf\/ext\/bo_dieglocke_template\/Resources\/Public\/Images\/logo\/glocke_plus_icon.svg\" class=\"pwTopImage\" alt=\"Glocke Plus\"\/><\/p>\n<p>                Jetzt weiterlesen mit G+<\/p>\n<p class=\"card-text equal-height text-center\" data-equalheightgroup=\"1\">\n                0,99 \u20ac im 1. Monat \u2013 monatlich k\u00fcndbar\n            <\/p>\n<tr>\n<tr>\n<td class=\"w-25px p-1\">\n<\/td>\n<td class=\"p-1\">\n<p>                                            aktuelle Nachrichten rund um die Uhr<\/p>\n<\/td>\n<\/tr>\n<tr>\n<td class=\"w-25px p-1\">\n<\/td>\n<td class=\"p-1\">\n<p>                                            nur 79 \u20ac (ab dem 13. Monat 7,90 \u20ac monatlich)<\/p>\n<\/td>\n<\/tr>\n<tr>\n<td class=\"w-25px p-1\">\n<\/td>\n<td class=\"p-1\">\n<p>                                            nach 12 Monaten Mindestlaufzeit monatlich k\u00fcndbar<\/p>\n<\/td>\n<\/tr>\n<tr>\n<td class=\"w-25px p-1\">\n<\/td>\n<td class=\"p-1\">\n<p>                                            sparen Sie 15,80 \u20ac gegen\u00fcber dem Monatsabo<\/p>\n<\/td>\n<\/tr>\n<\/tr>\n<p>\n                        79 \u20ac f\u00fcr 12 Monate\n                    <\/p>\n<p>                    <a data-upscore-conversion=\"1\" rel=\"nofollow noopener\" class=\"btn link-primary border rounded border-2 border-primary d-block w-100 mb-4\" href=\"https:\/\/shop.die-glocke.de\/bestellen\/g-jahresabo-bc91?type=paypal&amp;upscore_object_id=17a5120e-e82e-4fa5-882b-cd129097f90f-Portal&amp;upscore_offer_id=&amp;upscore_click_id=&amp;upscore_object_url=https%3A%2F%2Fwww.die-glocke.de%2Fkreis-guetersloh%2Fguetersloh%2Fartikel%2Fthomas-funk-64-regiert-mit-tochter-carolin-38-im-guetersloher-heidewald-1786985419&amp;target=https%3A%2F%2Fwww.die-glocke.de%2Fkreis-guetersloh%2Fguetersloh%2Fartikel%2Fthomas-funk-64-regiert-mit-tochter-carolin-38-im-guetersloher-heidewald-1786985419\" target=\"_blank\"><br \/>\n                        <strong>Jahresabo bestellen mit <\/strong><br \/>\n                        <img loading=\"lazy\" decoding=\"async\" class=\"me-2 icon-paypal\" src=\"https:\/\/www.die-glocke.de\/fileadmin\/images\/demo\/paypal.svg\" width=\"65\" height=\"15\" alt=\"Paypal\"\/><br \/>\n                    <\/a><\/p>\n<p>                    <a data-upscore-conversion=\"1\" class=\"paywall_order_btn-668975\" href=\"https:\/\/shop.die-glocke.de\/gplus-jahresabo?upscore_object_id=17a5120e-e82e-4fa5-882b-cd129097f90f-Portal&amp;upscore_offer_id=&amp;upscore_click_id=&amp;upscore_object_url=https%3A%2F%2Fwww.die-glocke.de%2Fkreis-guetersloh%2Fguetersloh%2Fartikel%2Fthomas-funk-64-regiert-mit-tochter-carolin-38-im-guetersloher-heidewald-1786985419&amp;target=https%3A%2F%2Fwww.die-glocke.de%2Fkreis-guetersloh%2Fguetersloh%2Fartikel%2Fthomas-funk-64-regiert-mit-tochter-carolin-38-im-guetersloher-heidewald-1786985419\" rel=\"nofollow noopener\" target=\"_blank\"><br \/>\n                        Jahresabo bestellen<br \/>\n                    <\/a><\/p>\n<p>Texte und Fotos von die-glocke.de sind urheberrechtlich gesch\u00fctzt.<br \/>\n            Weiterverwendung nur mit Genehmigung der Chefredaktion.<\/p>\n","protected":false},"excerpt":{"rendered":"Der neue K\u00f6nig der G\u00fctersloher Sch\u00fctzengesellschaft hei\u00dft Thomas Funk (64). Mit Tochter Carolin (38) und Enkelin Emily (14)&hellip;\n","protected":false},"author":2,"featured_media":1243540,"comment_status":"","ping_status":"","sticky":false,"template":"","format":"standard","meta":{"footnotes":"","_share_on_mastodon":"0"},"categories":[1841],"tags":[17274,1605,3364,29,30,1209,9877,110770,7195],"class_list":["post-1243539","post","type-post","status-publish","format-standard","has-post-thumbnail","category-bielefeld","tag-brauchtum","tag-bielefeld","tag-de","tag-deutschland","tag-germany","tag-nordrhein-westfalen","tag-schuetzen","tag-traditionen","tag-vereine"],"share_on_mastodon":{"url":"https:\/\/pubeurope.com\/@de\/117113348820921093","error":""},"_links":{"self":[{"href":"https:\/\/www.europesays.com\/de\/wp-json\/wp\/v2\/posts\/1243539","targetHints":{"allow":["GET"]}}],"collection":[{"href":"https:\/\/www.europesays.com\/de\/wp-json\/wp\/v2\/posts"}],"about":[{"href":"https:\/\/www.europesays.com\/de\/wp-json\/wp\/v2\/types\/post"}],"author":[{"embeddable":true,"href":"https:\/\/www.europesays.com\/de\/wp-json\/wp\/v2\/users\/2"}],"replies":[{"embeddable":true,"href":"https:\/\/www.europesays.com\/de\/wp-json\/wp\/v2\/comments?post=1243539"}],"version-history":[{"count":0,"href":"https:\/\/www.europesays.com\/de\/wp-json\/wp\/v2\/posts\/1243539\/revisions"}],"wp:featuredmedia":[{"embeddable":true,"href":"https:\/\/www.europesays.com\/de\/wp-json\/wp\/v2\/media\/1243540"}],"wp:attachment":[{"href":"https:\/\/www.europesays.com\/de\/wp-json\/wp\/v2\/media?parent=1243539"}],"wp:term":[{"taxonomy":"category","embeddable":true,"href":"https:\/\/www.europesays.com\/de\/wp-json\/wp\/v2\/categories?post=1243539"},{"taxonomy":"post_tag","embeddable":true,"href":"https:\/\/www.europesays.com\/de\/wp-json\/wp\/v2\/tags?post=1243539"}],"curies":[{"name":"wp","href":"https:\/\/api.w.org\/{rel}","templated":true}]}}