{"id":1243552,"date":"2026-08-17T23:13:27","date_gmt":"2026-08-17T23:13:27","guid":{"rendered":"https:\/\/www.europesays.com\/de\/1243552\/"},"modified":"2026-08-17T23:13:27","modified_gmt":"2026-08-17T23:13:27","slug":"ukraine-news-russische-tankstellen-rationieren-wieder-sprit","status":"publish","type":"post","link":"https:\/\/www.europesays.com\/de\/1243552\/","title":{"rendered":"Ukraine-News: Russische Tankstellen rationieren wieder Sprit"},"content":{"rendered":"<p>        <img decoding=\"async\" src=\"https:\/\/www.europesays.com\/de\/wp-content\/uploads\/2026\/08\/sprit-russland-knapp-100.webp\" alt=\"Gesperrte Zapfpistolen an einer russischen Tankstelle\" title=\"Gesperrte Zapfpistolen an einer russischen Tankstelle | picture alliance\/dpa\/AP | Pavel Bednyakov\" class=\"responsive\"\/><\/p>\n<p class=\"topline\">Ukraine-News<\/p>\n<p class=\"author\">von MDR AKTUELL<\/p>\n<p>\n                Stand: 17.08.2026 23:54 Uhr<\/p>\n<p>        <img decoding=\"async\" src=\"https:\/\/www.europesays.com\/de\/wp-content\/uploads\/2026\/08\/google-handy-100.webp\" alt=\"Ein Handy liegt auf einer Laptoptastatur. Das Display zeigt das Google Logo\" title=\"Ein Handy liegt auf einer Laptoptastatur. Das Display zeigt das Google Logo |  IMAGO \/ SOPA Images\" class=\"responsive\" loading=\"lazy\"\/><\/p>\n<p>Nachrichten personalisieren<\/p>\n<p>\n        17.08.2026 23:26 Uhr\n    <\/p>\n<p>    Lawrow laut Nordkorea: Beide L\u00e4nder arbeiten an gerechter Weltordnung<\/p>\n<p class=\"\">Die staatliche nordkoreanische Agentur KCNA zitiert den russischen Au\u00dfenminister Sergej Lawrow mit den Worten, beide L\u00e4nder arbeiteten daran, eine neue und gerechte Weltordnung zu etablieren. Lawrow habe sich in einer Botschaft an die nordkoreanische Au\u00dfenministerin Choe Son Hui entsprechend ge\u00e4u\u00dfert, so KCNA. Lawrow habe zudem erkl\u00e4rt, die von Nordkorea entsandten Soldaten k\u00e4mpften daf\u00fcr, die &#8222;ukrainische Nazi-Clique&#8220; aus der Region Kursk zu vertreiben. Nordkorea hat seit Ende 2024 Truppen entsandt, um Russland dabei zu unterst\u00fctzen, Kursk von der Ukraine zur\u00fcckzuerobern. (Quelle: Reuters)<\/p>\n<p>\n        17.08.2026 22:23 Uhr\n    <\/p>\n<p>    Tote und Verletzte bei russischen Angriffen<\/p>\n<p class=\"\">Bei russischen Angriffen sind am Abend in der Ukraine mehrere Menschen get\u00f6tet und verletzt worden. In Saporischschja starben ein Mann und eine Frau bei einem Drohnenangriff auf eine Kleingartenanlage, wie der regionale Milit\u00e4rverwalter Iwan Fedorow auf Telegram mitteilte. Bei weiteren Drohneneinschl\u00e4gen sei in einer Gemeinde von Saporischschja der Strom ausgefallen.<\/p>\n<p class=\"\">Aus der s\u00fcdukrainischen Hafenstadt Odessa meldeten die Beh\u00f6rden mindestens neun Verletzte durch russische Angriffe. &#8222;Der Feind setzt den Terror gegen die Zivilbev\u00f6lkerung in der Region Odessa fort&#8220;, schrieb der regionale Milit\u00e4rverwalter Oleh Kiper auf Telegram. Nach Angaben der Agentur Ukrinform wurden bei den russischen Drohnenangriffen ein Restaurant und mehrere Privath\u00e4user getroffen. (Quelle: dpa)<\/p>\n<p>\n        17.08.2026 20:17 Uhr\n    <\/p>\n<p>    Bundesregierung weist russische Drohungen gegen Ukraine-Unterst\u00fctzer zur\u00fcck<\/p>\n<p class=\"\">Die Bundesregierung hat russische Drohungen gegen Unterst\u00fctzer der Ukraine zur\u00fcckgewiesen. &#8222;Die Drohungen und \u00c4u\u00dferungen gegen\u00fcber EU- oder Nato-Partnern sind nichts Neues&#8220;, sagte eine Sprecherin des Ausw\u00e4rtigen Amts am Montag in Berlin. &#8222;Die nehmen wir zur Kenntnis, von denen lassen wir uns nicht einsch\u00fcchtern &#8211; und wir lassen uns auch in unserer Unterst\u00fctzung f\u00fcr die Ukraine nicht einsch\u00fcchtern&#8220;, f\u00fcgte die Sprecherin hinzu.<\/p>\n<p class=\"\">Sie bezog sich auf eine \u00c4u\u00dferung des russischen Au\u00dfenministers Sergej Lawrow vom Freitag. Dieser hatte angek\u00fcndigt: &#8222;Wir werden unsere Methoden stark versch\u00e4rfen, um all das zu zerst\u00f6ren, was Kiews Kriegsmaschine aus dem Westen speist. Und wir tun dies bereits.&#8220; Lawrows \u00c4u\u00dferungen sorgten auch vor dem Hintergrund des j\u00fcngsten Drohnen-Vorfalls am Flughafen Leipzig\/Halle f\u00fcr Aufmerksamkeit. (Quelle: AFP)<\/p>\n<p>\n        17.08.2026 18:47 Uhr\n    <\/p>\n<p>    Selenskyj k\u00fcndigt Personal\u00e4nderungen im Milit\u00e4r an<\/p>\n<p class=\"\">Der ukrainische Pr\u00e4sident Wolodymyr Selenskyj hat Personal\u00e4nderungen beim Milit\u00e4r angek\u00fcndigt. Selenskyj sagte in seiner abendlichen Videoansprache, erfahrene Kommandeure m\u00fcssten mehr Handlungsspielraum erhalten. Er habe deshalb bei einer Sitzung mit der Milit\u00e4rspitze einen Teil der Personalentscheidungen gebilligt. Namen nannte Selenskyj nicht. Thema waren auch die Angriffe tief auf russischem Staatsgebiet. Laut Selenskyj soll so die Angriffskraft der russischen Armee geschw\u00e4cht werden. (Quelle: dpa)<\/p>\n<p>\n        17.08.2026 18:22 Uhr\n    <\/p>\n<p>    Vermutlich russische Drohne st\u00fcrzt in Moldau ab<\/p>\n<p class=\"\">Eine mutma\u00dflich russische Drohne ist in den Luftraum Moldaus eingedrungen und auf einem Acker im S\u00fcdosten des Landes abgest\u00fcrzt. Das Flugger\u00e4t sei im Gebiet Stefan Voda nahe der Grenze zur Ukraine zerschellt und habe einen kleinen Brand ausgel\u00f6st, teilte die moldauische Polizei auf Telegram mit. Verletzt wurde demnach niemand. Experten untersuchten den Absturzort. Ukrainischen Medien zufolge soll es sich um eine russische Drohne des Typs &#8222;Banderol&#8220; gehandelt haben. Sie sei beim Anflug auf den Hafen von Odessa vom Kurs abgekommen und \u00fcber die Grenze nach Moldau geflogen.<\/p>\n<p class=\"\">Erst am Vortag war eine Drohne \u00fcber Rum\u00e4nien im Rahmen der Nato-Luftraum\u00fcberwachung von einem spanischen Kampfjet abgeschossen worden. (Quelle: dpa)<\/p>\n<p>\n        17.08.2026 14:07 Uhr\n    <\/p>\n<p>    Treibstoffrationierung in einigen russischen Regionen<\/p>\n<p class=\"\">In einigen russischen Regionen gibt es erneut Engp\u00e4sse bei der Treibstoffversorgung. Die Beh\u00f6rden versch\u00e4rften in mindestens zehn Gebieten die Kontrollen f\u00fcr den Spritverkauf an Tankstellen. Medienberichten und Augenzeugen nach war am Montag Benzin an einigen Tankstellen im Raum Moskau nicht erh\u00e4ltlich, Diesel dagegen meist schon.<\/p>\n<p>Die Krise hatte im Mai begonnen und sich bis Juli auf fast alle Landesteile ausgeweitet. Ausl\u00f6ser waren der Ausfall mehrerer Raffinerien nach ukrainischen Drohnenangriffen sowie eine saisonal erh\u00f6hte Nachfrage. Die Regierung verh\u00e4ngte ein Exportverbot f\u00fcr Benzin und Diesel, senkte die Qualit\u00e4tsanforderungen und begann mit dem Import von Erd\u00f6lprodukten. Ende Juli hatte sich die Lage zun\u00e4chst stabilisiert. Doch neue Drohnenangriffe auf \u00d6lraffinerien f\u00fchrten nun wieder zu Engp\u00e4ssen. (Quelle: Reuters)<\/p>\n<p>\n        17.08.2026 13:12 Uhr\n    <\/p>\n<p>    Moskau meldet Eroberung von zwei Ortschaften<\/p>\n<p class=\"\">Russland setzt nach eigenen Angaben seinen Vormarsch in der Ukraine fort. Russische Truppen haben demnach zwei Ortschaften eingenommen. Dem Verteidigungsministerium in Moskau zufolge handelt sich um Nowosoloschyne in der s\u00fcd\u00f6stlichen Region Saporischschja und um Andrijiwska Hromada in der Region Donezk. (Quelle: Reuters)<\/p>\n<p>\n        17.08.2026 12:55 Uhr\n    <\/p>\n<p>    Ukraine meldet Treffer gegen russische R\u00fcstungsfabrik<\/p>\n<p class=\"\">Der ukrainische Generalstab hat best\u00e4tigt, dass zwei russische Produktionsst\u00e4tten f\u00fcr Sprengstoff im Betrieb &#8222;Kombinat Kamenskij&#8220; in Kamensk-Schachtinskij im Raum Rostow durch Luftangriffe zerst\u00f6rt und vier weitere besch\u00e4digt worden seien. Es handele sich um ein Unternehmen, das Raketen-Treibstoffe f\u00fcr Munition der Mehrfachraketenwerfer Uragan, Smertsch und Tornado-S sowie f\u00fcr eine Reihe russische Raketensysteme und Luftfahrzeuge herstellt. (Quelle: Ukrinform)<\/p>\n<p>\n        17.08.2026 10:05 Uhr\n    <\/p>\n<p>    Drohnenangriff auf Industriekomplex in Astrachan<\/p>\n<p class=\"\">Bei einem ukrainischen Drohnenangriff in der s\u00fcdrussischen Region Astrachan ist nach Beh\u00f6rdenangaben eine Frau get\u00f6tet worden. Der Angriff traf eine Industrieanlage, wie der \u00f6rtliche Gouverneur mitteilt. Einzelheiten wurden zun\u00e4chst nicht genannt. (Quelle: Reuters)<\/p>\n<p>\n        17.08.2026 09:18 Uhr\n    <\/p>\n<p>    Russischer Angriff auf Hafen an der Donau<\/p>\n<p class=\"\">Russland hat in der Nacht Hafen-Infrastruktur im Bezirk Ismajil in der s\u00fcdukrainischen Region Odessa angegriffen. Nach ukrainischen Angaben wurden die Br\u00e4nde dort inzwischen gel\u00f6scht. Ismajil liegt nahe der rum\u00e4nischen Grenze und hat den gr\u00f6\u00dften ukrainischen Hafen an der Donau. (Quelle: Reuters)<\/p>\n<p>                    <a href=\"https:\/\/www.europesays.com\/de\/wp-content\/uploads\/2026\/08\/ukraine-hafen-ismajil-donau-100.webp\" class=\"zoomimage\" title=\"Bild vergr\u00f6\u00dfern\"><\/p>\n<p>        <img decoding=\"async\" src=\"https:\/\/www.europesays.com\/de\/wp-content\/uploads\/2026\/08\/ukraine-hafen-ismajil-donau-100.webp\" alt=\"Hafen von Ismajil an der M\u00fcndung der Donau. \" title=\"Hafen von Ismajil an der M\u00fcndung der Donau. (Archivbild) |  IMAGO \/ Russian Look\" class=\"responsive\" loading=\"lazy\"\/><\/p>\n<p>                    <\/a><\/p>\n<p>                    Hafen von Ismajil an der M\u00fcndung der Donau. (Archivbild)<\/p>\n<p class=\"\">Bei einem russischen Drohnenangriff auf eine Post-Filiale in Kramatorsk ist ein Mitarbeiter ums Leben gekommen. Wie das ukrainische Nachrichtenportal Ukrinform mittelte, wurden vier Menschen verletzt. Die Filiale sei zerst\u00f6rt worden. (Quelle: <a href=\"https:\/\/www.ukrinform.de\/rubric-ato\/4154771-russen-greifen-in-kramatorsk-nowa-poschta-an-ein-todesopfer-vier-verletzte.html\" title=\"Ukrinform: Todesopfer und Verletzte bei russischem Angriff auf Post-Station\" class=\"extlink-preface\" data-type=\"external\" rel=\"nofollow noopener\" target=\"_blank\">Ukrinform<\/a>)<\/p>\n<p>\n        17.08.2026 06:40 Uhr\n    <\/p>\n<p>    Russland meldet sechs Todesopfer bei Angriff in Region Belgorod<\/p>\n<p class=\"\">Bei einem ukrainischen Raketenangriff auf die russische Grenzregion Belgorod sind \u00f6rtlichen Angaben zufolge sechs Menschen get\u00f6tet worden. Vier weitere Personen wurden verletzt, wie der kommissarische Gouverneur Alexander Schuwajew im Kurznachrichtendienst Telegram mitteilte. Unter den Verletzten befinde sich auch ein 14-j\u00e4hriges Kind. (Quelle: Reuters)<\/p>\n<p>\n        17.08.2026 05:30 Uhr\n    <\/p>\n<p>    Kallas: EU will Russland-Sanktionen deutlich ausweiten<\/p>\n<p class=\"\">Die EU will die Sanktionen gegen Russland nach den Worten der Au\u00dfenbeauftragten Kaja Kallas in den kommenden Monaten deutlich ausweiten. &#8222;Im Herbst werde ich die weitreichendste Sanktionsliste seit Beginn des Krieges vorlegen. Sollte sie beschlossen werden, wird sich die Zahl der sanktionierten russischen Personen, Unternehmen und Organisationen sofort um ein Drittel erh\u00f6hen&#8220;, sagte Kallas der Zeitung &#8222;Welt&#8220;. (Quelle: AFP)<\/p>\n<p>\n        17.08.2026 04:58 Uhr\n    <\/p>\n<p>    Russische Anti-Kriegspartei Jabloko steht wieder vor Gericht<\/p>\n<p class=\"\">Das Oberste Gericht Russlands verhandelt heute erneut \u00fcber den Ausschluss der liberalen Oppositionspartei Jabloko von der Parlamentswahl im September. Die Anti-Kriegspartei hatte Berufung gegen den vor einer Woche vom Gericht beschlossenen Ausschluss von der Duma-Wahl eingelegt. Die Aussichten, dass Jabloko doch noch zugelassen wird, gelten unter Beobachtern als d\u00fcster. Fast zur gleichen Zeit will das Stadtgericht in Pskow sein Urteil gegen den Vizechef der Partei, Schlosberg, verk\u00fcnden. Schlosberg ist wegen angeblicher Verunglimpfung der russischen Streitkr\u00e4fte angeklagt. (Quelle: AFP)<\/p>\n<p>\n        17.08.2026 02:07 Uhr\n    <\/p>\n<p>    Russischer Star-\u00d6konom nach Zweifel an Sieg gegen die Ukraine rausgeschmissen<\/p>\n<p class=\"\">In Moskau hat der prominente \u00d6konom Andrej Klepatsch seinen Job verloren, weil er Zweifel an Russlands Sieg gegen die Ukraine \u00e4u\u00dferte. Mehreren Medien zufolge soll der Chef\u00f6konom des Staatsunternehmens VEB.RF bei einem Vortrag an der Moskauer B\u00f6rse behauptet haben, dass Russland einen Abnutzungskrieg gegen die Ukraine unm\u00f6glich gewinnen k\u00f6nne. Zudem steuere Russland auf eine Krise zu. &#8222;Wir geben uns der Illusion hin, dass dort [in der Ukraine] alles zusammenbrechen wird. Es ist nicht zusammengebrochen und wird auch nicht zusammenbrechen&#8220;, zitierte die Zeitung &#8222;The Moscow Times&#8220; Klepatsch. Russlands Kosten hingegen stiegen, das Land werde &#8222;sowohl im technologischen als auch im wirtschaftlichen Wettbewerb weltweit&#8220; den K\u00fcrzeren ziehen. Wie das unabh\u00e4ngige Portal &#8222;The Bell&#8220; berichtete, soll VEB.RF-Chef Igor Schuwalow Klepatsch nach einem &#8222;Anruf von oben&#8220; &#8211; also aus dem Kreml &#8211; entlassen haben. (Quelle: dpa)<\/p>\n<p>\n        15.08.2026 00:05 Uhr\n    <\/p>\n<p>    Die Ereignisse gestern \u2013 16. August 2026<\/p>\n<p class=\"\">In Russland und der Ukraine sind bei gegenseitigen Drohnen- und Raketenangriffen nach j\u00fcngsten Angaben insgesamt mindestens 19 Menschen get\u00f6tet worden. Den russischen Beh\u00f6rden zufolge starben in der Region Rostow f\u00fcnf Menschen, drei weitere in den Regionen Belgorod, Kursk und Moskau.<\/p>\n<p class=\"\">Zudem wurden in den russisch besetzten Gebieten der Ukraine vier Menschen get\u00f6tet. Die ukrainischen Beh\u00f6rden meldeten au\u00dferdem sieben Todesopfer sowie Sch\u00e4den an einem der gr\u00f6\u00dften Stahlwerke des Landes.<\/p>\n<p>\n            <strong>Video:<\/strong><br \/>\n            Massive Drohnenangriffe auf Moskau (1 Min)\n        <\/p>\n<p class=\"\">Die ukrainische Armee hatte allein Moskau mit hunderten Drohnen angegriffen. Der Moskauer Regionalgouverneur sprach von &#8222;einem der massivsten Drohnenangriffe in j\u00fcngster Zeit&#8220;. Dem russischen Verteidigungsministerium zufolge wurden landesweit 822 ukrainische Drohnen abgefangen.<\/p>\n<p>\n        15.08.2026 00:00 Uhr\n    <\/p>\n<p>    Ukraine-News am Montag, 17. August 2026<\/p>\n<p class=\"\">Guten Tag! In unseren Ukraine-News halten wir Sie weiterhin \u00fcber die Entwicklungen im Krieg gegen die Ukraine auf dem aktuellen Stand. Alle wichtigen Nachrichten dazu erscheinen hier im Lauf des <a name=\"weitere-nachrichten\">Tag<\/a>es.<\/p>\n<p class=\"\">Die Berichterstattung \u00fcber den Russland-Ukraine-Krieg ist komplex. Angaben zu Kriegsverlauf, Beschuss und Opfern durch offizielle Stellen der russischen und der ukrainischen Konfliktparteien k\u00f6nnen in der aktuellen Lage nicht unmittelbar von unabh\u00e4ngiger Stelle \u00fcberpr\u00fcft werden. Es gibt eine Vielzahl von Medienvertretern vor Ort, darunter auch unabh\u00e4ngige Journalisten aus verschiedenen L\u00e4ndern. Bei der Bewertung von Informationen sind verschiedene Quellen und eine kritische Haltung unerl\u00e4sslich, um ein m\u00f6glichst umfassendes Bild zu erhalten. Alles das ber\u00fccksichtigt der MDR in seinen Berichten \u00fcber den Russland-Ukraine-Krieg.<\/p>\n<p>        <img decoding=\"async\" src=\"https:\/\/www.europesays.com\/de\/wp-content\/uploads\/2026\/06\/ukraine-276.webp\" alt=\"Rettungskr\u00e4fte beseitigen Tr\u00fcmmer und suchen nach Menschen in einem Wohnblock, der von einer Rakete getroffen wurde.\" title=\"Rettungskr\u00e4fte beseitigen Tr\u00fcmmer und suchen nach Menschen in einem Wohnblock, der von einer Rakete getroffen wurde. | picture alliance\/dpa\/Ukrinform | -\" class=\"responsive\" loading=\"lazy\"\/><\/p>\n<p>        <img decoding=\"async\" src=\"https:\/\/www.europesays.com\/de\/wp-content\/uploads\/2026\/06\/podcast-cover-was-tun-herr-general-100.webp\" alt=\"Der fr\u00fchere NATO-General und Generalleutnant a.D. Erhard B\u00fchler\" title=\"Der fr\u00fchere NATO-General und Generalleutnant a.D. Erhard B\u00fchler | MDR \/ Erhard B\u00fchler \" class=\"responsive\" loading=\"lazy\"\/><\/p>\n<p>        <img decoding=\"async\" src=\"https:\/\/www.europesays.com\/de\/wp-content\/uploads\/2026\/06\/podcast-putins-krieg-100.webp\" alt=\"Podcast Putins Krieg\" title=\"Podcast Putins Krieg | dpa\/MDR\" class=\"responsive\" loading=\"lazy\"\/><\/p>\n","protected":false},"excerpt":{"rendered":"Ukraine-News von MDR AKTUELL Stand: 17.08.2026 23:54 Uhr Nachrichten personalisieren 17.08.2026 23:26 Uhr Lawrow laut Nordkorea: Beide L\u00e4nder&hellip;\n","protected":false},"author":2,"featured_media":1243553,"comment_status":"","ping_status":"","sticky":false,"template":"","format":"standard","meta":{"footnotes":"","_share_on_mastodon":"0"},"categories":[4012],"tags":[331,332,1479,256596,257029,13,4046,122263,14,15,34391,257028,9827,1125,307,12,61177,208903,116,317],"class_list":["post-1243552","post","type-post","status-publish","format-standard","has-post-thumbnail","category-ukraine","tag-aktuelle-nachrichten","tag-aktuelle-news","tag-drohnenangriff","tag-forschungsstelle","tag-getreideexporte","tag-headlines","tag-krieg","tag-lebensmittelversorgung","tag-nachrichten","tag-news","tag-noworossijsk","tag-oelexporte","tag-osteuropa","tag-rohoel","tag-russland","tag-schlagzeilen","tag-schlosberg","tag-schwarzmeerhaefen","tag-selenskyj","tag-ukraine"],"share_on_mastodon":{"url":"","error":""},"_links":{"self":[{"href":"https:\/\/www.europesays.com\/de\/wp-json\/wp\/v2\/posts\/1243552","targetHints":{"allow":["GET"]}}],"collection":[{"href":"https:\/\/www.europesays.com\/de\/wp-json\/wp\/v2\/posts"}],"about":[{"href":"https:\/\/www.europesays.com\/de\/wp-json\/wp\/v2\/types\/post"}],"author":[{"embeddable":true,"href":"https:\/\/www.europesays.com\/de\/wp-json\/wp\/v2\/users\/2"}],"replies":[{"embeddable":true,"href":"https:\/\/www.europesays.com\/de\/wp-json\/wp\/v2\/comments?post=1243552"}],"version-history":[{"count":0,"href":"https:\/\/www.europesays.com\/de\/wp-json\/wp\/v2\/posts\/1243552\/revisions"}],"wp:featuredmedia":[{"embeddable":true,"href":"https:\/\/www.europesays.com\/de\/wp-json\/wp\/v2\/media\/1243553"}],"wp:attachment":[{"href":"https:\/\/www.europesays.com\/de\/wp-json\/wp\/v2\/media?parent=1243552"}],"wp:term":[{"taxonomy":"category","embeddable":true,"href":"https:\/\/www.europesays.com\/de\/wp-json\/wp\/v2\/categories?post=1243552"},{"taxonomy":"post_tag","embeddable":true,"href":"https:\/\/www.europesays.com\/de\/wp-json\/wp\/v2\/tags?post=1243552"}],"curies":[{"name":"wp","href":"https:\/\/api.w.org\/{rel}","templated":true}]}}