{"id":1243778,"date":"2026-08-18T01:38:26","date_gmt":"2026-08-18T01:38:26","guid":{"rendered":"https:\/\/www.europesays.com\/de\/1243778\/"},"modified":"2026-08-18T01:38:26","modified_gmt":"2026-08-18T01:38:26","slug":"uhrenraub-in-berlin-ich-trage-seitdem-keine-uhr-mehr-polizei","status":"publish","type":"post","link":"https:\/\/www.europesays.com\/de\/1243778\/","title":{"rendered":"Uhrenraub in Berlin: \u201eIch trage seitdem keine Uhr mehr\u201c | Polizei"},"content":{"rendered":"<p>Moabit \u2013 <b>Stop and Go im Berufsverkehr. Marius K. (42) schaut immer wieder nerv\u00f6s auf seine Luxusuhr. Termindruck! Als pl\u00f6tzlich jemand durch das ge\u00f6ffnete Fenster des Ford Mustang brutal seinen Arm packt und ihm ruckartig die \u201eHublot Classic Fusion\u201c (limitierte Auflage, Wert: 6500 Euro) vom Handgelenk rei\u00dft.<\/b><\/p>\n<p>Jetzt sah der Unternehmer einen der mutma\u00dflichen R\u00e4uber auf der Anklagebank des Landgerichts wieder: den Libyer Yakoub M. C. (24). W\u00e4hrend der zu Prozessbeginn schwieg, erinnerte sich der Zeuge noch genau an den fr\u00fchen Abend des 9. Juni 2024 auf der Karl-Marx-Stra\u00dfe in <a href=\"https:\/\/www.bz-berlin.de\/berlin\/neukoelln\" class=\"text-link\" rel=\"nofollow noopener\" target=\"_blank\">Neuk\u00f6lln<\/a>. <\/p>\n<p>\u201eIch stand im Stau. Es war warm. Das Fenster offen. Mein linker Arm auf dem Rahmen der Fahrert\u00fcr, als mich ein Mann ansprach.\u201c Was der wollte? \u201eKeine Ahnung. Habe ihn nicht verstanden.\u201c Und fast zeitgleich ein zweiter an die geschlossene Beifahrerscheibe klopfte. Er habe zu dem hin\u00fcbergeblickt. Nur einen kurzen Moment \u2013 der dem Komplizen auf der Fahrerseite aber gen\u00fcgte, um nach der Uhr am Handgelenk zu greifen.<\/p>\n<p>Marius K. (42) reagierte blitzschnell, sprang bei laufendem Motor aus dem Auto und nahm die Verfolgung auf. Gemeinsam mit einer <a href=\"https:\/\/www.bz-berlin.de\/thema\/berliner-polizei\" class=\"text-link\" rel=\"nofollow noopener\" target=\"_blank\">Polizeistreife<\/a>, die zuf\u00e4llig mit ihrem Wagen zwei Fahrzeuge hinter ihm stand. \u201eIch bekam einen der beiden T\u00e4ter zu fassen.\u201c Den Klopfer auf der Beifahrerseite, den Angeklagten? \u201eEr versuchte noch, mit seinem Rucksack nach mir zu schlagen. Aber ich konnte ihn fixieren.\u201c<\/p>\n<p>Den Uhrenr\u00e4uber verfolgten die Polizisten in eine Seitenstra\u00dfe. Bis in ein Haus, in dem Wohnungslose lebten. In dem hatte der noch schnell mit seiner Beute vor laufender Videokamera gewedelt, ehe er damit auf Nimmerwiedersehen \u00fcbers Dach entkam.<\/p>\n<p>Der Raub teurer Uhren am helllichten Tag in aller \u00d6ffentlichkeit ist inzwischen ein bundesweites Problem. Ermittler sprechen von bandenm\u00e4\u00dfig organisierten internationalen T\u00e4tergruppen.<\/p>\n<p>Marius K. auf die Frage des <a href=\"https:\/\/www.bz-berlin.de\/thema\/richter\" class=\"text-link\" rel=\"nofollow noopener\" target=\"_blank\">Richters<\/a> nach den Tatfolgen f\u00fcr ihn: \u201eIch trage seitdem in der \u00d6ffentlichkeit keine Uhr mehr. \u00dcberhaupt keine Wertgegenst\u00e4nde. Lasse alles sicher verwahrt zu Hause.\u201c<\/p>\n<p>Fortsetzung: 20. August<\/p>\n<p>Haben Sie einen Fehler in diesem Artikel entdeckt? Dann schreiben Sie uns gern: <a href=\"mailto:fehler.melden@bz.de?body=%0A%0A%0AURL%3A%20https%3A%2F%2Fwww.bz-berlin.de%2Fpolizei%2Fmenschen-vor-gericht%2Fuhrenraub-in-berlin-ich-trage-seitdem-keine-uhr-mehr-6a821d33a87e8142c31d22ab%0ADatum%3A%2018.8.2026%2C%2003%3A37%3A21%0A\" target=\"_blank\" rel=\"noopener\" class=\"anchor anchor--external\">fehler.melden@bz.de.<\/a><\/p>\n","protected":false},"excerpt":{"rendered":"Moabit \u2013 Stop and Go im Berufsverkehr. Marius K. (42) schaut immer wieder nerv\u00f6s auf seine Luxusuhr. Termindruck!&hellip;\n","protected":false},"author":2,"featured_media":1243779,"comment_status":"","ping_status":"","sticky":false,"template":"","format":"standard","meta":{"footnotes":"","_share_on_mastodon":"0"},"categories":[1825],"tags":[7032,6175,296,29,2690,30,1269,4576],"class_list":["post-1243778","post","type-post","status-publish","format-standard","has-post-thumbnail","category-berlin","tag-a1","tag-autofahrer","tag-berlin","tag-deutschland","tag-gericht","tag-germany","tag-prozess","tag-raub"],"share_on_mastodon":{"url":"https:\/\/pubeurope.com\/@de\/117113959581335181","error":""},"_links":{"self":[{"href":"https:\/\/www.europesays.com\/de\/wp-json\/wp\/v2\/posts\/1243778","targetHints":{"allow":["GET"]}}],"collection":[{"href":"https:\/\/www.europesays.com\/de\/wp-json\/wp\/v2\/posts"}],"about":[{"href":"https:\/\/www.europesays.com\/de\/wp-json\/wp\/v2\/types\/post"}],"author":[{"embeddable":true,"href":"https:\/\/www.europesays.com\/de\/wp-json\/wp\/v2\/users\/2"}],"replies":[{"embeddable":true,"href":"https:\/\/www.europesays.com\/de\/wp-json\/wp\/v2\/comments?post=1243778"}],"version-history":[{"count":0,"href":"https:\/\/www.europesays.com\/de\/wp-json\/wp\/v2\/posts\/1243778\/revisions"}],"wp:featuredmedia":[{"embeddable":true,"href":"https:\/\/www.europesays.com\/de\/wp-json\/wp\/v2\/media\/1243779"}],"wp:attachment":[{"href":"https:\/\/www.europesays.com\/de\/wp-json\/wp\/v2\/media?parent=1243778"}],"wp:term":[{"taxonomy":"category","embeddable":true,"href":"https:\/\/www.europesays.com\/de\/wp-json\/wp\/v2\/categories?post=1243778"},{"taxonomy":"post_tag","embeddable":true,"href":"https:\/\/www.europesays.com\/de\/wp-json\/wp\/v2\/tags?post=1243778"}],"curies":[{"name":"wp","href":"https:\/\/api.w.org\/{rel}","templated":true}]}}