{"id":1243792,"date":"2026-08-18T01:49:23","date_gmt":"2026-08-18T01:49:23","guid":{"rendered":"https:\/\/www.europesays.com\/de\/1243792\/"},"modified":"2026-08-18T01:49:23","modified_gmt":"2026-08-18T01:49:23","slug":"taylor-swift-laesst-ihren-ehering-funkeln-unterhaltung","status":"publish","type":"post","link":"https:\/\/www.europesays.com\/de\/1243792\/","title":{"rendered":"Taylor Swift l\u00e4sst ihren Ehering funkeln | Unterhaltung"},"content":{"rendered":"<p><a class=\"skip-content skip-content--link\" href=\"#in-content-skip-link-target-v-0-0\">TTS-Player \u00fcberspringen\u21b5<\/a><a id=\"in-content-skip-link-target-v-0-0\" class=\"skip-content--target-link-hidden skip-content skip-content--target-link\" href=\"#in-content-skip-link-target-v-0-0\">Artikel weiterlesen<\/a><\/p>\n<p data-32581ace=\"0-2410\">Gloucestershire (England) \u2013 <b>W\u00e4hrend alle noch sehns\u00fcchtig auf die ersten Bilder von DER Hochzeit des Jahres warten, tanzt Megastar Taylor Swift (36) schon auf Hochzeit Nummer zwei seit ihrem eigenen Ja-Wort. Ehemann Travis Kelce (36) war zwar nicht dabei. Aber seit dem 3. Juli ist sie ganz offiziell mit ihm verbunden und tr\u00e4gt den kleinen Liebesbeweis immer bei sich: ihren Ehering.<\/b><\/p>\n<p data-32581ace=\"0-2410\">In einem dunkelblauen Kleid von Costarellos mit goldenen Stickereien und tiefem Ausschnitt zeigte sich Taylor Swift bei der Hochzeit einer Freundin. <a href=\"https:\/\/www.mytheresa.com\/us\/en\/women\/costarellos-arcangela-applique-tulle-gown-blue-p00924585\" target=\"_blank\" rel=\"nofollow noopener\" class=\"text-link\">Das Kleid<\/a> kostet stolze rund 2400 Euro. Dazu kombinierte sie eine Perlenkette und ein Cartier-Armband. Ihr wohl sch\u00f6nstes Accessoire bleibt aber ihr Ehering. Den tr\u00e4gt Taylor gemeinsam mit ihrem funkelnden Verlobungsring am selben Finger. Der schlichte Ehering sitzt dabei unter dem gro\u00dfen Verlobungsklunker, der aus einem antiken 8-Karat-Old-Mine-Brilliant-Cut-Diamanten in einer handgravierten Gelbgold-Zargenfassung besteht. Der genaue Preis ist ein Geheimnis, Schmuckexperten sch\u00e4tzen ihn auf mindestens 550.000 US-Dollar (rund 474.000 Euro).<\/p>\n<p><img decoding=\"async\" width=\"992\" height=\"1185\" alt=\"Ihren Ehering versteckt sie nicht, sich selbst zeigt sie aber auch mehr als einen Monat nach ihrer Traumhochzeit noch immer nicht \u00f6ffentlich\" loading=\"lazy\" src=\"https:\/\/www.europesays.com\/de\/wp-content\/uploads\/2026\/08\/1e693a07605d00476312df2d3cc435a3,6303a746.jpeg\"   class=\"dynamic\"\/><\/p>\n<p class=\"fig__caption__text\">Taylor Swift im Plausch mit der Braut, Toningenieurin Laura Sisk<\/p>\n<p>Foto: \/SplashNews.com<\/p>\n<p><img decoding=\"async\" width=\"992\" height=\"1746\" alt=\"Unter dem riesigen Verlobungsklunker ziert jetzt auch ihr Ehering Taylors Hand. Im Gegensatz zu ihrem auff\u00e4lligen Verlobungsring f\u00e4llt der schlichte Ring deutlich dezenter aus\" loading=\"lazy\" src=\"https:\/\/www.europesays.com\/de\/wp-content\/uploads\/2026\/08\/e822e88caf41ac47b19b9472de3b1ce1,8e889ac9.jpeg\"   class=\"dynamic\"\/><\/p>\n<p class=\"fig__caption__text\">Unter dem riesigen Verlobungsklunker ziert jetzt auch ihr Ehering Taylors Hand. Im Gegensatz zu ihrem auff\u00e4lligen Verlobungsring f\u00e4llt der Ring dezenter aus<\/p>\n<p>Foto: \/SplashNews.com<\/p>\n<p>Taylor feiert mit ihren langj\u00e4hrigen Weggef\u00e4hrten<\/p>\n<p data-32581ace=\"0-2410\">Gefeiert wurde rund zwei Stunden von London entfernt in den Real World Studios im englischen Gloucestershire. F\u00fcr <a href=\"https:\/\/www.bild.de\/themen\/personen\/taylor-swift\/musik-nachrichten-news-fotos-videos-15799274.bild.html\" class=\"text-link\" rel=\"nofollow noopener\" target=\"_blank\">Taylor Swift<\/a> war es eine ganz besondere Hochzeit: Das Brautpaar, Toningenieur Oli Jacobs und Toningenieurin Laura Sisk, geh\u00f6rt seit Jahren zu Taylors engsten Weggef\u00e4hrten aus der Musikwelt. Beide haben mit Taylor an zahlreichen ihrer Alben gearbeitet und z\u00e4hlen zu ihren langj\u00e4hrigen Studio-Partnern. Wie das US-Magazin <a href=\"https:\/\/people.com\/taylor-swift-debuts-shortest-hair-in-years-at-uk-wedding-with-celeb-friends-photos-12060980?utm_source=chatgpt.com\" target=\"_blank\" rel=\"nofollow noopener\" class=\"text-link\">\u201ePeople\u201c<\/a> berichtet, war auch Laura Sisk bei Taylors eigener Hochzeit zu Gast.<\/p>\n<p> An dieser Stelle findest du Inhalte aus Instagram <\/p>\n<p> Um mit Inhalten aus Instagram und anderen sozialen Netzwerken zu interagieren oder diese darzustellen, brauchen wir deine Zustimmung. <\/p>\n<p> soziale Netzwerke aktivieren Mehr zum ThemaDarum ist Travis nicht dabei<\/p>\n<p data-32581ace=\"0-2410\">Dass Taylor Swift die Liebe ihrer Liebsten ohne ihren Travis feierte, hat einen einfachen Grund: Der Profisportler steckt wieder voll im Training. Am 15. August stand Travis Kelce f\u00fcr ein Vorbereitungsspiel f\u00fcr die Kansas City Chiefs gegen die Los Angeles Rams auf dem Platz. Genau an dem Tag, an dem Taylor Swifts Weggef\u00e4hrten Ja zueinander sagten.<\/p>\n<p><img decoding=\"async\" width=\"992\" height=\"1453\" alt=\"L\u00e4ssig und cool, wie man ihn kennt: Travis Kelce mit einer Getr\u00e4nkedose in der Hand. Neben goldenem Armband und goldener Uhr sticht nat\u00fcrlich vor allem sein goldener Ehering ins Auge\" loading=\"lazy\" src=\"https:\/\/www.europesays.com\/de\/wp-content\/uploads\/2026\/08\/ae6a1a49c42f203a17504562f955947c,bae6cf2b.jpeg\"   class=\"dynamic\"\/><\/p>\n<p class=\"fig__caption__text\">L\u00e4ssig und cool, wie man ihn kennt: Travis Kelce (36) mit einer Getr\u00e4nkedose in der Hand. Neben goldenem Armband und goldener Uhr sticht vor allem sein goldener Ehering ins Auge <\/p>\n<p>Foto: Getty Images<\/p>\n<p>Travis schw\u00e4rmt von der \u201ebesten Nacht\u201c seines Lebens<\/p>\n<p data-32581ace=\"0-2410\">\u00dcber die eigene Hochzeit hat Travis bereits ein wenig mehr verraten als Taylor. W\u00e4hrend die S\u00e4ngerin bislang kein Wort \u00fcber ihren gro\u00dfen Tag verloren hat, schw\u00e4rmte ihr Ehemann von der \u201ebesten Nacht\u201c seines Lebens. Ein paar offizielle Hochzeitsfotos sind Taylor und Travis ihren Fans aber trotzdem noch schuldig.<\/p>\n","protected":false},"excerpt":{"rendered":"TTS-Player \u00fcberspringen\u21b5Artikel weiterlesen Gloucestershire (England) \u2013 W\u00e4hrend alle noch sehns\u00fcchtig auf die ersten Bilder von DER Hochzeit des&hellip;\n","protected":false},"author":2,"featured_media":1243793,"comment_status":"","ping_status":"","sticky":false,"template":"","format":"standard","meta":{"footnotes":"","_share_on_mastodon":"0"},"categories":[155],"tags":[4545,29,214,30,4549,4550,59350,4756,138370,215],"class_list":["post-1243792","post","type-post","status-publish","format-standard","has-post-thumbnail","category-unterhaltung","tag-american-football","tag-deutschland","tag-entertainment","tag-germany","tag-kansas-city-chiefs","tag-nfl","tag-super-bowl","tag-swift-taylor","tag-team-first","tag-unterhaltung"],"share_on_mastodon":{"url":"","error":""},"_links":{"self":[{"href":"https:\/\/www.europesays.com\/de\/wp-json\/wp\/v2\/posts\/1243792","targetHints":{"allow":["GET"]}}],"collection":[{"href":"https:\/\/www.europesays.com\/de\/wp-json\/wp\/v2\/posts"}],"about":[{"href":"https:\/\/www.europesays.com\/de\/wp-json\/wp\/v2\/types\/post"}],"author":[{"embeddable":true,"href":"https:\/\/www.europesays.com\/de\/wp-json\/wp\/v2\/users\/2"}],"replies":[{"embeddable":true,"href":"https:\/\/www.europesays.com\/de\/wp-json\/wp\/v2\/comments?post=1243792"}],"version-history":[{"count":0,"href":"https:\/\/www.europesays.com\/de\/wp-json\/wp\/v2\/posts\/1243792\/revisions"}],"wp:featuredmedia":[{"embeddable":true,"href":"https:\/\/www.europesays.com\/de\/wp-json\/wp\/v2\/media\/1243793"}],"wp:attachment":[{"href":"https:\/\/www.europesays.com\/de\/wp-json\/wp\/v2\/media?parent=1243792"}],"wp:term":[{"taxonomy":"category","embeddable":true,"href":"https:\/\/www.europesays.com\/de\/wp-json\/wp\/v2\/categories?post=1243792"},{"taxonomy":"post_tag","embeddable":true,"href":"https:\/\/www.europesays.com\/de\/wp-json\/wp\/v2\/tags?post=1243792"}],"curies":[{"name":"wp","href":"https:\/\/api.w.org\/{rel}","templated":true}]}}