{"id":1243864,"date":"2026-08-18T02:40:40","date_gmt":"2026-08-18T02:40:40","guid":{"rendered":"https:\/\/www.europesays.com\/de\/1243864\/"},"modified":"2026-08-18T02:40:40","modified_gmt":"2026-08-18T02:40:40","slug":"nuernberg-stadt-der-rekorde-auch-bei-der-blasmusik-bayern","status":"publish","type":"post","link":"https:\/\/www.europesays.com\/de\/1243864\/","title":{"rendered":"N\u00fcrnberg: Stadt der Rekorde \u2013 auch bei der Blasmusik &#8211; Bayern"},"content":{"rendered":"<p data-manual=\"paragraph\" data-schema-org-speakable=\"true\" class=\"css-1vw426e\">Man kann <a href=\"https:\/\/www.sueddeutsche.de\/thema\/N%C3%BCrnberg\" rel=\"nofollow noopener\" target=\"_blank\">N\u00fcrnberg<\/a> nicht nachsagen, dass es eine faule Stadt w\u00e4re, dazu wurden dort zu viele Rekorde geleistet. Das Germanische Nationalmuseum zum Beispiel gilt nach eigenen Worten als \u201egr\u00f6\u00dftes kulturgeschichtliches Museum des deutschen Sprachraums\u201c. Dank mittelfr\u00e4nkischer T\u00fcchtigkeit fuhr hier auch die erste Eisenbahn des Landes ab und <a href=\"https:\/\/www.sueddeutsche.de\/bayern\/bayern-adler-eisenbahn-fuerth-nuernberg-li.3333698\" rel=\"nofollow noopener\" target=\"_blank\">legte den Grundstein f\u00fcr eine Erfolgsgeschichte<\/a>, die erst die Deutsche Bahn zu beenden wusste.<\/p>\n<p data-manual=\"paragraph\" data-schema-org-speakable=\"true\" class=\"css-1eosz7k\">Und der <a href=\"https:\/\/www.sueddeutsche.de\/thema\/1._FC_N%C3%BCrnberg\" rel=\"nofollow noopener\" target=\"_blank\">1. FC N\u00fcrnberg<\/a> w\u00fcrde ein eigenes Kapitel verdienen, so rekordverd\u00e4chtig wie er mit den Gef\u00fchlen seiner Anh\u00e4nger zu spielen wei\u00df. Un\u00fcbertroffen etwa die Saison 1983\/84, als der Club alle 17 Ausw\u00e4rtsspiele verlor.<\/p>\n<p data-manual=\"paragraph\" data-schema-org-speakable=\"true\" class=\"css-1eosz7k\">Nun ist ein neuer Leistungsnachweis f\u00fcr N\u00fcrnberg dazugekommen: der Weltrekord f\u00fcrs\u00a0l\u00e4ngste\u00a0Bl\u00e4serkonzert. Dieses fand schon Ende Juli statt, die Meldung durchs Rekord-Institut f\u00fcr Deutschland folgte aber erst dieser Augusttage. Damit darf der Versuch, 72 Stunden lang Posaunench\u00f6re ununterbrochen in der Jakobskirche musizieren zu lassen, offiziell als erfolgreich gelten.<\/p>\n<p data-manual=\"paragraph\" data-schema-org-speakable=\"true\" class=\"css-1eosz7k\">Laut der Mitteilung waren dazu insgesamt\u00a0 1870 Menschen im Einsatz. Denn die Pause zwischen den Titeln habe h\u00f6chstens ein paar Sekunden dauern d\u00fcrfen. Es h\u00e4tten also \u201eimmer gleichzeitig drei verschiedene Musikch\u00f6re an ihren Instrumenten\u201c gesessen. Dass gleichzeitig auch die Hitze den Freistaat durchgrillte, d\u00fcrfte das Dauerblasen nicht unbedingt vereinfacht haben.<\/p>\n<p data-manual=\"paragraph\" data-schema-org-speakable=\"true\" class=\"css-1eosz7k\">Aber in N\u00fcrnberg hat man Durchhaltewillen bewiesen. Der Bl\u00e4ser-Rekord ist deshalb auch weder der einzige noch der erste, den das Rekord-Institut f\u00fcr die Stadt notiert hat. 2025 meldete man die weltweit gr\u00f6\u00dfte Schneekugelsammlung (4820 St\u00fcck), 2022 den schwersten Schwerlasttransport (535,5 Tonnen), 2015 den l\u00e4ngsten Buntstift (459,97 Meter). Die Liste lie\u00dfe sich fortsetzen.<\/p>\n<p data-manual=\"paragraph\" data-schema-org-speakable=\"true\" class=\"css-1eosz7k\">Die Krux: Wer flei\u00dfig bleiben will, darf sich nicht auf Erfolgen ausruhen. Nur wenigen ist es verg\u00f6nnt, einen Rekord bis in alle Ewigkeit zu verteidigen. Je gr\u00f6\u00dfer Ruhm und Ehre, desto motivierter ist erfahrungsgem\u00e4\u00df die Konkurrenz. Und Bestmarken sind ohnehin zum Brechen da. Ohne dem Wunsch nach immer h\u00f6her, immer schneller, immer weiter fehlte der Rekordjagd \u00fcberall auf dieser Welt der Sinn.<\/p>\n<p data-manual=\"paragraph\" data-schema-org-speakable=\"true\" class=\"css-1eosz7k\">Es k\u00f6nnte also\u00a0nur eine Frage der Zeit sein, bis unter Posaunen und vielleicht Trompeten zum n\u00e4chsten Rekordangriff geblasen wird. Nur beim 1. FC N\u00fcrnberg d\u00fcrfen sie ruhig schlafen: Das Kunstst\u00fcck, in einer Bundesligasaison alle Ausw\u00e4rtsspiele zu verlieren, wird so schnell niemand nachmachen wollen.<\/p>\n","protected":false},"excerpt":{"rendered":"Man kann N\u00fcrnberg nicht nachsagen, dass es eine faule Stadt w\u00e4re, dazu wurden dort zu viele Rekorde geleistet.&hellip;\n","protected":false},"author":2,"featured_media":1243865,"comment_status":"","ping_status":"","sticky":false,"template":"","format":"standard","meta":{"footnotes":"","_share_on_mastodon":"0"},"categories":[1837],"tags":[783,772,68288,3364,29,347,30,23730,4156,145572,810,3783,149],"class_list":["post-1243864","post","type-post","status-publish","format-standard","has-post-thumbnail","category-nuernberg","tag-1-fc-nuernberg","tag-bayern","tag-blasmusik","tag-de","tag-deutschland","tag-fussball","tag-germany","tag-leben-und-gesellschaft-in-bayern","tag-mittelfranken","tag-mitten-in-bayern","tag-musik","tag-nuernberg","tag-sueddeutsche-zeitung"],"share_on_mastodon":{"url":"https:\/\/pubeurope.com\/@de\/117114203857354379","error":""},"_links":{"self":[{"href":"https:\/\/www.europesays.com\/de\/wp-json\/wp\/v2\/posts\/1243864","targetHints":{"allow":["GET"]}}],"collection":[{"href":"https:\/\/www.europesays.com\/de\/wp-json\/wp\/v2\/posts"}],"about":[{"href":"https:\/\/www.europesays.com\/de\/wp-json\/wp\/v2\/types\/post"}],"author":[{"embeddable":true,"href":"https:\/\/www.europesays.com\/de\/wp-json\/wp\/v2\/users\/2"}],"replies":[{"embeddable":true,"href":"https:\/\/www.europesays.com\/de\/wp-json\/wp\/v2\/comments?post=1243864"}],"version-history":[{"count":0,"href":"https:\/\/www.europesays.com\/de\/wp-json\/wp\/v2\/posts\/1243864\/revisions"}],"wp:featuredmedia":[{"embeddable":true,"href":"https:\/\/www.europesays.com\/de\/wp-json\/wp\/v2\/media\/1243865"}],"wp:attachment":[{"href":"https:\/\/www.europesays.com\/de\/wp-json\/wp\/v2\/media?parent=1243864"}],"wp:term":[{"taxonomy":"category","embeddable":true,"href":"https:\/\/www.europesays.com\/de\/wp-json\/wp\/v2\/categories?post=1243864"},{"taxonomy":"post_tag","embeddable":true,"href":"https:\/\/www.europesays.com\/de\/wp-json\/wp\/v2\/tags?post=1243864"}],"curies":[{"name":"wp","href":"https:\/\/api.w.org\/{rel}","templated":true}]}}