{"id":1243880,"date":"2026-08-18T02:51:13","date_gmt":"2026-08-18T02:51:13","guid":{"rendered":"https:\/\/www.europesays.com\/de\/1243880\/"},"modified":"2026-08-18T02:51:13","modified_gmt":"2026-08-18T02:51:13","slug":"bvb-die-geheimnisse-von-giannis-konstantelias-sport","status":"publish","type":"post","link":"https:\/\/www.europesays.com\/de\/1243880\/","title":{"rendered":"BVB: Die Geheimnisse von Giannis Konstantelias | Sport"},"content":{"rendered":"<p><b>Dortmund \u2013 Die einzigen Brocken Griechisch hatte Niko Kovac (54) in seiner Jugend auf dem Schulhof gelernt. \u201eIch hatte damals einen Griechen bei mir in der Klasse. Aber das Einzige, was ich kann, sollte man nicht im Fernsehen sagen\u201c, erkl\u00e4rte der BVB-Trainer schmunzelnd. In Dortmund l\u00e4sst er ab sofort aber griechischen Fu\u00dfball spielen: Die Zug\u00e4nge Konstantinos Karetsas (18\/f\u00fcr 30\u00a0+\u00a02 Mio. Euro aus Genk) und Giannis Konstantelias (23\/f\u00fcr 26\u00a0+\u00a06 Mio. aus Saloniki) sollen k\u00fcnftig das Herzst\u00fcck der BVB-Offensive bilden.<\/b><\/p>\n<p>Karetsas sorgte bei zwei Test-Auftritten schon f\u00fcr Begeisterung. Konstantelias bisher erst f\u00fcr ordentlich Transfer-Nebenger\u00e4usche. BILD verr\u00e4t, wer ihn \u00fcberzeugte, was hinter seiner kuriosen R\u00fcckennummer steckt, welche gef\u00e4hrliche Rolle Salonikis Pistolen-Pr\u00e4sident spielt und was er mit den Zeugen Jehovas zu tun hat. Lesen Sie hier weiter mit BILD PLUS!<\/p>\n","protected":false},"excerpt":{"rendered":"Dortmund \u2013 Die einzigen Brocken Griechisch hatte Niko Kovac (54) in seiner Jugend auf dem Schulhof gelernt. \u201eIch&hellip;\n","protected":false},"author":2,"featured_media":1243881,"comment_status":"","ping_status":"","sticky":false,"template":"","format":"standard","meta":{"footnotes":"","_share_on_mastodon":"0"},"categories":[1833],"tags":[1263,888,3364,29,217,538,347,30,5133,1209,819,1576,2915,14882,5132],"class_list":["post-1243880","post","type-post","status-publish","format-standard","has-post-thumbnail","category-dortmund","tag-aufmacher-bereich","tag-borussia-dortmund","tag-de","tag-deutschland","tag-dortmund","tag-erste-bundesliga","tag-fussball","tag-germany","tag-hueber-yannick","tag-nordrhein-westfalen","tag-sport-leuchtturm-essen","tag-super-a-teaser","tag-vfb-stuttgart","tag-wehrle-alexander","tag-weiler-joerg"],"share_on_mastodon":{"url":"https:\/\/pubeurope.com\/@de\/117114246532529370","error":""},"_links":{"self":[{"href":"https:\/\/www.europesays.com\/de\/wp-json\/wp\/v2\/posts\/1243880","targetHints":{"allow":["GET"]}}],"collection":[{"href":"https:\/\/www.europesays.com\/de\/wp-json\/wp\/v2\/posts"}],"about":[{"href":"https:\/\/www.europesays.com\/de\/wp-json\/wp\/v2\/types\/post"}],"author":[{"embeddable":true,"href":"https:\/\/www.europesays.com\/de\/wp-json\/wp\/v2\/users\/2"}],"replies":[{"embeddable":true,"href":"https:\/\/www.europesays.com\/de\/wp-json\/wp\/v2\/comments?post=1243880"}],"version-history":[{"count":0,"href":"https:\/\/www.europesays.com\/de\/wp-json\/wp\/v2\/posts\/1243880\/revisions"}],"wp:featuredmedia":[{"embeddable":true,"href":"https:\/\/www.europesays.com\/de\/wp-json\/wp\/v2\/media\/1243881"}],"wp:attachment":[{"href":"https:\/\/www.europesays.com\/de\/wp-json\/wp\/v2\/media?parent=1243880"}],"wp:term":[{"taxonomy":"category","embeddable":true,"href":"https:\/\/www.europesays.com\/de\/wp-json\/wp\/v2\/categories?post=1243880"},{"taxonomy":"post_tag","embeddable":true,"href":"https:\/\/www.europesays.com\/de\/wp-json\/wp\/v2\/tags?post=1243880"}],"curies":[{"name":"wp","href":"https:\/\/api.w.org\/{rel}","templated":true}]}}