{"id":1243947,"date":"2026-08-18T03:39:16","date_gmt":"2026-08-18T03:39:16","guid":{"rendered":"https:\/\/www.europesays.com\/de\/1243947\/"},"modified":"2026-08-18T03:39:16","modified_gmt":"2026-08-18T03:39:16","slug":"edeka-in-lichtenstein-und-hohenstein-ernstthal-fuer-wenig-geld-wird-der-einkauf-geliefert","status":"publish","type":"post","link":"https:\/\/www.europesays.com\/de\/1243947\/","title":{"rendered":"Edeka in Lichtenstein und Hohenstein-Ernstthal: F\u00fcr wenig Geld wird der Einkauf geliefert"},"content":{"rendered":"<p class=\"text text--s\">\n\t\t\t\tFreie Presse bei Google bevorzugen\n\t\t\t<\/p>\n<p class=\"bold\">\n\t\t\t\t\t\t\t\t\t\tZwei M\u00e4rkte im Altkreis bieten einen speziellen Service: Sie liefern Eink\u00e4ufe nach Hause. F\u00fcr die H\u00e4ndler ist der Aufwand hoch. Lohnt sich das?\t\t\t\t<\/p>\n<p>\t\t\t\t Regelm\u00e4\u00dfig schleppt Tilo N\u00fc\u00dfler (66) drei Getr\u00e4nke-K\u00e4sten zu einem Kunden in den vierten Stock eines Lichtensteiner Hauses: \u201eDanach ist die Luft erst mal weg\u201c, sagt der Unternehmer. Zusammen mit Ehefrau Gabriela betreibt er die Edeka-M\u00e4rkte in Lichtenstein und Neuw\u00fcrschnitz.<\/p>\n<p>\t\t<img decoding=\"async\" loading=\"lazy\" class=\"fp-plus-logo\" src=\"https:\/\/www.freiepresse.de\/img\/fpplus.svg\" alt=\"Freie Presse plus Logo\"\/><\/p>\n<p>6 Wochen gratis lesen.<\/p>\n<p> Alle Artikel im Web und in der App frei<\/p>\n<p> Zugriff auf die digitale Zeitung<\/p>\n<p> T\u00e4glicher Newsletter f\u00fcr Ihre Region<\/p>\n<p>Sie haben bereits ein Digitalabo?<\/p>\n","protected":false},"excerpt":{"rendered":"Freie Presse bei Google bevorzugen Zwei M\u00e4rkte im Altkreis bieten einen speziellen Service: Sie liefern Eink\u00e4ufe nach Hause.&hellip;\n","protected":false},"author":2,"featured_media":1243948,"comment_status":"","ping_status":"","sticky":false,"template":"","format":"standard","meta":{"footnotes":"","_share_on_mastodon":"0"},"categories":[1851],"tags":[2770,3364,29,548,663,3934,30,3986,13,14,15,859,12],"class_list":["post-1243947","post","type-post","status-publish","format-standard","has-post-thumbnail","category-chemnitz","tag-chemnitz","tag-de","tag-deutschland","tag-eu","tag-europa","tag-europe","tag-germany","tag-handel","tag-headlines","tag-nachrichten","tag-news","tag-sachsen","tag-schlagzeilen"],"share_on_mastodon":{"url":"https:\/\/pubeurope.com\/@de\/117114437178007021","error":""},"_links":{"self":[{"href":"https:\/\/www.europesays.com\/de\/wp-json\/wp\/v2\/posts\/1243947","targetHints":{"allow":["GET"]}}],"collection":[{"href":"https:\/\/www.europesays.com\/de\/wp-json\/wp\/v2\/posts"}],"about":[{"href":"https:\/\/www.europesays.com\/de\/wp-json\/wp\/v2\/types\/post"}],"author":[{"embeddable":true,"href":"https:\/\/www.europesays.com\/de\/wp-json\/wp\/v2\/users\/2"}],"replies":[{"embeddable":true,"href":"https:\/\/www.europesays.com\/de\/wp-json\/wp\/v2\/comments?post=1243947"}],"version-history":[{"count":0,"href":"https:\/\/www.europesays.com\/de\/wp-json\/wp\/v2\/posts\/1243947\/revisions"}],"wp:featuredmedia":[{"embeddable":true,"href":"https:\/\/www.europesays.com\/de\/wp-json\/wp\/v2\/media\/1243948"}],"wp:attachment":[{"href":"https:\/\/www.europesays.com\/de\/wp-json\/wp\/v2\/media?parent=1243947"}],"wp:term":[{"taxonomy":"category","embeddable":true,"href":"https:\/\/www.europesays.com\/de\/wp-json\/wp\/v2\/categories?post=1243947"},{"taxonomy":"post_tag","embeddable":true,"href":"https:\/\/www.europesays.com\/de\/wp-json\/wp\/v2\/tags?post=1243947"}],"curies":[{"name":"wp","href":"https:\/\/api.w.org\/{rel}","templated":true}]}}