{"id":1244221,"date":"2026-08-18T06:33:22","date_gmt":"2026-08-18T06:33:22","guid":{"rendered":"https:\/\/www.europesays.com\/de\/1244221\/"},"modified":"2026-08-18T06:33:22","modified_gmt":"2026-08-18T06:33:22","slug":"villa-der-versuchung-ex-super-rtl-moderator-paddy-kroetz-hat-geldprobleme","status":"publish","type":"post","link":"https:\/\/www.europesays.com\/de\/1244221\/","title":{"rendered":"Villa der Versuchung: Ex-Super-RTL-Moderator Paddy Kroetz hat Geldprobleme"},"content":{"rendered":"<p>Paddy Kroetz war 19 Jahre bei Super RTL <\/p>\n<p>Moderator spricht \u00fcber Geldprobleme<\/p>\n<p>18.08.2026 &#8211; 07:54 UhrLesedauer: 2 Min.<\/p>\n<p><a href=\"#focus-0\" class=\"transition-colors block text-current relative\" data-sctrack=\"FocusGalleryImage.Reference\"><img fetchpriority=\"high\" data-testid=\"Opener.Image\"   loading=\"eager\" src=\"https:\/\/www.europesays.com\/de\/wp-content\/uploads\/2026\/08\/patrick-paddy-kroetz-er-moderierte-bis-2018-verschiedene-formate-bei-super-rtl.jpg\" alt=\"Patrick &quot;Paddy&quot; Kroetz: Er moderierte bis 2018 verschiedene Formate bei Super RTL.\" title=\"Patrick &quot;Paddy&quot; Kroetz: Er moderierte bis 2018 verschiedene Formate bei Super RTL.\" width=\"3051\" height=\"1716\" class=\"bg-[url:var(--lqipURL)] bg-cover bg-center flex h-full w-full max-w-full\" style=\"--lqipURL:url('https:\/\/images.t-online.de\/2026\/08\/iPmlMEunWBWt\/0x496:3051x1716\/fit-in\/150x0\/filters:blur(25)\/patrick-paddy-kroetz-er-moderierte-bis-2018-verschiedene-formate-bei-super-rtl.jpg')\" decoding=\"async\"\/><img loading=\"lazy\" src=\"https:\/\/www.t-online.de\/s\/paper\/_next\/static\/media\/zoom-in.f7dae02f.svg\" alt=\"Vergr\u00f6\u00dfern des Bildes\" title=\"Vergr\u00f6\u00dfern des Bildes\" class=\"block h-[calc(var(--height)_\/_16_*_1rem)] w-[calc(var(--width)_\/_16_*_1rem)] max-w-none absolute right-8 bottom-8 rounded-4 bg-snow p-8\" style=\"--width:32;--height:32\" decoding=\"async\"\/><\/a><\/p>\n<p>Patrick &#8222;Paddy&#8220; Kroetz: Er moderierte bis 2018 verschiedene Formate bei Super RTL. (Quelle: IMAGO\/Horst Galuschka )<\/p>\n<p><img loading=\"lazy\" src=\"https:\/\/www.t-online.de\/s\/paper\/_next\/static\/media\/audio-volume.6689034c.svg\" alt=\"\" title=\"\" class=\"block h-[calc(var(--height)_\/_16_*_1rem)] w-[calc(var(--width)_\/_16_*_1rem)] max-w-none group-hover:brightness-0 group-hover:invert\" style=\"--width:16;--height:16\" decoding=\"async\"\/>Vorlesen<\/p>\n<p>Aktuelle Zeit:0:00Gesamtdauer:0:00<\/p>\n<p>1x<img loading=\"lazy\" src=\"https:\/\/www.t-online.de\/s\/paper\/_next\/static\/media\/font-sizes.32942e33.svg\" alt=\"\" title=\"\" class=\"block h-[calc(var(--height)_\/_16_*_1rem)] w-[calc(var(--width)_\/_16_*_1rem)] max-w-none group-hover:hidden group-aria-expanded:hidden\" style=\"--width:16;--height:16\" decoding=\"async\"\/><img loading=\"lazy\" src=\"https:\/\/www.t-online.de\/s\/paper\/_next\/static\/media\/font-sizes-dark-mode.e382645c.svg\" alt=\"\" title=\"\" class=\"block h-[calc(var(--height)_\/_16_*_1rem)] w-[calc(var(--width)_\/_16_*_1rem)] max-w-none hidden group-hover:block group-aria-expanded:block\" style=\"--width:16;--height:16\" decoding=\"async\"\/><img loading=\"lazy\" src=\"https:\/\/www.t-online.de\/s\/paper\/_next\/static\/media\/sharing-menu-icon.1eb71368.svg\" alt=\"\" title=\"\" class=\"block h-[calc(var(--height)_\/_16_*_1rem)] w-[calc(var(--width)_\/_16_*_1rem)] max-w-none group-hover:brightness-0 group-hover:invert\" style=\"--width:16;--height:16\" decoding=\"async\"\/>Artikel teilen<\/p>\n<p class=\"font-bold text-18 leading-17 user-text-lg:text-22 user-text-xl:text-24\">Der fr\u00fchere &#8222;Toggo TV&#8220;-Moderator Paddy Kroetz spricht im TV offen \u00fcber seine finanzielle Lage. Das Einkommen aus Online-Projekten reicht offenbar nicht mehr aus.<\/p>\n<p class=\"text-18 leading-17 user-text-lg:text-22 user-text-xl:text-24\">Paddy Kroetz (b\u00fcrgerlich Patrick Kroetz) war fast zwei Jahrzehnte lang eines der bekanntesten Gesichter bei Super RTL. Mit &#8222;Toggo TV&#8220;, &#8222;Paddy on Tour&#8220; und der &#8222;Ready, Paddy, Show!&#8220; erreichte er ein breites Publikum. F\u00fcr eines seiner Projekte erhielt der Moderator eine Grimme-Preis-Nominierung. Nach fast zwei Jahrzehnten war Schluss; heute ist er nur noch auf Online-Plattformen zu sehen.<\/p>\n<p class=\"text-18 leading-17 user-text-lg:text-22 user-text-xl:text-24\">Seit Anfang August ist er zur\u00fcck im linearen Fernsehen, allerdings nicht als Moderator: Der 47-J\u00e4hrige hat neben <a href=\"https:\/\/www.t-online.de\/themen\/jenny-elvers\/\" class=\"transition-colors cursor-pointer no-underline md:hover:text-magenta md:focus:text-magenta border-b border-solid border-current text-salemsfur md:hover:border-magenta\" data-tracking=\"{&quot;action&quot;:&quot;click&quot;,&quot;category&quot;:&quot;intextLink&quot;,&quot;label&quot;:&quot;\/themen\/jenny-elvers\/&quot;}\" data-sctrack=\"BodyAnchor\" rel=\"nofollow noopener\" target=\"_blank\">Jenny Elvers<\/a> und in die &#8222;Villa der Versuchung&#8220; eingecheckt. Neben medialer Aufmerksamkeit hoffen die Teilnehmer der Sat.1-Realityshow darauf, am Ende mit viel Geld nach Hause zu gehen.<\/p>\n<ul class=\"text-18 leading-17 block pl-24 *:pb-16 *:before:inline-block *:before:size-8 *:before:bg-magenta *:before:mt-0 *:before:mr-12 *:before:mb-2 *:before:-ml-[20px]\">\n<li><strong class=\"font-bold\">&#8222;Das kann mir das Genick brechen&#8220;:<\/strong> <a href=\"https:\/\/www.t-online.de\/unterhaltung\/stars\/id_101393074\/-villa-der-versuchung-jenny-elvers-spricht-ueber-schulden-in-millionenhoehe.html\" class=\"transition-colors cursor-pointer no-underline md:hover:text-magenta md:focus:text-magenta border-b border-solid border-current text-salemsfur md:hover:border-magenta\" data-tracking=\"{&quot;action&quot;:&quot;click&quot;,&quot;category&quot;:&quot;intextLink&quot;,&quot;label&quot;:&quot;\/unterhaltung\/stars\/id_101393074\/-villa-der-versuchung-jenny-elvers-spricht-ueber-schulden-in-millionenhoehe.html&quot;}\" data-sctrack=\"BodyAnchor\" rel=\"nofollow noopener\" target=\"_blank\">Jenny Elvers spricht \u00fcber Schulden &#8222;in Millionenh\u00f6he&#8220;<\/a><\/li>\n<li><strong class=\"font-bold\">Schauspieler ist schwer krank:<\/strong> <a href=\"https:\/\/www.t-online.de\/unterhaltung\/stars\/id_101364768\/annika-kaersten-hoenig-opferte-altersvorsoge-fuer-ihren-ehemann-heinz-hoenig.html\" class=\"transition-colors cursor-pointer no-underline md:hover:text-magenta md:focus:text-magenta border-b border-solid border-current text-salemsfur md:hover:border-magenta\" data-tracking=\"{&quot;action&quot;:&quot;click&quot;,&quot;category&quot;:&quot;intextLink&quot;,&quot;label&quot;:&quot;\/unterhaltung\/stars\/id_101364768\/annika-kaersten-hoenig-opferte-altersvorsoge-fuer-ihren-ehemann-heinz-hoenig.html&quot;}\" data-sctrack=\"BodyAnchor\" rel=\"nofollow noopener\" target=\"_blank\">Annika K\u00e4rsten-Hoenig opferte ihre Altersvorsorge f\u00fcr Ehemann Heinz<\/a><\/li>\n<\/ul>\n<p class=\"text-18 leading-17 user-text-lg:text-22 user-text-xl:text-24\">In der Sendung offenbarte er nun, wie es finanziell bei ihm aussieht. Nach eigenen Angaben verdient Kroetz derzeit zwischen 1.500 und 2.300 Euro im Monat. &#8222;Es ist nicht genug&#8220;, sagte er.<\/p>\n<p>Job-Verlust nach 19 Jahren<\/p>\n<p class=\"text-18 leading-17 user-text-lg:text-22 user-text-xl:text-24\">Die Zusammenarbeit mit Super RTL endete 2018 nach 19 Jahren. Warum sein Vertrag damals nicht verl\u00e4ngert wurde? Kroetz ist das bis heute nicht vollst\u00e4ndig klar.<\/p>\n<p class=\"text-18 leading-17 user-text-lg:text-22 user-text-xl:text-24\">Super RTL erkl\u00e4rte damals der &#8222;Abendzeitung&#8220;, der Vertrag sei ausgelaufen und es habe keine passenden Formate mehr f\u00fcr Kroetz gegeben. Kroetz selbst schilderte das Gespr\u00e4ch deutlich kritischer. &#8222;Dann hie\u00df es: &#8218;Wir haben nichts mehr f\u00fcr dich.&#8216; Nach 19 Jahren ist das nat\u00fcrlich ein bisschen wenig&#8220;, sagte er in einem Interview mit &#8222;Massengeschmack-TV&#8220;. Er habe daraufhin gesagt, es sei &#8222;echt extrem uncool, wie man hier mit Existenzen umgeht.&#8220; Er erg\u00e4nzte: &#8222;Bekommen die nie den Umgang mit Menschen beigebracht? Ist das so schwer?&#8220;<\/p>\n<p><img loading=\"lazy\" src=\"https:\/\/www.t-online.de\/s\/paper\/_next\/static\/media\/video-carousel-play.6f25714b.svg\" alt=\"\" title=\"\" class=\"block h-[calc(var(--height)_\/_16_*_1rem)] w-[calc(var(--width)_\/_16_*_1rem)] max-w-none undefined\" style=\"--height:12\" decoding=\"async\"\/><\/p>\n<p class=\"text-18 leading-17 user-text-lg:text-22 user-text-xl:text-24\">Nach dem TV-Aus verlagerte Kroetz seine Arbeit auf YouTube, Twitch und andere Online-Plattformen. Finanziell konnte er damit nach eigenen Angaben nicht an fr\u00fchere Zeiten ankn\u00fcpfen.<\/p>\n<p class=\"text-18 leading-17 user-text-lg:text-22 user-text-xl:text-24\">In der &#8222;Villa der Versuchung&#8220; ist er nicht der einzige Promi mit Geldsorgen. Auch Jenny Elvers und Annika K\u00e4rsten-Hoenig, die Ehefrau von Schauspieler Heinz H\u00f6nig, sind nach eigenen Angaben knapp bei Kasse.<\/p>\n","protected":false},"excerpt":{"rendered":"Paddy Kroetz war 19 Jahre bei Super RTL Moderator spricht \u00fcber Geldprobleme 18.08.2026 &#8211; 07:54 UhrLesedauer: 2 Min.&hellip;\n","protected":false},"author":2,"featured_media":1244222,"comment_status":"","ping_status":"","sticky":false,"template":"","format":"standard","meta":{"footnotes":"","_share_on_mastodon":"0"},"categories":[155],"tags":[722,17161,29,214,30,32978,255121,257806,257807,13002,69357,257805,215,79462],"class_list":["post-1244221","post","type-post","status-publish","format-standard","has-post-thumbnail","category-unterhaltung","tag-722","tag-17161","tag-deutschland","tag-entertainment","tag-germany","tag-jenny-elvers","tag-paddy-kroetz","tag-patrick-paddy-kroetz","tag-patrick-kroetz","tag-sat-1","tag-super-rtl","tag-toggo-tv","tag-unterhaltung","tag-villa-der-versuchung"],"share_on_mastodon":{"url":"https:\/\/pubeurope.com\/@de\/117115121957387675","error":""},"_links":{"self":[{"href":"https:\/\/www.europesays.com\/de\/wp-json\/wp\/v2\/posts\/1244221","targetHints":{"allow":["GET"]}}],"collection":[{"href":"https:\/\/www.europesays.com\/de\/wp-json\/wp\/v2\/posts"}],"about":[{"href":"https:\/\/www.europesays.com\/de\/wp-json\/wp\/v2\/types\/post"}],"author":[{"embeddable":true,"href":"https:\/\/www.europesays.com\/de\/wp-json\/wp\/v2\/users\/2"}],"replies":[{"embeddable":true,"href":"https:\/\/www.europesays.com\/de\/wp-json\/wp\/v2\/comments?post=1244221"}],"version-history":[{"count":0,"href":"https:\/\/www.europesays.com\/de\/wp-json\/wp\/v2\/posts\/1244221\/revisions"}],"wp:featuredmedia":[{"embeddable":true,"href":"https:\/\/www.europesays.com\/de\/wp-json\/wp\/v2\/media\/1244222"}],"wp:attachment":[{"href":"https:\/\/www.europesays.com\/de\/wp-json\/wp\/v2\/media?parent=1244221"}],"wp:term":[{"taxonomy":"category","embeddable":true,"href":"https:\/\/www.europesays.com\/de\/wp-json\/wp\/v2\/categories?post=1244221"},{"taxonomy":"post_tag","embeddable":true,"href":"https:\/\/www.europesays.com\/de\/wp-json\/wp\/v2\/tags?post=1244221"}],"curies":[{"name":"wp","href":"https:\/\/api.w.org\/{rel}","templated":true}]}}