{"id":1244352,"date":"2026-08-18T08:04:29","date_gmt":"2026-08-18T08:04:29","guid":{"rendered":"https:\/\/www.europesays.com\/de\/1244352\/"},"modified":"2026-08-18T08:04:29","modified_gmt":"2026-08-18T08:04:29","slug":"doro-pesch-warum-duesseldorfs-metal-queen-nie-eine-familie-gruendete","status":"publish","type":"post","link":"https:\/\/www.europesays.com\/de\/1244352\/","title":{"rendered":"Doro Pesch: Warum D\u00fcsseldorfs Metal-Queen nie eine Familie gr\u00fcndete"},"content":{"rendered":"<p>Doro Pesch <\/p>\n<p>Warum D\u00fcsseldorfs Metal-Queen nie heiratete<\/p>\n<p>18.08.2026 &#8211; 06:13 UhrLesedauer: 3 Min.<\/p>\n<p><a href=\"#focus-0\" class=\"transition-colors block text-current relative\" data-sctrack=\"FocusGalleryImage.Reference\"><img fetchpriority=\"high\" data-testid=\"Opener.Image\"   loading=\"eager\" src=\"https:\/\/www.europesays.com\/de\/wp-content\/uploads\/2026\/08\/1787040266_108_image.jpg\" alt=\"imago 63549479\" title=\"imago 63549479\" width=\"4252\" height=\"2392\" class=\"bg-[url:var(--lqipURL)] bg-cover bg-center flex h-full w-full max-w-full\" style=\"--lqipURL:url('https:\/\/images.t-online.de\/2026\/08\/CT5qA4ShFFBB\/0x222:4252x2392\/fit-in\/150x0\/filters:blur(25)\/image.jpg')\" decoding=\"async\"\/><img loading=\"lazy\" src=\"https:\/\/duesseldorf.t-online.de\/s\/paper\/_next\/static\/media\/zoom-in.f7dae02f.svg\" alt=\"Vergr\u00f6\u00dfern des Bildes\" title=\"Vergr\u00f6\u00dfern des Bildes\" class=\"block h-[calc(var(--height)_\/_16_*_1rem)] w-[calc(var(--width)_\/_16_*_1rem)] max-w-none absolute right-8 bottom-8 rounded-4 bg-snow p-8\" style=\"--width:32;--height:32\" decoding=\"async\"\/><\/a><\/p>\n<p>Doro Pesch (Archivbild): Die D\u00fcsseldorfer Metal-Queen w\u00e4hlte konsequent die B\u00fchne statt ein sesshaftes Leben zu f\u00fchren. (Quelle: IMAGO \/ Sven Simon)<\/p>\n<p><img loading=\"lazy\" src=\"https:\/\/duesseldorf.t-online.de\/s\/paper\/_next\/static\/media\/audio-volume.6689034c.svg\" alt=\"\" title=\"\" class=\"block h-[calc(var(--height)_\/_16_*_1rem)] w-[calc(var(--width)_\/_16_*_1rem)] max-w-none group-hover:brightness-0 group-hover:invert\" style=\"--width:16;--height:16\" decoding=\"async\"\/>Vorlesen<\/p>\n<p>Aktuelle Zeit:0:00Gesamtdauer:0:00<\/p>\n<p>1x<img loading=\"lazy\" src=\"https:\/\/duesseldorf.t-online.de\/s\/paper\/_next\/static\/media\/font-sizes.32942e33.svg\" alt=\"\" title=\"\" class=\"block h-[calc(var(--height)_\/_16_*_1rem)] w-[calc(var(--width)_\/_16_*_1rem)] max-w-none group-hover:hidden group-aria-expanded:hidden\" style=\"--width:16;--height:16\" decoding=\"async\"\/><img loading=\"lazy\" src=\"https:\/\/duesseldorf.t-online.de\/s\/paper\/_next\/static\/media\/font-sizes-dark-mode.e382645c.svg\" alt=\"\" title=\"\" class=\"block h-[calc(var(--height)_\/_16_*_1rem)] w-[calc(var(--width)_\/_16_*_1rem)] max-w-none hidden group-hover:block group-aria-expanded:block\" style=\"--width:16;--height:16\" decoding=\"async\"\/><img loading=\"lazy\" src=\"https:\/\/duesseldorf.t-online.de\/s\/paper\/_next\/static\/media\/sharing-menu-icon.1eb71368.svg\" alt=\"\" title=\"\" class=\"block h-[calc(var(--height)_\/_16_*_1rem)] w-[calc(var(--width)_\/_16_*_1rem)] max-w-none group-hover:brightness-0 group-hover:invert\" style=\"--width:16;--height:16\" decoding=\"async\"\/>Artikel teilen<\/p>\n<p class=\"font-bold text-18 leading-17 user-text-lg:text-22 user-text-xl:text-24\"><strong class=\"font-bold\">Doro Pesch geh\u00f6rt seit Jahrzehnten zu den bekanntesten Gesichtern des Heavy Metal. F\u00fcr ihre Karriere traf die geb\u00fcrtige D\u00fcsseldorferin fr\u00fch eine Entscheidung.<\/strong><\/p>\n<p class=\"text-18 leading-17 user-text-lg:text-22 user-text-xl:text-24\">Doro Pesch hat ihr Leben ganz und gar der Musik gewidmet. Die am 3. Juni 1964 in D\u00fcsseldorf geborene Rockikone gelang zun\u00e4chst mit ihrer Band der internationale Durchbruch \u2013 danach startete sie eine erfolgreiche Solokarriere.<\/p>\n<p class=\"text-18 leading-17 user-text-lg:text-22 user-text-xl:text-24\">Doch w\u00e4hrend viele Menschen irgendwann den Wunsch nach Hochzeit, Kindern und einem ruhigeren Familienleben versp\u00fcren, schlug die heute 62-J\u00e4hrige bewusst eine andere Richtung ein. Wie konsequent sie diesen Weg verfolgte, verriet die S\u00e4ngerin in mehreren Interviews.<\/p>\n<p class=\"text-18 leading-17 user-text-lg:text-22 user-text-xl:text-24\">Bereits 2024 sprach Pesch \u00fcber ihre Vergangenheit: W\u00e4hrend ihrer Zeit in New York, wo sie ab 1990 f\u00fcr einige Zeit lebte, habe sie einen Mann sehr geliebt, der sich Kinder gew\u00fcnscht und jahrelang auf sie gewartet habe. Doch die Musikerin traf eine klare Entscheidung \u2013 gegen eine Familie und f\u00fcr ihre Karriere.<\/p>\n<p>Doro Pesch: Bewusste Entscheidung gegen Familiengr\u00fcndung<\/p>\n<p class=\"text-18 leading-17 user-text-lg:text-22 user-text-xl:text-24\">Der Grund: Ihre Form von Musikerleben lasse sich ihrer \u00dcberzeugung nach kaum mit der Verantwortung f\u00fcr Kinder vereinbaren. Sie k\u00f6nne nicht mit derselben Hingabe f\u00fcr eine Familie da sein, wenn gleichzeitig die Musik praktisch ihr gesamtes Leben bestimme. F\u00fcr eine feste Partnerschaft gelte f\u00fcr sie \u00c4hnliches.<\/p>\n<p class=\"text-18 leading-17 user-text-lg:text-22 user-text-xl:text-24\">&#8222;Ich bin, wie ich bin. Normalerweise bin ich st\u00e4ndig auf Tour oder im Studio. Das ist definitiv meine Welt. Und ich habe nie dar\u00fcber nachgedacht, mich niederzulassen, zu heiraten oder Kinder zu bekommen \u2026 vielleicht in einem anderen Leben, aber nicht wirklich&#8220;, so Pesch.<\/p>\n<p><a href=\"#focus-1\" class=\"transition-colors block text-current relative\" data-sctrack=\"FocusGalleryImage.Reference\"><img   loading=\"lazy\" src=\"https:\/\/www.europesays.com\/de\/wp-content\/uploads\/2026\/08\/1787040269_973_image.jpg\" alt=\"imago images 0860226515\" title=\"imago images 0860226515\" width=\"4724\" height=\"2657\" class=\"h-full w-full max-w-full rounded-8\" decoding=\"async\"\/><img loading=\"lazy\" src=\"https:\/\/duesseldorf.t-online.de\/s\/paper\/_next\/static\/media\/zoom-in.f7dae02f.svg\" alt=\"Vergr\u00f6\u00dfern des Bildes\" title=\"Vergr\u00f6\u00dfern des Bildes\" class=\"block h-[calc(var(--height)_\/_16_*_1rem)] w-[calc(var(--width)_\/_16_*_1rem)] max-w-none absolute right-8 bottom-8 rounded-4 bg-snow p-8\" style=\"--width:32;--height:32\" decoding=\"async\"\/>Doro Pesch auf der B\u00fchne (Archivbild): Seit 1993 ist die Musikerin ein fester Bestandteil des legend\u00e4ren Wacken-Festivals. (Quelle: IMAGO \/ Future Image)<\/a><\/p>\n<p class=\"text-18 leading-17 user-text-lg:text-22 user-text-xl:text-24\">Dass es sich dabei nicht um eine kurzfristig getroffene Entscheidung handelte, verdeutlicht die Aussage der S\u00e4ngerin, dass sie bereits im Alter von etwa 24 Jahren \u00fcber ihre Priorit\u00e4ten nachgedacht habe. Das Ergebnis sei eindeutig gewesen: Sie wollte Musik machen, Menschen gl\u00fccklich machen und f\u00fcr ihre Fans da sein. Heiraten oder Kinder zu bekommen, habe sie dagegen nie als Lebensziel empfunden.<\/p>\n<p class=\"text-18 leading-17 user-text-lg:text-22 user-text-xl:text-24\">&#8222;Eigentlich habe ich vor ein paar Jahren eine bewusste Entscheidung getroffen und mir wirklich Gedanken dar\u00fcber gemacht, was ich in Zukunft machen m\u00f6chte. Dann war mir klar, dass ich mein Leben der Musik widmen wollte. Und dann fingen in unserer Band alle an, \u00fcber Heirat und andere Dinge nachzudenken \u2026 und da dachte ich: &#8218;Vielleicht ist das nichts f\u00fcr mich\u2018&#8220;, erkl\u00e4rte die Musikerin dazu einst.<\/p>\n","protected":false},"excerpt":{"rendered":"Doro Pesch Warum D\u00fcsseldorfs Metal-Queen nie heiratete 18.08.2026 &#8211; 06:13 UhrLesedauer: 3 Min. Doro Pesch (Archivbild): Die D\u00fcsseldorfer&hellip;\n","protected":false},"author":2,"featured_media":1244353,"comment_status":"","ping_status":"","sticky":false,"template":"","format":"standard","meta":{"footnotes":"","_share_on_mastodon":"0"},"categories":[1772],"tags":[2201,522,92735,29,11044,3405,214,73398,30,68000,18664,28453,1192,3467,639,1779,810,944,1209,176,26921,4987,215,80624],"class_list":["post-1244352","post","type-post","status-publish","format-standard","has-post-thumbnail","category-musik","tag-2201","tag-522","tag-92735","tag-deutschland","tag-doro-pesch","tag-duesseldorf","tag-entertainment","tag-fokusthema","tag-germany","tag-guelcan-kamps","tag-heavy-metal","tag-heike-makatsch","tag-james-bond","tag-landeshauptstadt","tag-lets-dance","tag-music","tag-musik","tag-new-york","tag-nordrhein-westfalen","tag-nrw","tag-pesch","tag-prominenz","tag-unterhaltung","tag-wacken-open-air"],"share_on_mastodon":{"url":"https:\/\/pubeurope.com\/@de\/117115480823449519","error":""},"_links":{"self":[{"href":"https:\/\/www.europesays.com\/de\/wp-json\/wp\/v2\/posts\/1244352","targetHints":{"allow":["GET"]}}],"collection":[{"href":"https:\/\/www.europesays.com\/de\/wp-json\/wp\/v2\/posts"}],"about":[{"href":"https:\/\/www.europesays.com\/de\/wp-json\/wp\/v2\/types\/post"}],"author":[{"embeddable":true,"href":"https:\/\/www.europesays.com\/de\/wp-json\/wp\/v2\/users\/2"}],"replies":[{"embeddable":true,"href":"https:\/\/www.europesays.com\/de\/wp-json\/wp\/v2\/comments?post=1244352"}],"version-history":[{"count":0,"href":"https:\/\/www.europesays.com\/de\/wp-json\/wp\/v2\/posts\/1244352\/revisions"}],"wp:featuredmedia":[{"embeddable":true,"href":"https:\/\/www.europesays.com\/de\/wp-json\/wp\/v2\/media\/1244353"}],"wp:attachment":[{"href":"https:\/\/www.europesays.com\/de\/wp-json\/wp\/v2\/media?parent=1244352"}],"wp:term":[{"taxonomy":"category","embeddable":true,"href":"https:\/\/www.europesays.com\/de\/wp-json\/wp\/v2\/categories?post=1244352"},{"taxonomy":"post_tag","embeddable":true,"href":"https:\/\/www.europesays.com\/de\/wp-json\/wp\/v2\/tags?post=1244352"}],"curies":[{"name":"wp","href":"https:\/\/api.w.org\/{rel}","templated":true}]}}