{"id":1244427,"date":"2026-08-18T08:45:15","date_gmt":"2026-08-18T08:45:15","guid":{"rendered":"https:\/\/www.europesays.com\/de\/1244427\/"},"modified":"2026-08-18T08:45:15","modified_gmt":"2026-08-18T08:45:15","slug":"21-08-a565-sperrung-der-auffahrt-meckenheim-merl-in-fahrtrichtung-bonn-siegburg","status":"publish","type":"post","link":"https:\/\/www.europesays.com\/de\/1244427\/","title":{"rendered":"21.08.: A565: Sperrung der Auffahrt Meckenheim-Merl in Fahrtrichtung Bonn\/Siegburg"},"content":{"rendered":"<p>&#13;<br \/>\n            <b>Meckenheim<\/b>. Die Autobahn GmbH sperrt von Freitag (21.8.) um 18 Uhr bis Montag (24.8.) um 5 Uhr die Auffahrt der Anschlussstelle Meckenheim-Merl in Fahrtrichtung Bonn\/Siegburg. <\/p>\n<p>Hintergrund der Sperrung ist eine Sanierung der Fahrbahndecke im Bereich der Auffahrt. <\/p>\n<p>Eine Umleitung ist ausgeschildert und f\u00fchrt die Verkehrsteilnehmer \u00fcber die Anschlussstelle Meckenheim-Nord in Fahrtrichtung Bonn\/Siegburg. <\/p>\n<p>          \u00dcber die Autobahn GmbH des Bundes: <\/p>\n<p>Die Autobahn GmbH des Bundes ist verantwortlich f\u00fcr die Planung, den Bau, den Betrieb, die Erhaltung, die Finanzierung, das Verkehrsmanagement sowie die verm\u00f6gensm\u00e4\u00dfige Verwaltung der Bundesautobahnen. Seit dem Betriebsstart am 1. Januar 2021 vereint die Autobahn GmbH die Vorteile einer zentral aufgestellten Organisation mit den St\u00e4rken der regionalen Verankerung ihrer zehn Niederlassungen. Mit mehr als 13.000 Kilometern Autobahnnetz ist die Gesellschaft einer der gr\u00f6\u00dften Autobahnbetreiber Europas. <\/p>\n<p>Die Niederlassung Rheinland mit Hauptsitz in Krefeld betreibt rund 1.200 Kilometer Autobahn entlang der Rheinschiene und im westlichen Ruhrgebiet. Zur Niederlassung geh\u00f6ren die Au\u00dfenstellen in K\u00f6ln, Krefeld, Essen und Euskirchen. Vor Ort sorgen 15 Autobahnmeistereien f\u00fcr flie\u00dfenden Verkehr. <\/p>\n<p>&#13;<br \/>\n            Pressemitteilung Die Autobahn GmbH des Bundes <\/p>\n<p>                <a href=\"https:\/\/www.blick-aktuell.de\/Berichte\/Holger-von-Sturm-ist-neuer-Schuetzenkoenig-in-Wormersdorf-671976.html?StoryId=672216\" rel=\"nofollow noopener\" target=\"_blank\">&#13;<br \/>\n                  <img decoding=\"async\" class=\"img-responsive WebStoryLink-Image\" src=\"https:\/\/www.europesays.com\/de\/wp-content\/uploads\/2026\/08\/Holger-von-Sturm-ist-neuer-Schuetzenkoenig-in-Wormersdorf-671976t.jpg\" alt=\"Holger von Sturm ist neuer Sch\u00fctzenk\u00f6nig in Wormersdorf\"\/>&#13;<br \/>\n                <\/a><\/p>\n<p>                <a href=\"https:\/\/www.blick-aktuell.de\/Meckenheim\/Eucharistische-Anbetung-fuer-geistliche-Erneuerung-in-Meckenheim-671892.html?StoryId=672216\" rel=\"nofollow noopener\" target=\"_blank\">&#13;<br \/>\n                  <img decoding=\"async\" class=\"img-responsive WebStoryLink-Image\" src=\"https:\/\/www.europesays.com\/de\/wp-content\/uploads\/2026\/08\/Eucharistische-Anbetung-fuer-geistliche-Erneuerung-in-Meckenheim-671892t.jpg\" alt=\"Eucharistische Anbetung f\u00fcr geistliche Erneuerung in Meckenheim\"\/>&#13;<br \/>\n                <\/a><\/p>\n","protected":false},"excerpt":{"rendered":"&#13; Meckenheim. Die Autobahn GmbH sperrt von Freitag (21.8.) um 18 Uhr bis Montag (24.8.) um 5 Uhr&hellip;\n","protected":false},"author":2,"featured_media":1244428,"comment_status":"","ping_status":"","sticky":false,"template":"","format":"standard","meta":{"footnotes":"","_share_on_mastodon":"0"},"categories":[1842],"tags":[2499,7378,16750,1741,3364,29,663,2214,30,1209,2802,3856],"class_list":["post-1244427","post","type-post","status-publish","format-standard","has-post-thumbnail","category-bonn","tag-kln","tag-siegburg","tag-autobahn-gmbh","tag-bonn","tag-de","tag-deutschland","tag-europa","tag-euskirchen","tag-germany","tag-nordrhein-westfalen","tag-rheinland","tag-ruhrgebiet"],"share_on_mastodon":{"url":"https:\/\/pubeurope.com\/@de\/117115640975814617","error":""},"_links":{"self":[{"href":"https:\/\/www.europesays.com\/de\/wp-json\/wp\/v2\/posts\/1244427","targetHints":{"allow":["GET"]}}],"collection":[{"href":"https:\/\/www.europesays.com\/de\/wp-json\/wp\/v2\/posts"}],"about":[{"href":"https:\/\/www.europesays.com\/de\/wp-json\/wp\/v2\/types\/post"}],"author":[{"embeddable":true,"href":"https:\/\/www.europesays.com\/de\/wp-json\/wp\/v2\/users\/2"}],"replies":[{"embeddable":true,"href":"https:\/\/www.europesays.com\/de\/wp-json\/wp\/v2\/comments?post=1244427"}],"version-history":[{"count":0,"href":"https:\/\/www.europesays.com\/de\/wp-json\/wp\/v2\/posts\/1244427\/revisions"}],"wp:featuredmedia":[{"embeddable":true,"href":"https:\/\/www.europesays.com\/de\/wp-json\/wp\/v2\/media\/1244428"}],"wp:attachment":[{"href":"https:\/\/www.europesays.com\/de\/wp-json\/wp\/v2\/media?parent=1244427"}],"wp:term":[{"taxonomy":"category","embeddable":true,"href":"https:\/\/www.europesays.com\/de\/wp-json\/wp\/v2\/categories?post=1244427"},{"taxonomy":"post_tag","embeddable":true,"href":"https:\/\/www.europesays.com\/de\/wp-json\/wp\/v2\/tags?post=1244427"}],"curies":[{"name":"wp","href":"https:\/\/api.w.org\/{rel}","templated":true}]}}