{"id":1244471,"date":"2026-08-18T09:10:19","date_gmt":"2026-08-18T09:10:19","guid":{"rendered":"https:\/\/www.europesays.com\/de\/1244471\/"},"modified":"2026-08-18T09:10:19","modified_gmt":"2026-08-18T09:10:19","slug":"abfalltrennung-im-buero-verpackungen-papier-und-co-richtig-entsorgen","status":"publish","type":"post","link":"https:\/\/www.europesays.com\/de\/1244471\/","title":{"rendered":"Abfalltrennung im B\u00fcro: Verpackungen, Papier und Co. richtig entsorgen"},"content":{"rendered":"<p class=\"date\">18.08.2026 \u2013 11:07<\/p>\n<p class=\"customer\">\n                        <a class=\"story-customer\" title=\"weiter zum newsroom von Initiative &quot;M\u00fclltrennung wirkt&quot;\" href=\"https:\/\/www.presseportal.de\/nr\/142102\" rel=\"nofollow noopener\" target=\"_blank\">Initiative &#8222;M\u00fclltrennung wirkt&#8220;<\/a>\n                    <\/p>\n<p><a class=\"glightbox event-trigger\" href=\"https:\/\/cache.pressmailing.net\/thumbnail\/story_hires\/b73da989-ab85-4a3d-a963-c93fc15ae001\/Pressefoto_Buro_Cred~t_Marcella%20Merk.jpg.jpg\" data-description=\"B\u00fcroabf\u00e4lle richtig entsorgen - Ressourcen und Klima sch\u00fctzen. \/ Weiterer Text \u00fcber ots und www.presseportal.de\/nr\/142102 \/ Die Verwendung dieses Bildes f\u00fcr redaktionelle Zwecke ist unter Beachtung aller mitgeteilten Nutzungsbedingungen zul\u00e4ssig und dann auch honorarfrei. Ver\u00f6ffentlichung ausschlie\u00dflich mit Bildrechte-Hinweis.\" data-category=\"medialightbox\" data-action=\"click\" data-label=\"single\" data-value=\"6a841f3a270000fd2ca03560\" rel=\"nofollow noopener\" target=\"_blank\"><img decoding=\"async\" height=\"540\" with=\"720\" src=\"https:\/\/www.europesays.com\/de\/wp-content\/uploads\/2026\/08\/abfalltrennung-im-b-ro-verpackungen-papier-und-co-richtig-entsorgen.jpeg\"   alt=\"Abfalltrennung im B\u00fcro: Verpackungen, Papier und Co. richtig entsorgen\" class=\"single\"\/><\/a><\/p>\n<p><a data-category=\"citylink-story-view\" data-action=\"click\" data-label=\"Citylink in Meldungsansicht\" class=\"story-city event-trigger\" href=\"https:\/\/www.presseportal.de\/regional\/K%F6ln\" title=\"News aus K\u00f6ln \" rel=\"nofollow noopener\" target=\"_blank\">K\u00f6ln<\/a> (ots)<\/p>\n<p><b>Ein Tag im B\u00fcro: Termine, Meetings, To-do-Listen. Und dann noch den M\u00fcll trennen? Es lohnt sich! Mit diesen Tipps der Initiative &#8222;M\u00fclltrennung wirkt&#8220; entsorgen Verbraucher*innen B\u00fcroabf\u00e4lle richtig und helfen, nat\u00fcrliche Ressourcen zu schonen und Umweltbelastungen zu minimieren.<\/b><\/p>\n<p> Zu Hause ist M\u00fclltrennung f\u00fcr viele selbstverst\u00e4ndlich. Dass sie auch im B\u00fcro wichtig ist, ger\u00e4t dagegen leicht in Vergessenheit. Gem\u00e4\u00df den Bestimmungen etwa von Verpackungsgesetz und Gewerbeabfallverordnung sind daf\u00fcr die Unternehmen verantwortlich. &#8222;<b>Im B\u00fcro fallen t\u00e4glich Verpackungen, Papier, Batterien oder ausgediente Elektroger\u00e4te an. Die enthaltenen Rohstoffe k\u00f6nnen im Kreislauf gehalten werden &#8211; das schont Ressourcen und Klima. Voraussetzung daf\u00fcr ist, dass die Abf\u00e4lle richtig getrennt werden&#8220;, <\/b>sagt Axel Subklew, Sprecher der Initiative &#8222;M\u00fclltrennung wirkt&#8220;. <b>&#8222;F\u00fcr Verpackungsabf\u00e4lle, die in B\u00fcros anfallen, stehen in der Regel die Sammelsysteme der dualen Systeme zur Verf\u00fcgung.&#8220;<\/b> Welche Abf\u00e4lle wohin geh\u00f6ren und worauf es dabei ankommt, erkl\u00e4rt die Initiative &#8222;M\u00fclltrennung wirkt&#8220;. <\/p>\n<p><b>Daily Business: B\u00fcroverpackungen richtig entsorgen<\/b><\/p>\n<p> Druckerpapier ist h\u00e4ufig in Kunststofffolie verpackt. Folien wie diese geh\u00f6ren in die Gelbe Tonne oder den Gelben Sack. Das gilt auch f\u00fcr Kunststoffverpackungen wie Boxen von B\u00fcroklammern oder leere Spr\u00fchflaschen f\u00fcr Bildschirmreiniger. Tuben und Drehstifte aus Aluminium oder Kunststoff f\u00fcr Klebestoff oder Farben gelten ebenfalls als Verpackungen und kommen in die Gelbe Tonne oder den Gelben Sack. Dabei sollten Deckel getrennt von der \u00fcbrigen Verpackung eingeworfen werden, damit die unterschiedlichen Materialien in den Sortieranlagen besser erkannt und recycelt werden k\u00f6nnen. <\/p>\n<p> Bei Blisterverpackungen, beispielsweise von Batterien, geh\u00f6rt der Kunststoffdeckel in die Gelbe Tonne oder den Gelben Sack, die Pappr\u00fcckseite ins Altpapier. Luftpolsterfolie oder Schaumstoff aus Verpackungen werden ebenfalls in die Gelbe Tonne oder den Gelben Sack entsorgt. Wichtig ist: Verpackungen m\u00fcssen restentleert sein. <\/p>\n<p> Grunds\u00e4tzlich gilt auch im B\u00fcro f\u00fcr alle Verpackungen die Regel: In die Gelbe Tonne und den Gelben Sack geh\u00f6ren alle gebrauchten Verpackungen, die nicht aus Papier, Pappe, Karton oder Glas sind. <\/p>\n<p><b>Hei\u00df begehrter Rohstoff: Altpapier<\/b><\/p>\n<p> Im Jahr 2024 verbrauchten die Menschen in Deutschland rechnerisch rund 190 Kilogramm Papier pro Kopf.[1] Deutschland geh\u00f6rt damit weltweit zu den Spitzenreitern beim Papierverbrauch.1 Die gute Nachricht ist: Das Recycling von Papier lohnt sich. Altpapier ist f\u00fcr die deutsche Papierindustrie der wichtigste Rohstoff. Es kann bis zu 25-mal wiederverwertet werden. Aus Altpapier entstehen beispielsweise neue Briefumschl\u00e4ge, Transportkartons, Kopier- oder Toilettenpapier. <\/p>\n<p><b>Diese B\u00fcroabf\u00e4lle haben im Altpapier eine zweite Chance:<\/b><\/p>\n<ul class=\"naxml-ul\">\n<li> Briefe und Briefumschl\u00e4ge aus Papier oder Karton mit und ohne Sichtfenster <\/li>\n<li> Kartons, Packpapier, Pappschachteln und Pappr\u00f6hren, Klebeband muss in der Regel nicht von Kartons entfernt werden <\/li>\n<li> Verpackungen und Umverpackungen aus Papier und Karton <\/li>\n<li> Vollgeschriebene Notizzettel, Hefte und Bl\u00f6cke ohne Kunststoffeinband und Kalender ohne Metall- oder Kunststoffspiralen <\/li>\n<li> Fehldrucke oder nicht mehr brauchbares Drucker- und Kopierpapier <\/li>\n<li> Prospekte, Brosch\u00fcren, Magazine, Zeitungen und Zeitschriften <\/li>\n<li> Rei\u00dfwolfschnipsel und der Inhalt des Lochers <\/li>\n<\/ul>\n<p><b>Nicht ins Altpapier<\/b> geh\u00f6ren Produkte mit Selbstklebe-Eigenschaften wie Adressaufkleber und Etiketten, geleimte Papiere und Pappen oder Klebezettel &#8211; sie m\u00fcssen in den Restm\u00fcll. Das gilt auch f\u00fcr Thermopapiere wie Kassenzettel und Papiertaschent\u00fccher. <\/p>\n<p><b>Ausgediente Aktenordner richtig trennen<\/b><\/p>\n<p> Aktenordner d\u00fcrfen zwar im Restm\u00fcll entsorgt werden. Nachhaltiger ist es jedoch, die Materialien voneinander zu trennen. Die Pappe geh\u00f6rt ins Altpapier. Metallb\u00fcgel und Hebelmechanik sowie Kunststoffteile wie Grifflochverst\u00e4rkungen oder Kantenschutz kommen &#8211; wo vorhanden &#8211; in die Wertstofftonne, ansonsten in den Restm\u00fcll. Auch Wertstoffh\u00f6fe nehmen ausgediente Aktenordner an. Die Regelungen k\u00f6nnen regional unterschiedlich sein. <\/p>\n<p><b>Elektroger\u00e4te, Batterien und Akkus getrennt entsorgen<\/b><\/p>\n<p> Monitor, Ladekabel, Netzteil, Tastatur oder LED-Leuchte: Kaputte Elektroger\u00e4te und elektronisches Zubeh\u00f6r m\u00fcssen als Elektroschrott entsorgt werden. Sie enthalten wertvolle Rohstoffe, teilweise aber auch gesundheits- oder umweltsch\u00e4dliche Stoffe. Elektrokleinger\u00e4te k\u00f6nnen kostenlos bei kommunalen Sammelstellen oder im Fachhandel abgegeben werden. <\/p>\n<p> Leere Batterien und Akkus geh\u00f6ren in die daf\u00fcr vorgesehenen Sammelstellen im Handel oder auf Wertstoffh\u00f6fen. Sie d\u00fcrfen keinesfalls im Restm\u00fcll entsorgt werden. Werden Batterien oder Akkus im Entsorgungsfahrzeug oder in Sortieranlagen besch\u00e4digt, k\u00f6nnen sie gef\u00e4hrliche Br\u00e4nde verursachen. <\/p>\n<p><b>Druckerpatronen wiederaufbereiten<\/b><\/p>\n<p> Leere Druckerpatronen und Tonerkartuschen sollten nicht im Restm\u00fcll landen. Hersteller, Handel oder kommunale Wertstoffh\u00f6fe nehmen sie h\u00e4ufig zur\u00fcck. So k\u00f6nnen sie fachgerecht aufbereitet und wiederverwendet oder recycelt werden. <\/p>\n<p> Bildmaterial und die Pressemitteilung zum Download sowie weitere Informationen zum Thema richtige M\u00fclltrennung finden Sie unter:  <a target=\"_blank\" class=\"uri-ext outbound\" rel=\"noopener nofollow\" href=\"https:\/\/www.muelltrennung-wirkt.de\/aktuelles\/pressemitteilungen\/\"><b>www.m\u00fclltrennung-wirkt.de\/presse<\/b><\/a><\/p>\n<p><b>\u00dcber &#8222;M\u00fclltrennung wirkt&#8220;<\/b><\/p>\n<p> &#8222;M\u00fclltrennung wirkt&#8220; ist eine Initiative der dualen Systeme in Deutschland. Die dualen Systeme organisieren mit ihren Dienstleistern aus der Entsorgungs- und Recyclingbranche die Sammlung, Sortierung und Verwertung gebrauchter Verkaufsverpackungen. Grundlage f\u00fcr ihre Arbeit ist das Verpackungsgesetz. An der bundesweiten Initiative &#8222;M\u00fclltrennung wirkt&#8220; sind aktuell zehn duale Systeme beteiligt. Gemeinsam wollen sie \u00fcber richtige Abfalltrennung und Recycling von Verpackungen aufkl\u00e4ren, mit Irrt\u00fcmern und M\u00fcllmythen aufr\u00e4umen und m\u00f6glichst viele Menschen zum Mitmachen motivieren. <\/p>\n<p> [1] Naturschutzbund Deutschland e. V. (NABU),  <a target=\"_blank\" class=\"uri-ext outbound\" rel=\"noopener nofollow\" href=\"https:\/\/www.nabu.de\/umwelt-und-ressourcen\/ressourcenschonung\/papier\/30377.html#:~:text=Deutschland%2520verbraucht%2520j%C3%A4hrlich%2520rund%252016%2520Millionen%2520Tonnen,das%2520Papier%2520nach%2520einmaliger%2520Nutzung%2520im%2520M%C3%BCll\">Papierverbrauch in Deutschland<\/a><\/p>\n<p class=\"contact-headline\">Pressekontakt:<\/p>\n<p class=\"contact-text\">Presseb\u00fcro &#8222;M\u00fclltrennung wirkt&#8220;<br \/>c\/o Maria Marberg<br \/>Mobil: +49 (0)175 59 64 229<br \/><a href=\"https:\/\/www.presseportal.de\/pm\/142102\/mailto:presse@muelltrennung-wirkt.de\" class=\"uri-mailto\" rel=\"nofollow noopener\" target=\"_blank\">presse@muelltrennung-wirkt.de<\/a><\/p>\n<p>Axel Subklew, Sprecher der Initiative &#8222;M\u00fclltrennung wirkt&#8220;<br \/>Tel.: +49 (0)2203 50 26 414 | Mobil: +49 (0)178 24 46 547<br \/><a href=\"https:\/\/www.presseportal.de\/pm\/142102\/mailto:subklew@muelltrennung-wirkt.de\" class=\"uri-mailto\" rel=\"nofollow noopener\" target=\"_blank\">subklew@muelltrennung-wirkt.de<\/a><\/p>\n<p class=\"originator\">Original-Content von: Initiative &#8222;M\u00fclltrennung wirkt&#8220;, \u00fcbermittelt durch news aktuell<\/p>\n","protected":false},"excerpt":{"rendered":"18.08.2026 \u2013 11:07 Initiative &#8222;M\u00fclltrennung wirkt&#8220; K\u00f6ln (ots) Ein Tag im B\u00fcro: Termine, Meetings, To-do-Listen. Und dann noch&hellip;\n","protected":false},"author":2,"featured_media":1244472,"comment_status":"","ping_status":"","sticky":false,"template":"","format":"standard","meta":{"footnotes":"","_share_on_mastodon":"0"},"categories":[1828],"tags":[77902,11107,3477,29,30,1420,1209,178,180,179,181,19053],"class_list":["post-1244471","post","type-post","status-publish","format-standard","has-post-thumbnail","category-koeln","tag-mlltrennung","tag-abfall","tag-bild","tag-deutschland","tag-germany","tag-koeln","tag-nordrhein-westfalen","tag-presse","tag-pressemeldung","tag-pressemitteilung","tag-pressemitteilungen","tag-verpackung"],"share_on_mastodon":{"url":"","error":""},"_links":{"self":[{"href":"https:\/\/www.europesays.com\/de\/wp-json\/wp\/v2\/posts\/1244471","targetHints":{"allow":["GET"]}}],"collection":[{"href":"https:\/\/www.europesays.com\/de\/wp-json\/wp\/v2\/posts"}],"about":[{"href":"https:\/\/www.europesays.com\/de\/wp-json\/wp\/v2\/types\/post"}],"author":[{"embeddable":true,"href":"https:\/\/www.europesays.com\/de\/wp-json\/wp\/v2\/users\/2"}],"replies":[{"embeddable":true,"href":"https:\/\/www.europesays.com\/de\/wp-json\/wp\/v2\/comments?post=1244471"}],"version-history":[{"count":0,"href":"https:\/\/www.europesays.com\/de\/wp-json\/wp\/v2\/posts\/1244471\/revisions"}],"wp:featuredmedia":[{"embeddable":true,"href":"https:\/\/www.europesays.com\/de\/wp-json\/wp\/v2\/media\/1244472"}],"wp:attachment":[{"href":"https:\/\/www.europesays.com\/de\/wp-json\/wp\/v2\/media?parent=1244471"}],"wp:term":[{"taxonomy":"category","embeddable":true,"href":"https:\/\/www.europesays.com\/de\/wp-json\/wp\/v2\/categories?post=1244471"},{"taxonomy":"post_tag","embeddable":true,"href":"https:\/\/www.europesays.com\/de\/wp-json\/wp\/v2\/tags?post=1244471"}],"curies":[{"name":"wp","href":"https:\/\/api.w.org\/{rel}","templated":true}]}}