{"id":1244512,"date":"2026-08-18T09:34:24","date_gmt":"2026-08-18T09:34:24","guid":{"rendered":"https:\/\/www.europesays.com\/de\/1244512\/"},"modified":"2026-08-18T09:34:24","modified_gmt":"2026-08-18T09:34:24","slug":"weniger-freiwillige-trotz-steigender-praemien-wie-der-kreml-neue-soldaten-fuer-den-krieg-koedert-und-eine-massenmobilisierung-umgeht","status":"publish","type":"post","link":"https:\/\/www.europesays.com\/de\/1244512\/","title":{"rendered":"Weniger Freiwillige trotz steigender Pr\u00e4mien: Wie der Kreml neue Soldaten f\u00fcr den Krieg k\u00f6dert\u00a0\u2013 und eine Massenmobilisierung umgeht"},"content":{"rendered":"<p class=\"tspCHpd tspCHpe\">Der ukrainische Pr\u00e4sident Wolodymyr Selenskyj sprach aus, was in Russland seit einiger Zeit als Ger\u00fccht kursiert: \u201eNach den sogenannten Wahlen plant Putin <a href=\"https:\/\/www.tagesspiegel.de\/internationales\/keinerlei-notwendigkeit-kreml-dementiert-geplante-zwangsmobilisierung--doch-viele-russen-glauben-das-nicht-15891931.html?icid=in-text-link_15946548\" class=\"link link--internal\" data-gtm-class=\"article-text-link\" data-gtm-val=\"internal\" rel=\"nofollow noopener\" target=\"_blank\">eine schnelle Mobilisierung mehrerer Hunderttausend Russen bis zum Jahresende<\/a>.\u201c Der ukrainische Milit\u00e4rgeheimdienst habe interne Dokumente aus dem russischen Staatsapparat ergattert, die das beweisen.<\/p>\n<p class=\"tspCHpd\">Eine Massenmobilisierung gilt in Russland als besonders heikel. Das zeigt die Erfahrung aus dem Herbst 2022: Als Pr\u00e4sident Wladimir Putin die Teilmobilisierung verk\u00fcndete, <a href=\"https:\/\/www.tagesspiegel.de\/internationales\/beginn-der-zweiten-mobilisierung-putin-greift-gegen-kriegsdienstverweigerer-durch-9645173.html?icid=in-text-link_15946548\" class=\"link link--internal\" data-gtm-class=\"article-text-link\" data-gtm-val=\"internal\" rel=\"nofollow noopener\" target=\"_blank\">flohen Hunderttausende russischer M\u00e4nner aus dem Land<\/a>. Um eine weitere Ausreisepanik zu vermeiden, dementieren die Beh\u00f6rden Berichte wie den Selenskyjs entschlossen.<\/p>\n<p class=\"tspCHpd\">Dmitri Medwedew, stellvertretender Vorsitzender des russischen Sicherheitsrates, bezeichnete sie als \u201everlogene Provokation\u201c und erkl\u00e4rte, die Armee werde weiterhin mit Vertragssoldaten und Freiwilligen aufgef\u00fcllt.<\/p>\n<p><img decoding=\"async\" src=\"https:\/\/www.europesays.com\/de\/wp-content\/uploads\/2026\/08\/russia-defence-contract-service-recruitment.jpeg\"   alt=\"Russia Defence Contract Service Recruitment 9210712 23.07.2026 A man has his fingerprints taken at a military contract recruitment centre in Balashikha, Moscow region, Russia. Sergey Bobylev \/ Sputnik Balashikha Moscow region Russia PUBLICATIONxINxGERxSUIxAUTxESTxLTUxLATxNORxSWExDENxNEDxPOLxUKxAUSxONLY Copyright: xSergeyxBobylevx\" aria-labelledby=\"caption-15949510\" width=\"440\" height=\"330\" loading=\"lazy\" class=\"tspA3ji\"\/> Ein russischer Mann gibt seine Fingerabdr\u00fccke in einem Rekrutierungszentrum ab. <\/p>\n<p class=\"tspATil\"> \u00a9 IMAGO\/SNA\/Sergey Bobylev <\/p>\n<p class=\"tspCHpd\">Um die anzulocken, zahlen die Regionen mittlerweile bis zu 22.000 Euro f\u00fcr einen Vertragsschluss, ein Vielfaches eines durchschnittlichen Jahreseinkommens. Auch nicht getilgte Vorstrafen sind kein Hindernis f\u00fcr einen Vertragsschluss mehr. Au\u00dferdem lockt Russland Rekruten aus wirtschaftlich schwachen L\u00e4ndern Afrikas, Lateinamerikas und Asiens in sein Milit\u00e4r, <a href=\"https:\/\/www.tagesspiegel.de\/internationales\/sie-uberleben-haufig-nur-drei-tage-russland-lockt-afrikaner-offenbar-in-den-fleischwolf-15132084.html?icid=in-text-link_15946548\" class=\"link link--internal\" data-gtm-class=\"article-text-link\" data-gtm-val=\"internal\" rel=\"nofollow noopener\" target=\"_blank\">manche mit dem falschen Versprechen auf Arbeit und Ausbildung<\/a>.<\/p>\n<p> Geht die Schattenmobilisierung verst\u00e4rkt weiter? <\/p>\n<p class=\"tspCHpd\">Doch reichen diese Methoden aus, um Putins ambitionierte Truppenziele zu erf\u00fcllen?<\/p>\n<p><img decoding=\"async\" src=\"https:\/\/www.europesays.com\/de\/wp-content\/uploads\/2026\/08\/congress-of-free-russia-convenes-in-suburbs-of-vilnius.jpeg\"   alt=\"VILNIUS, LITHUANIA - SEPTEMBER 01: Russian economist and political scientist Vladislav Inozemtsev attends a public session of 'Congress of Free Russia' at Grand Resort complex on September 1, 2022 in Vilnius, Lithuania. (Photo by Oleg Nikishin\/Getty Images)\" width=\"80\" height=\"80\" loading=\"lazy\" class=\"tspA3ji\"\/><\/p>\n<p class=\"tspC1qz\"><strong>Wladislaw Inosemzew<\/strong> ist Mitbegr\u00fcnder des Center for Analysis and Strategies in Europe, \u00d6konom und Soziologe.<\/p>\n<p class=\"tspCHpd\">Der russische \u00d6konom und Soziologe Wladislaw Inosemtsew bezweifelt das. \u201eDas System n\u00e4hert sich einer Grenze\u201c, sagt er dem Tagesspiegel. Die aktuellen Rekrutenzahlen reichten nicht aus, um die Verluste an der Front vollst\u00e4ndig auszugleichen. Gleichzeitig baut Putin die Streitkr\u00e4fte weiter aus: Ende Juli erh\u00f6hte er ihre Sollst\u00e4rke auf 2,43 Millionen Stellen, darunter 1,535 Millionen Milit\u00e4rangeh\u00f6rige \u2013 bereits zum dritten Mal seit Jahresbeginn.<\/p>\n<p class=\"tspCHpd\">Doch Inosemtsew vermutet, dass die Mobilisierung auch nach dem Herbst verdeckt weiterlaufen k\u00f6nnte. Das w\u00e4re politisch weniger riskant. Neu ist weniger das System regionaler Rekrutierungsvorgaben als der wachsende Druck, zus\u00e4tzliche Rekruten zu finden.<\/p>\n<p class=\"tspCHpd\">Im M\u00e4rz erhielten russische Hochschulen laut der Journalistin und Russland-Expertin Farida Rustamova etwa die Vorgabe, zwei Prozent ihrer Studierenden als Vertragssoldaten anwerben zu m\u00fcssen. Solche Quoten k\u00f6nnten k\u00fcnftig vermehrt zum Einsatz kommen.<\/p>\n<blockquote class=\"tspCOpt\">\n<p>Das System n\u00e4hert sich einer Grenze.<\/p>\n<\/blockquote>\n<p class=\"tspCOpu\">Der russische \u00d6konom und Soziologe<strong> Wladislaw Inosemtsew\u00a0<\/strong><\/p>\n<p class=\"tspCHpd\">Zugleich mehren sich Berichte \u00fcber deutlich h\u00e4rtere lokale Methoden. \u201eDer Kreml versucht bereits, auf diese Weise vorzugehen. Das zeigen neue Versuche einer \u201aregionalen Mobilisierung\u2018, unter anderem im Gebiet Pensa\u201c, sagt Inosemtsew. Das Gebiet liegt rund 600 Kilometer s\u00fcd\u00f6stlich von Moskau. Dort machten zuletzt Berichte \u00fcber die Zwangsrekrutierung besonders vulnerabler M\u00e4nner die Runde \u2013 <a href=\"https:\/\/www.tagesspiegel.de\/internationales\/sie-griffen-betrunkene-und-schuldner-auf-putins-schattenmobilisierung-kommt-ans-licht--und-offenbart-die-probleme-seiner-armee-15762587.html?icid=in-text-link_15946548\" class=\"link link--internal\" data-gtm-class=\"article-text-link\" data-gtm-val=\"internal\" rel=\"nofollow noopener\" target=\"_blank\">also Schuldner, M\u00e4nner, die betrunken auf der Stra\u00dfe aufgegriffen wurden oder solche mit offenen Unterhaltsforderungen<\/a>.<\/p>\n<p><a href=\"https:\/\/www.tagesspiegel.de\/internationales\/sie-griffen-betrunkene-und-schuldner-auf-putins-schattenmobilisierung-kommt-ans-licht--und-offenbart-die-probleme-seiner-armee-15762587.html?icid=single-topic_15946548___\" data-gtm-class=\"article-mzt-link\" class=\"tspCVqn\" rel=\"nofollow noopener\" target=\"_blank\">\u201eSie griffen Betrunkene und Schuldner auf\u201c Putins \u201eSchattenmobilisierung\u201c kommt ans Licht\u00a0\u2013 und offenbart die Probleme seiner Armee <\/a><\/p>\n<p class=\"tspCHpd\">So w\u00fcrden an die Stelle einer zentralen Ank\u00fcndigung der Mobilisierung zahlreiche lokale Kampagnen treten. Jede betr\u00e4fe nur eine begrenzte Zahl von Menschen und w\u00fcrde keine landesweite Reaktion wie die Teilmobilisierung 2022 ausl\u00f6sen, sagt Inosemtsew.<\/p>\n<p class=\"tspCHpd\">Zugleich k\u00f6nnten die Beh\u00f6rden verst\u00e4rkt elektronische Einberufungsbescheide nutzen. Wer einer Vorladung nicht folgt, muss mit Einschr\u00e4nkungen rechnen: Betroffenen k\u00f6nnen unter anderem die Ausreise, Immobiliengesch\u00e4fte, die Registrierung von Fahrzeugen oder die Aufnahme von Krediten untersagt werden.<\/p>\n<p> Der hohe Preis der Mobilisierung <\/p>\n<p class=\"tspCHpd\">Inosemtsew geht davon aus, dass der Staat in der Lage w\u00e4re, weitere 300.000 bis 800.000 Menschen einzuberufen. Doch die sind nicht automatisch kampff\u00e4hige Soldaten: Die Mobilisierten m\u00fcssen ausgebildet, ausger\u00fcstet und in funktionsf\u00e4hige Einheiten integriert werden. Daf\u00fcr brauche es Ausbilder, Offiziere, Technik und Zeit.<\/p>\n<p><img decoding=\"async\" src=\"https:\/\/www.europesays.com\/de\/wp-content\/uploads\/2026\/08\/russian-army-servicemen-stand-near-a-mobile-recruiting-center-in-rostov-on-don.jpeg\"   alt=\"Russian Army servicemen stand near a mobile recruiting center, during an exhibition of military hardware used in the course of the Russia-Ukraine conflict, as it arrived on a train promoting the Russian army, in Rostov-on-Don, Russia March 3, 2024. REUTERS\/Sergey Pivovarov \" aria-labelledby=\"caption-15949512\" width=\"440\" height=\"330\" loading=\"lazy\" class=\"tspA3ji\"\/> Vertrag on the go: Russische Soldaten werben Freiwillige auf der Stra\u00dfe mit mobilen Rekrutierungszentren an. <\/p>\n<p class=\"tspATil\"> \u00a9 REUTERS\/SERGEY PIVOVAROV <\/p>\n<p class=\"tspCHpd\">Nach Angaben des russischen Exilmediums \u201eVerstka\u201c sind viele der 2026 eingetroffenen Vertragssoldaten schlecht vorbereitet oder verlassen den Dienst vorzeitig, w\u00e4hrend andere Einheiten chronisch unterbesetzt sind. Diese Angaben lassen sich zwar nicht unabh\u00e4ngig best\u00e4tigen.<\/p>\n<p class=\"tspCHpd\">Die Zahl der unterzeichneten Vertr\u00e4ge l\u00e4sst sich daher nicht ohne Weiteres mit der Zahl der tats\u00e4chlich f\u00fcr einen Fronteinsatz verf\u00fcgbaren Soldaten gleichsetzen. Auch eine Masseneinberufung w\u00fcrde dieses Problem nicht l\u00f6sen.<\/p>\n<p class=\"tspCHpd\">Um neue Rekruten gut vorbereitet in den Kampf zu schicken, m\u00fcsste Russland laut einer groben Sch\u00e4tzung Inosemtsews Dutzende Milliarden Euro aufwenden. Die Rechnung enthalte den Sold, die Ausbildung, die Ausr\u00fcstung und die Unterbringung der Soldaten.<\/p>\n<p class=\"tspCHpd\">Au\u00dferdem m\u00fcsste die zivile Wirtschaft auf Hunderttausende M\u00e4nner im erwerbsf\u00e4higen Alter verzichten. Das w\u00fcrde den bereits bestehenden Arbeitskr\u00e4ftemangel versch\u00e4rfen und die Unternehmen dazu zwingen, die L\u00f6hne zu erh\u00f6hen, um Arbeiter anzulocken, oder die Produktion zu reduzieren.<\/p>\n<p>Mehr zum Thema<a href=\"https:\/\/www.tagesspiegel.de\/internationales\/nach-anruf-von-oben-moskauer-top-okonom-sagt-russland-niederlage-voraus--und-wird-prompt-gefeuert-15948876.html?icid=topic-list_15946548___\" data-gtm-class=\"article-mzt-link\" data-hydrate-fingerprint=\"09740a54944caac75fd2c0c63fd5c5df\" data-hydrate-props=\"{&amp;escapedquot;element&amp;escapedquot;:{&amp;escapedquot;type&amp;escapedquot;:&amp;escapedquot;relatedContent&amp;escapedquot;,&amp;escapedquot;fieldMap&amp;escapedquot;:{},&amp;escapedquot;relation&amp;escapedquot;:{&amp;escapedquot;fields&amp;escapedquot;:{&amp;escapedquot;isPaid&amp;escapedquot;:null},&amp;escapedquot;href&amp;escapedquot;:&amp;escapedquot;\/internationales\/nach-anruf-von-oben-moskauer-top-okonom-sagt-russland-niederlage-voraus--und-wird-prompt-gefeuert-15948876.html&amp;escapedquot;,&amp;escapedquot;teaserTitle&amp;escapedquot;:{&amp;escapedquot;kicker&amp;escapedquot;:&amp;escapedquot;Nach \u201eAnruf von oben\u201c&amp;escapedquot;,&amp;escapedquot;headline&amp;escapedquot;:&amp;escapedquot;Moskauer Top-\u00d6konom sagt Russland Niederlage voraus\u00a0\u2013 und wird prompt gefeuert&amp;escapedquot;},&amp;escapedquot;id&amp;escapedquot;:&amp;escapedquot;15948876&amp;escapedquot;,&amp;escapedquot;type&amp;escapedquot;:&amp;escapedquot;story&amp;escapedquot;},&amp;escapedquot;isPartOfList&amp;escapedquot;:true,&amp;escapedquot;topicListType&amp;escapedquot;:&amp;escapedquot;topic-list&amp;escapedquot;},&amp;escapedquot;showArrow&amp;escapedquot;:true}\" data-hydrate-slots=\"{&#039;default&#039;:[]}\" class=\"tspCVqn tspDEsb\" rel=\"nofollow noopener\" target=\"_blank\">Nach \u201eAnruf von oben\u201c Moskauer Top-\u00d6konom sagt Russland Niederlage voraus\u00a0\u2013 und wird prompt gefeuert <\/a><a href=\"https:\/\/www.tagesspiegel.de\/internationales\/keinerlei-notwendigkeit-kreml-dementiert-geplante-zwangsmobilisierung--doch-viele-russen-glauben-das-nicht-15891931.html?icid=topic-list_15946548___\" data-gtm-class=\"article-mzt-link\" data-hydrate-fingerprint=\"09740a54944caac75fd2c0c63fd5c5df\" data-hydrate-props=\"{&amp;escapedquot;element&amp;escapedquot;:{&amp;escapedquot;type&amp;escapedquot;:&amp;escapedquot;relatedContent&amp;escapedquot;,&amp;escapedquot;fieldMap&amp;escapedquot;:{},&amp;escapedquot;relation&amp;escapedquot;:{&amp;escapedquot;fields&amp;escapedquot;:{&amp;escapedquot;isPaid&amp;escapedquot;:null},&amp;escapedquot;href&amp;escapedquot;:&amp;escapedquot;\/internationales\/keinerlei-notwendigkeit-kreml-dementiert-geplante-zwangsmobilisierung--doch-viele-russen-glauben-das-nicht-15891931.html&amp;escapedquot;,&amp;escapedquot;teaserTitle&amp;escapedquot;:{&amp;escapedquot;kicker&amp;escapedquot;:&amp;escapedquot;\u201eKeinerlei Notwendigkeit\u201c&amp;escapedquot;,&amp;escapedquot;headline&amp;escapedquot;:&amp;escapedquot;Kreml dementiert geplante Zwangsmobilisierung \u2013 doch viele Russen glauben das nicht&amp;escapedquot;},&amp;escapedquot;id&amp;escapedquot;:&amp;escapedquot;15891931&amp;escapedquot;,&amp;escapedquot;type&amp;escapedquot;:&amp;escapedquot;story&amp;escapedquot;},&amp;escapedquot;isPartOfList&amp;escapedquot;:true,&amp;escapedquot;topicListType&amp;escapedquot;:&amp;escapedquot;topic-list&amp;escapedquot;},&amp;escapedquot;showArrow&amp;escapedquot;:true}\" data-hydrate-slots=\"{&#039;default&#039;:[]}\" class=\"tspCVqn tspDEsb\" rel=\"nofollow noopener\" target=\"_blank\">\u201eKeinerlei Notwendigkeit\u201c Kreml dementiert geplante Zwangsmobilisierung \u2013 doch viele Russen glauben das nicht <\/a><a href=\"https:\/\/www.tagesspiegel.de\/internationales\/mussen-darauf-vorbereitet-sein-putin-konnte-bald-eine-zwangsmobilisierung-starten--selenskyj-besorgt-15845427.html?icid=topic-list_15946548___\" data-gtm-class=\"article-mzt-link\" data-hydrate-fingerprint=\"09740a54944caac75fd2c0c63fd5c5df\" data-hydrate-props=\"{&amp;escapedquot;element&amp;escapedquot;:{&amp;escapedquot;type&amp;escapedquot;:&amp;escapedquot;relatedContent&amp;escapedquot;,&amp;escapedquot;fieldMap&amp;escapedquot;:{},&amp;escapedquot;relation&amp;escapedquot;:{&amp;escapedquot;fields&amp;escapedquot;:{&amp;escapedquot;isPaid&amp;escapedquot;:null},&amp;escapedquot;href&amp;escapedquot;:&amp;escapedquot;\/internationales\/mussen-darauf-vorbereitet-sein-putin-konnte-bald-eine-zwangsmobilisierung-starten--selenskyj-besorgt-15845427.html&amp;escapedquot;,&amp;escapedquot;teaserTitle&amp;escapedquot;:{&amp;escapedquot;kicker&amp;escapedquot;:&amp;escapedquot;\u201eM\u00fcssen darauf vorbereitet sein\u201c&amp;escapedquot;,&amp;escapedquot;headline&amp;escapedquot;:&amp;escapedquot;Putin k\u00f6nnte bald eine Zwangsmobilisierung starten \u2013 Selenskyj besorgt&amp;escapedquot;},&amp;escapedquot;id&amp;escapedquot;:&amp;escapedquot;15845427&amp;escapedquot;,&amp;escapedquot;type&amp;escapedquot;:&amp;escapedquot;story&amp;escapedquot;},&amp;escapedquot;isPartOfList&amp;escapedquot;:true,&amp;escapedquot;topicListType&amp;escapedquot;:&amp;escapedquot;topic-list&amp;escapedquot;},&amp;escapedquot;showArrow&amp;escapedquot;:true}\" data-hydrate-slots=\"{&#039;default&#039;:[]}\" class=\"tspCVqn tspDEsb\" rel=\"nofollow noopener\" target=\"_blank\">\u201eM\u00fcssen darauf vorbereitet sein\u201c Putin k\u00f6nnte bald eine Zwangsmobilisierung starten \u2013 Selenskyj besorgt <\/a><\/p>\n<p class=\"tspCHpd\">Inosemtsew sch\u00e4tzt, dass \u00e4rmere Regionen weiterhin st\u00e4rker von Rekrutierung und Schattenmobilisierung betroffen sein werden: \u201eDeren Bewohner haben weniger M\u00f6glichkeiten, sich gegen den Druck der Beh\u00f6rden zu wehren. Wohlhabendere Russen d\u00fcrften dagegen h\u00e4ufiger versuchen, der Einberufung durch Vitamin B oder Bestechung zu entgehen.\u201c<\/p>\n<p class=\"tspCHpd\">Je st\u00e4rker der Zwang wird, desto schneller d\u00fcrfte auch der Markt f\u00fcr korrupte Dienstleistungen wachsen, sagt der Experte. Und desto deutlicher w\u00fcrde werden, dass die Pflicht zum Kriegseinsatz nicht f\u00fcr alle gleicherma\u00dfen gilt.<\/p>\n","protected":false},"excerpt":{"rendered":"Der ukrainische Pr\u00e4sident Wolodymyr Selenskyj sprach aus, was in Russland seit einiger Zeit als Ger\u00fccht kursiert: \u201eNach den&hellip;\n","protected":false},"author":2,"featured_media":1244513,"comment_status":"","ping_status":"","sticky":false,"template":"","format":"standard","meta":{"footnotes":"","_share_on_mastodon":"0"},"categories":[3],"tags":[16302,13,3295,14,15,307,12,10,8,9,11,103,306,107,104],"class_list":["post-1244512","post","type-post","status-publish","format-standard","has-post-thumbnail","category-welt","tag-afrika","tag-headlines","tag-hochschulen","tag-nachrichten","tag-news","tag-russland","tag-schlagzeilen","tag-top-news","tag-top-meldungen","tag-topmeldungen","tag-topnews","tag-welt","tag-wladimir-putin","tag-wolodymyr-selenskyj","tag-world"],"share_on_mastodon":{"url":"","error":""},"_links":{"self":[{"href":"https:\/\/www.europesays.com\/de\/wp-json\/wp\/v2\/posts\/1244512","targetHints":{"allow":["GET"]}}],"collection":[{"href":"https:\/\/www.europesays.com\/de\/wp-json\/wp\/v2\/posts"}],"about":[{"href":"https:\/\/www.europesays.com\/de\/wp-json\/wp\/v2\/types\/post"}],"author":[{"embeddable":true,"href":"https:\/\/www.europesays.com\/de\/wp-json\/wp\/v2\/users\/2"}],"replies":[{"embeddable":true,"href":"https:\/\/www.europesays.com\/de\/wp-json\/wp\/v2\/comments?post=1244512"}],"version-history":[{"count":0,"href":"https:\/\/www.europesays.com\/de\/wp-json\/wp\/v2\/posts\/1244512\/revisions"}],"wp:featuredmedia":[{"embeddable":true,"href":"https:\/\/www.europesays.com\/de\/wp-json\/wp\/v2\/media\/1244513"}],"wp:attachment":[{"href":"https:\/\/www.europesays.com\/de\/wp-json\/wp\/v2\/media?parent=1244512"}],"wp:term":[{"taxonomy":"category","embeddable":true,"href":"https:\/\/www.europesays.com\/de\/wp-json\/wp\/v2\/categories?post=1244512"},{"taxonomy":"post_tag","embeddable":true,"href":"https:\/\/www.europesays.com\/de\/wp-json\/wp\/v2\/tags?post=1244512"}],"curies":[{"name":"wp","href":"https:\/\/api.w.org\/{rel}","templated":true}]}}