{"id":1244532,"date":"2026-08-18T09:47:16","date_gmt":"2026-08-18T09:47:16","guid":{"rendered":"https:\/\/www.europesays.com\/de\/1244532\/"},"modified":"2026-08-18T09:47:16","modified_gmt":"2026-08-18T09:47:16","slug":"pol-schwaben-nord-polizei-ermittelt-u-a-wegen-taetlichen-angriffs-auf-polizeibeamte","status":"publish","type":"post","link":"https:\/\/www.europesays.com\/de\/1244532\/","title":{"rendered":"POL Schwaben Nord: Polizei ermittelt u.a. wegen t\u00e4tlichen Angriffs auf Polizeibeamte"},"content":{"rendered":"<p class=\"date\">18.08.2026 \u2013 11:41<\/p>\n<p class=\"customer\">\n                        <a class=\"story-customer\" title=\"weiter zum newsroom von Polizeipr\u00e4sidium Schwaben Nord\" href=\"https:\/\/www.presseportal.de\/blaulicht\/nr\/169620\" rel=\"nofollow noopener\" target=\"_blank\">Polizeipr\u00e4sidium Schwaben Nord<\/a>\n                    <\/p>\n<p><a data-category=\"citylink-story-view\" data-action=\"click\" data-label=\"Citylink in Meldungsansicht\" class=\"story-city event-trigger\" href=\"https:\/\/www.presseportal.de\/regional\/Augsburg\" title=\"News aus Augsburg \" rel=\"nofollow noopener\" target=\"_blank\">Augsburg<\/a> (ots)<\/p>\n<p>   &#8212; in Abstimmung mit der Staatsanwaltschaft Augsburg &#8212;<\/p>\n<p>Innenstadt &#8211; Am Sonntag (16.08.2026) geriet ein 19-j\u00e4hriger Mann gegen 12.38 Uhr an seiner Wohnanschrift in einen verbalen Streit mit dem Lebensgef\u00e4hrten seiner Mutter.<br \/>\nGegen 12.38 Uhr geriet der 19-J\u00e4hrige ein eine verbale Streitigkeit mit dem Lebensgef\u00e4hrten seiner Mutter. Im Verlauf der Auseinandersetzung bedrohte der 19-J\u00e4hrige den Mann verbal und beleidigte ihn massiv. Auch beim Eintreffen der verst\u00e4ndigten Polizeistreifen zeigte sich der Heranwachsende extrem aggressiv und unzug\u00e4nglich.<br \/>\nAls die Beamten den 19-J\u00e4hrigen r\u00e4umlich trennen wollten, leistete dieser erheblichen k\u00f6rperlichen Widerstand, sodass erst unter Einsatz mehrerer Streifenbesatzungen Handfesseln angelegt werden konnten. Dabei wurden vier der eingesetzten Polizeibeamten leicht verletzt.<br \/>\nBei der Durchsuchung des Mannes und seiner Sachen wurden eine Schreckschusswaffe, Pfefferspray aufgefunden. Aufgrund seines psychischen Ausnahmezustands wurde der 19-J\u00e4hrige in einer Fachklinik gebracht.<br \/>\nDie Staatsanwaltschaft Augsburg ordnete die vorl\u00e4ufige Festnahme an. Zur Kl\u00e4rung der Haftfrage wurde der 19-J\u00e4hrige dem Ermittlungsrichter vorgef\u00fchrt. Dieser erlie\u00df Haftbefehl wegen u.a. t\u00e4tlicher Angriff auf Vollstreckungsbeamte. Der Haftbefehl wurde in Vollzug gesetzt.<br \/>\nDie Polizeiinspektion Augsburg S\u00fcd ermittelt nun u.a. wegen dem Verdacht des t\u00e4tlichen Angriffs auf Vollstreckungsbeamte.<br \/>\nDer 19-J\u00e4hrige besitzt die deutsche Staatsangeh\u00f6rigkeit.<\/p>\n<p class=\"contact-headline\">R\u00fcckfragen bitte an:<\/p>\n<p class=\"contact-text\">Polizeipr\u00e4sidium Schwaben Nord<br \/>Pressestelle<br \/>Telefon: 0821 323 &#8211; 1013 \/-1014 \/-1015<br \/>E-Mail: <a href=\"https:\/\/www.presseportal.de\/blaulicht\/pm\/169620\/mailto:pp-swn.pressestelle@polizei.bayern.de\" class=\"uri-mailto\" rel=\"nofollow noopener\" target=\"_blank\">pp-swn.pressestelle@polizei.bayern.de<\/a><\/p>\n<p class=\"originator\">Original-Content von: Polizeipr\u00e4sidium Schwaben Nord, \u00fcbermittelt durch news aktuell<\/p>\n","protected":false},"excerpt":{"rendered":"18.08.2026 \u2013 11:41 Polizeipr\u00e4sidium Schwaben Nord Augsburg (ots) &#8212; in Abstimmung mit der Staatsanwaltschaft Augsburg &#8212; Innenstadt &#8211;&hellip;\n","protected":false},"author":2,"featured_media":1184682,"comment_status":"","ping_status":"","sticky":false,"template":"","format":"standard","meta":{"footnotes":"","_share_on_mastodon":"0"},"categories":[1846],"tags":[680,772,2918,3364,29,548,663,3934,30,13,177,14,15,121,178,180,179,181,12],"class_list":["post-1244532","post","type-post","status-publish","format-standard","has-post-thumbnail","category-augsburg","tag-augsburg","tag-bayern","tag-by","tag-de","tag-deutschland","tag-eu","tag-europa","tag-europe","tag-germany","tag-headlines","tag-kriminalitt","tag-nachrichten","tag-news","tag-polizei","tag-presse","tag-pressemeldung","tag-pressemitteilung","tag-pressemitteilungen","tag-schlagzeilen"],"share_on_mastodon":{"url":"https:\/\/pubeurope.com\/@de\/117115882516251507","error":""},"_links":{"self":[{"href":"https:\/\/www.europesays.com\/de\/wp-json\/wp\/v2\/posts\/1244532","targetHints":{"allow":["GET"]}}],"collection":[{"href":"https:\/\/www.europesays.com\/de\/wp-json\/wp\/v2\/posts"}],"about":[{"href":"https:\/\/www.europesays.com\/de\/wp-json\/wp\/v2\/types\/post"}],"author":[{"embeddable":true,"href":"https:\/\/www.europesays.com\/de\/wp-json\/wp\/v2\/users\/2"}],"replies":[{"embeddable":true,"href":"https:\/\/www.europesays.com\/de\/wp-json\/wp\/v2\/comments?post=1244532"}],"version-history":[{"count":0,"href":"https:\/\/www.europesays.com\/de\/wp-json\/wp\/v2\/posts\/1244532\/revisions"}],"wp:featuredmedia":[{"embeddable":true,"href":"https:\/\/www.europesays.com\/de\/wp-json\/wp\/v2\/media\/1184682"}],"wp:attachment":[{"href":"https:\/\/www.europesays.com\/de\/wp-json\/wp\/v2\/media?parent=1244532"}],"wp:term":[{"taxonomy":"category","embeddable":true,"href":"https:\/\/www.europesays.com\/de\/wp-json\/wp\/v2\/categories?post=1244532"},{"taxonomy":"post_tag","embeddable":true,"href":"https:\/\/www.europesays.com\/de\/wp-json\/wp\/v2\/tags?post=1244532"}],"curies":[{"name":"wp","href":"https:\/\/api.w.org\/{rel}","templated":true}]}}