{"id":1244591,"date":"2026-08-18T10:25:18","date_gmt":"2026-08-18T10:25:18","guid":{"rendered":"https:\/\/www.europesays.com\/de\/1244591\/"},"modified":"2026-08-18T10:25:18","modified_gmt":"2026-08-18T10:25:18","slug":"werders-grosser-hoffnungstraeger-kehrt-nach-bremen-zurueck","status":"publish","type":"post","link":"https:\/\/www.europesays.com\/de\/1244591\/","title":{"rendered":"Werders gro\u00dfer Hoffnungstr\u00e4ger kehrt nach Bremen zur\u00fcck"},"content":{"rendered":"<p>\nF\u00fcllkrug zur\u00fcck an der Weser\n<\/p>\n<p>Aktualisiert am 18.08.2026, 12:15 Uhr\n<\/p>\n<p><a href=\"https:\/\/i0.web.de\/image\/702\/42625702,pd=1.jpg\" data-brain-zone=\".42625466.content.lead.1\" data-component-path=\"content.lead.1\" data-component-name=\"article-image\" rel=\"nofollow noopener\" target=\"_blank\"> <\/p>\n<p><img loading=\"lazy\" decoding=\"async\" src=\"https:\/\/www.europesays.com\/de\/wp-content\/uploads\/2026\/08\/42625702,pd=1,f=responsive169-w950.jpg\" alt=\"\" width=\"950\" height=\"534\"\/><\/p>\n<p><\/a> <\/p>\n<p>\nNiclas F\u00fcllkrug kommt mit einem wei\u00dfen BMW am Tor 1 am Weserstadion an. Die R\u00fcckkehr von Niclas F\u00fcllkrug zu Werder Bremen steht unmittelbar bevor. Der 33 Jahre alte St\u00fcrmer fuhr am Vormittag am Weserstadion vor, um den Medizincheck zu absolvieren.<br \/>\n\u00a9\u00a0picture alliance\/dpa\/Kai Moorschlatt\n<\/p>\n<p class=\"content__description\" data-speakable=\"\">Niclas F\u00fcllkrug kehrt zu Werder Bremen zur\u00fcck. An der Weser will der fr\u00fchere Nationalspieler seiner Karriere neuen Schwung geben.<\/p>\n<p data-speakable=\"\">Schon vor der Ankunft ihres ersehnten Heilsbringers waren sie in <a data-component-name=\"link.semantic\" data-brain-zone=\".42625466.content.textlink_1\" data-component-path=\"content.textlink_1\" href=\"https:\/\/web.de\/magazine\/reise\/thema\/bremen\" rel=\"nofollow noopener\" target=\"_blank\">Bremen<\/a> ganz aufgeregt. Ob &#8222;Transfer-Hammer&#8220; (DeichStube), &#8222;\u00dcberraschungstransfer des Sommers&#8220; (Bild) oder &#8222;Sensations-R\u00fcckkehr&#8220; (Sky): Als <a data-component-name=\"link.semantic\" data-brain-zone=\".42625466.content.textlink_2\" data-component-path=\"content.textlink_2\" href=\"https:\/\/web.de\/magazine\/sport\/thema\/niclas-fuellkrug\" rel=\"nofollow noopener\" target=\"_blank\">Niclas F\u00fcllkrug<\/a> am Dienstagvormittag mit seinem wei\u00dfen BMW dann tats\u00e4chlich am Osterdeich vorfuhr, schwelgten sie im Kosmos von Werder Bremen endg\u00fcltig in Superlativen.<\/p>\n<p data-speakable=\"\">Vorbehaltlich des erfolgreichen Medizinchecks soll der fr\u00fchere Nationalspieler und Bremer Fan-Liebling als Soforthilfe die gr\u00fcn-wei\u00dfe Offensivflaute beheben. F\u00fcllkrug wechselt dem Vernehmen nach auf Leihbasis f\u00fcr eine Saison vom englischen Premier-League-Absteiger West Ham United an die Weser. F\u00fcr den Werder-Deal verzichtet der Angreifer wohl auf einen Teil seines Gehalts. F\u00fcllkrug d\u00fcrfte die letzte Aktivit\u00e4t des Bremer Transfer-Sommers sein, erst am Montag hatten die Norddeutschen Offensivkraft Eren Dinkci vom <a data-component-name=\"link.semantic\" data-brain-zone=\".42625466.content.textlink_3\" data-component-path=\"content.textlink_3\" href=\"https:\/\/web.de\/magazine\/sport\/thema\/sc-freiburg\" rel=\"nofollow noopener\" target=\"_blank\">SC Freiburg<\/a> verpflichtet.<\/p>\n<p>Erinnerungen an glorreiche Tage<\/p>\n<p data-speakable=\"\">F\u00fcllkrug &#8211; allein der Name l\u00e4sst die Herzen der Werder-Fans h\u00f6her schlagen. Erinnerungen werden wach an glorreiche Tage. Der inzwischen 33 Jahre alte Torj\u00e4ger hatte seine Profikarriere vor 14 Jahren in Bremen begonnen und st\u00fcrmte von 2019 bis 2023 erneut f\u00fcr den Klub. 19 Mal traf der Angreifer in der Zweitliga-Saison 2021\/22 und trug seinerzeit ma\u00dfgeblich zur Bundesliga-R\u00fcckkehr bei. Im Oberhaus avancierte F\u00fcllkrug mit 16 Treffern dann gar zum Torsch\u00fctzenk\u00f6nig, wurde Nationalspieler und wechselte zu Borussia Dortmund, von wo aus es ihn ein Jahr danach f\u00fcr 27 Millionen Euro nach England verschlug.<\/p>\n<p data-speakable=\"\">Dort konnte sich F\u00fcllkrug, den Verletzungen in der Vergangenheit immer wieder aus dem Rhythmus brachten, allerdings nicht durchsetzen. Im Januar 2026 wechselte er auf Leihbasis zur AC Mailand, um mehr Spielpraxis zu erhalten und sich f\u00fcr die WM in den USA, Mexiko und Kanada zu empfehlen. Doch auch in Mailand kam er nicht in Schwung, in 20 Spielen gelang ihm lediglich ein Treffer. F\u00fcllkrug verpasste die WM und landete bei West Ham auf dem Abstellgleis.<\/p>\n<p>Neuer Schwung f\u00fcr die Karriere<\/p>\n<p data-speakable=\"\">In Bremen, wo alles ein bisschen kleiner, alles ein bisschen famili\u00e4rer und alles ein bisschen vertrauter ist, will &#8222;F\u00fclle&#8220; seiner Karriere nun neuen Schwung verleihen &#8211; und vielleicht sogar den neuen Bundestrainer J\u00fcrgen Klopp daran erinnern, dass es ihn noch gibt. Der 24-malige Nationalspieler soll mit seiner Pr\u00e4senz und seinen Toren daf\u00fcr sorgen, dass Werder bundesweit an Strahlkraft gewinnt und vor allem nicht schon wieder in Abstiegsn\u00f6te ger\u00e4t. <\/p>\n<p><strong>Empfehlungen der Redaktion<\/strong><\/p>\n<p data-speakable=\"\">&#8222;Es ist kein Geheimnis, dass wir noch einen weiteren St\u00fcrmer verpflichten wollen, wo wir vielleicht dann auch nachgewiesene Qualit\u00e4t dazubekommen&#8220;, hatte Werders Trainer Daniel Thioune nach der verpatzten Pflichtspiel-Generalprobe am Wochenende gegen den franz\u00f6sischen Erstligisten AJ Auxerre (0:1) gesagt. Seinem Team fehle &#8222;im letzten Drittel dann einfach noch mal diese Abschlussqualit\u00e4t&#8220;.<\/p>\n<p data-speakable=\"\">Eine Qualit\u00e4t, die F\u00fcllkrug zweifelsfrei mitbringt. Und die er jetzt in der Bundesliga endlich wieder regelm\u00e4\u00dfig unter Beweis stellen will. (SID\/bearbeitet von skr)<\/p>\n","protected":false},"excerpt":{"rendered":"F\u00fcllkrug zur\u00fcck an der Weser Aktualisiert am 18.08.2026, 12:15 Uhr Niclas F\u00fcllkrug kommt mit einem wei\u00dfen BMW am&hellip;\n","protected":false},"author":2,"featured_media":1244592,"comment_status":"","ping_status":"","sticky":false,"template":"","format":"standard","meta":{"footnotes":"","_share_on_mastodon":"0"},"categories":[1824],"tags":[374,2420,3364,29,30,48655,2365,4978],"class_list":["post-1244591","post","type-post","status-publish","format-standard","has-post-thumbnail","category-bremen","tag-bmw","tag-bremen","tag-de","tag-deutschland","tag-germany","tag-niclas-fuellkrug","tag-sv-werder-bremen","tag-weser"],"share_on_mastodon":{"url":"https:\/\/pubeurope.com\/@de\/117116033514419428","error":""},"_links":{"self":[{"href":"https:\/\/www.europesays.com\/de\/wp-json\/wp\/v2\/posts\/1244591","targetHints":{"allow":["GET"]}}],"collection":[{"href":"https:\/\/www.europesays.com\/de\/wp-json\/wp\/v2\/posts"}],"about":[{"href":"https:\/\/www.europesays.com\/de\/wp-json\/wp\/v2\/types\/post"}],"author":[{"embeddable":true,"href":"https:\/\/www.europesays.com\/de\/wp-json\/wp\/v2\/users\/2"}],"replies":[{"embeddable":true,"href":"https:\/\/www.europesays.com\/de\/wp-json\/wp\/v2\/comments?post=1244591"}],"version-history":[{"count":0,"href":"https:\/\/www.europesays.com\/de\/wp-json\/wp\/v2\/posts\/1244591\/revisions"}],"wp:featuredmedia":[{"embeddable":true,"href":"https:\/\/www.europesays.com\/de\/wp-json\/wp\/v2\/media\/1244592"}],"wp:attachment":[{"href":"https:\/\/www.europesays.com\/de\/wp-json\/wp\/v2\/media?parent=1244591"}],"wp:term":[{"taxonomy":"category","embeddable":true,"href":"https:\/\/www.europesays.com\/de\/wp-json\/wp\/v2\/categories?post=1244591"},{"taxonomy":"post_tag","embeddable":true,"href":"https:\/\/www.europesays.com\/de\/wp-json\/wp\/v2\/tags?post=1244591"}],"curies":[{"name":"wp","href":"https:\/\/api.w.org\/{rel}","templated":true}]}}