{"id":1244597,"date":"2026-08-18T10:29:19","date_gmt":"2026-08-18T10:29:19","guid":{"rendered":"https:\/\/www.europesays.com\/de\/1244597\/"},"modified":"2026-08-18T10:29:19","modified_gmt":"2026-08-18T10:29:19","slug":"fussball-gipfel-fuer-alle-sat-1-zeigt-franz-beckenbauer-supercup-dortmund-bayern-am","status":"publish","type":"post","link":"https:\/\/www.europesays.com\/de\/1244597\/","title":{"rendered":"Fu\u00dfball-Gipfel f\u00fcr alle. SAT.1 zeigt Franz Beckenbauer Supercup Dortmund &#8211; Bayern am &#8230;"},"content":{"rendered":"<p class=\"date\">18.08.2026 \u2013 12:22<\/p>\n<p class=\"customer\">\n                        <a class=\"story-customer\" title=\"weiter zum newsroom von SAT.1\" href=\"https:\/\/www.presseportal.de\/nr\/6708\" rel=\"nofollow noopener\" target=\"_blank\">SAT.1<\/a>\n                    <\/p>\n<p><a class=\"glightbox event-trigger\" href=\"https:\/\/cache.pressmailing.net\/thumbnail\/story_hires\/c3119167-8309-4cd0-a3df-6f6ddd0c7f98\/Joyn_FB%20Supercup%202026_3448259.jpg.jpg\" data-description=\"Titel: Franz Beckenbauer Supercup;&#010;Person: Jonas Friedrich; Andrea Kaiser; Matthias Opdenh\u00f6vel;&#010;Copyright: Joyn\/Benedikt M\u00fcller\/Christoph K\u00f6stlin\/Steffen Z. Wolff;&#010;Fotograf:   Joyn;&#010;Dateiname: 3448259.jpg;&#010;Rechtehinweis: Dieses Bild darf honorarfrei f\u00fcr redaktionelle Zwecke und nur im Rahmen der Programmank\u00fcndigung verwendet werden. Andere Ver\u00f6ffentlichungen sind nur nach R\u00fccksprache und ausdr\u00fccklicher Genehmigung der Seven.One Entertainment Group GmbH m\u00f6glich. Nicht f\u00fcr EPG! Verwendung nur mit vollst\u00e4ndigem Copyrightvermerk. Das Foto darf nicht ver\u00e4ndert, bearbeitet und nur im Ganzen verwendet werden. Es darf nicht archiviert werden. Es darf nicht an Dritte weitergeleitet werden. Aneinanderreihung\/Zusammenlegung\/Kopplung von Bildern zum Zweck der Erstellung von Slide-Shows o.\u00e4. nicht gestattet; Verbindung\/Einf\u00fcgen\/Anf\u00fcgen von Werbung nicht gestattet. Das Bild kann KI generierte Elemente enthalten.&#010;Bei Fragen: foto@seven.one&#010;Voraussetzung f\u00fcr die Verwendung dieser Programmdaten ist die Zustimmung zu den Allgemeinen Gesch\u00e4ftsbedingungen der Presselounges der Sender der Seven.One Entertainment Group GmbH. \/ Weiterer Text \u00fcber ots und www.presseportal.de\/nr\/6708 \/ Die Verwendung dieses Bildes f\u00fcr redaktionelle Zwecke ist unter Beachtung aller mitgeteilten Nutzungsbedingungen zul\u00e4ssig und dann auch honorarfrei. Ver\u00f6ffentlichung ausschlie\u00dflich mit Bildrechte-Hinweis.\" data-category=\"medialightbox\" data-action=\"click\" data-label=\"single\" data-value=\"6a84326c270000fd2ca0846d\" rel=\"nofollow noopener\" target=\"_blank\"><img decoding=\"async\" height=\"540\" with=\"720\" src=\"https:\/\/www.europesays.com\/de\/wp-content\/uploads\/2026\/08\/fu-ball-gipfel-f-r-alle-sat-1-zeigt-franz-beckenbauer-supercup-dortmund-bayern-am-samstag-live-und-e.jpeg\"   alt=\"Fu\u00dfball-Gipfel f\u00fcr alle. SAT.1 zeigt Franz Beckenbauer Supercup Dortmund - Bayern am Samstag live und exklusiv im Free-TV\" class=\"single\"\/><\/a><\/p>\n<p><a data-category=\"citylink-story-view\" data-action=\"click\" data-label=\"Citylink in Meldungsansicht\" class=\"story-city event-trigger\" href=\"https:\/\/www.presseportal.de\/regional\/Unterf%F6hring\" title=\"News aus Unterf\u00f6hring \" rel=\"nofollow noopener\" target=\"_blank\">Unterf\u00f6hring<\/a> (ots)<\/p>\n<p>Fu\u00dfball-Klassiker. Gipfeltreffen. Deutsches &#8222;El Cl\u00e1sico&#8220;. Wenn der FC Bayern M\u00fcnchen gegen Borussia Dortmund spielt, geht es um mehr als Titel und Punkte. Beim Franz Beckenbauer Supercup treffen der Double-Sieger aus M\u00fcnchen und der Vizemeister aus Dortmund zum ersten Mal in der neuen Saison aufeinander. SAT.1 \u00fcbertr\u00e4gt den Fu\u00dfball-Gipfel am Samstag, 22. August, live und exklusiv im Free-TV.<\/p>\n<p>Das &#8222;ran Fu\u00dfball&#8220;-Team mit Moderator Matthias Opdenh\u00f6vel, Kommentator Jonas Friedrich und Reporterin Andrea Kaiser berichtet ab 19:30 Uhr aus dem Signal Iduna Park. Geballte Experten-Power beim &#8222;Cl\u00e1sico&#8220;: Europameister Markus Babbel und Gladbach-Legende Lars Stindl analysieren das Geschehen auf dem Platz. Schiedsrichter-Ikone Urs Meier beurteilt strittige Spielsituationen.<\/p>\n<p>Mehr Top-Fu\u00dfball live. SAT.1. zeigt das Er\u00f6ffnungsspiel der Bundesliga, FC Bayern M\u00fcnchen &#8211; VfB Stuttgart, am Freitag, 28. August, ab 19:50 Uhr ebenfalls live und exklusiv im Free-TV.<\/p>\n<p><b>Start in die Fu\u00dfball-Saison 2026\/2027 live in SAT.1 und auf Joyn<\/b><br \/>\n22. August: Franz Beckenbauer Supercup Borussia Dortmund &#8211; FC Bayern M\u00fcnchen<br \/>\n28. August: Er\u00f6ffnungsspiel Bundesliga FC Bayern M\u00fcnchen &#8211; VfB Stuttgart<\/p>\n<p>Beide Spiele werden auch in Ultra-HD \u00fcbertragen. Alle Informationen zum Empfang unter ProsiebenSat1.de\/uhd.<\/p>\n<p class=\"contact-headline\">Pressekontakt:<\/p>\n<p class=\"contact-text\">Michael Ulich<br \/>Communications Sports<br \/>phone:  +49 (0) 89 95 07 &#8211; 7296<br \/>email: <a href=\"https:\/\/www.presseportal.de\/pm\/6708\/mailto:michael.ulich@seven.one\" class=\"uri-mailto\" rel=\"nofollow noopener\" target=\"_blank\">michael.ulich@seven.one<\/a><\/p>\n<p>Photo Production &amp; Editing<br \/>Clarissa Schreiner<br \/>phone: +49 (0) 89 95 07 &#8211; 1191<br \/>email: <a href=\"https:\/\/www.presseportal.de\/pm\/6708\/mailto:clarissa.schreiner@seven.one\" class=\"uri-mailto\" rel=\"nofollow noopener\" target=\"_blank\">clarissa.schreiner@seven.one<\/a><\/p>\n<p class=\"originator\">Original-Content von: SAT.1, \u00fcbermittelt durch news aktuell<\/p>\n","protected":false},"excerpt":{"rendered":"18.08.2026 \u2013 12:22 SAT.1 Unterf\u00f6hring (ots) Fu\u00dfball-Klassiker. Gipfeltreffen. Deutsches &#8222;El Cl\u00e1sico&#8220;. Wenn der FC Bayern M\u00fcnchen gegen Borussia&hellip;\n","protected":false},"author":2,"featured_media":1244598,"comment_status":"","ping_status":"","sticky":false,"template":"","format":"standard","meta":{"footnotes":"","_share_on_mastodon":"0"},"categories":[1833],"tags":[3477,3364,29,217,441,30,10274,62,1209,178,180,179,181,265,6406],"class_list":["post-1244597","post","type-post","status-publish","format-standard","has-post-thumbnail","category-dortmund","tag-bild","tag-de","tag-deutschland","tag-dortmund","tag-fernsehen","tag-germany","tag-marketing","tag-medien","tag-nordrhein-westfalen","tag-presse","tag-pressemeldung","tag-pressemitteilung","tag-pressemitteilungen","tag-sport","tag-tv-ausblick"],"share_on_mastodon":{"url":"https:\/\/pubeurope.com\/@de\/117116049308892098","error":""},"_links":{"self":[{"href":"https:\/\/www.europesays.com\/de\/wp-json\/wp\/v2\/posts\/1244597","targetHints":{"allow":["GET"]}}],"collection":[{"href":"https:\/\/www.europesays.com\/de\/wp-json\/wp\/v2\/posts"}],"about":[{"href":"https:\/\/www.europesays.com\/de\/wp-json\/wp\/v2\/types\/post"}],"author":[{"embeddable":true,"href":"https:\/\/www.europesays.com\/de\/wp-json\/wp\/v2\/users\/2"}],"replies":[{"embeddable":true,"href":"https:\/\/www.europesays.com\/de\/wp-json\/wp\/v2\/comments?post=1244597"}],"version-history":[{"count":0,"href":"https:\/\/www.europesays.com\/de\/wp-json\/wp\/v2\/posts\/1244597\/revisions"}],"wp:featuredmedia":[{"embeddable":true,"href":"https:\/\/www.europesays.com\/de\/wp-json\/wp\/v2\/media\/1244598"}],"wp:attachment":[{"href":"https:\/\/www.europesays.com\/de\/wp-json\/wp\/v2\/media?parent=1244597"}],"wp:term":[{"taxonomy":"category","embeddable":true,"href":"https:\/\/www.europesays.com\/de\/wp-json\/wp\/v2\/categories?post=1244597"},{"taxonomy":"post_tag","embeddable":true,"href":"https:\/\/www.europesays.com\/de\/wp-json\/wp\/v2\/tags?post=1244597"}],"curies":[{"name":"wp","href":"https:\/\/api.w.org\/{rel}","templated":true}]}}