{"id":1244618,"date":"2026-08-18T10:40:17","date_gmt":"2026-08-18T10:40:17","guid":{"rendered":"https:\/\/www.europesays.com\/de\/1244618\/"},"modified":"2026-08-18T10:40:17","modified_gmt":"2026-08-18T10:40:17","slug":"so-oft-wird-kerosin-abgelassen-wie-schaedlich-ist-das","status":"publish","type":"post","link":"https:\/\/www.europesays.com\/de\/1244618\/","title":{"rendered":"So oft wird Kerosin abgelassen &#8211; wie sch\u00e4dlich ist das?"},"content":{"rendered":"<p><a href=\"https:\/\/www.onetz.de\/f\/ic\/ga-large\/articlemedia\/2026\/08\/18\/b6a52b4d-0733-4c2c-b28b-d01c301d9b12.jpg\" class=\"ps-item\" data-psg=\"https:\/\/www.onetz.de\/deutschland-welt\/muenchen\/1\" data-size=\"960x605\" data-caption=\"&lt;div&gt;Bild: Karl-Josef Hildenbrand\/dpa&lt;\/div&gt;Bevor das Flugzeug am Samstag wieder landen konnte, musste es tonnenweise Kerosin ablassen.\" rel=\"nofollow noopener\" target=\"_blank\"><img loading=\"lazy\" decoding=\"async\" src=\"https:\/\/www.europesays.com\/de\/wp-content\/uploads\/2026\/08\/b6a52b4d-0733-4c2c-b28b-d01c301d9b12.jpg\" alt=\"Bevor das Flugzeug am Samstag wieder landen konnte, musste es tonnenweise Kerosin ablassen. Bild: Karl-Josef Hildenbrand\/dpa\" title=\"\" width=\"805\" height=\"453\" class=\"img-responsive\"\/><\/a><\/p>\n<p>Bevor das Flugzeug am Samstag wieder landen konnte, musste es tonnenweise Kerosin ablassen.<\/p>\n<p>Bild: Karl-Josef Hildenbrand\/dpa<\/p>\n<p>Beim Beinahe-Ungl\u00fcck eines Boeing-Flugzeugs am Wochenende in M\u00fcnchen sind rund 60 Tonnen Kerosin abgelassen worden. Das passiert h\u00e4ufiger, als man denkt, wie eine Liste des Luftfahrtbundesamtes zeigt. Alleine im ersten Halbjahr 2026 wurden 15 solcher Treibstoffabl\u00e4sse im deutschen Luftraum verzeichnet, 6 davon betrafen Bayern zumindest teilweise.<\/p>\n<p>Insgesamt weist die Liste, die bis Anfang 2018 zur\u00fcckgeht, 203 Vorf\u00e4lle aus &#8211; mehrere Dutzend davon passierten ganz oder teilweise \u00fcber Bayern. Wie viel Treibstoff abgelassen wurde, schwankt stark: Teils sind es nur einige Hundert Kilo, in einem Fall aber auch 100 Tonnen. Werte um die 50 Tonnen sind dabei keine Seltenheit. Offizieller Grund sind dabei meist technische Probleme.<\/p>\n<p>F\u00fcr die Landung leichter als f\u00fcr den Start <\/p>\n<p>Hintergrund der Praxis ist, dass Flugzeuge beim Start in der Regel mehr Gewicht tragen k\u00f6nnen als bei der Landung. M\u00fcssen sie nach dem Start zu einem l\u00e4ngeren Flug ungeplant umkehren, sind sie mit vollen Tanks oft zu schwer &#8211; und m\u00fcssen erst leichter werden, um sicher zu landen.\u00a0<\/p>\n<p>Die Entscheidung dar\u00fcber trifft laut Luftfahrtbundesamt alleine die Besatzung des Flugzeugs. Ein Fluglotse identifiziere dann einen geeigneten Luftraum, \u201eder ein m\u00f6glichst geringes Verkehrsaufkommen aufweist und m\u00f6glichst abseits gro\u00dfer St\u00e4dte liegt\u201c, hei\u00dft es bei der Beh\u00f6rde. \u201eDas Kerosin muss in einer H\u00f6he von mindestens 1.800 Metern (6.000 Fu\u00df) abgelassen werden. In der Regel erfolgt dies jedoch in gr\u00f6\u00dferen H\u00f6hen zwischen 4 und 8 Kilometern. Au\u00dferdem muss w\u00e4hrend des Ablassens und f\u00fcr 15 Minuten danach der Luftraum frei von durchfliegendem Verkehr bleiben.\u201c\u00a0<\/p>\n<p>\u201eKeine kritischen Auswirkungen auf Mensch und Umwelt\u201c <\/p>\n<p>Doch was bedeutet das f\u00fcr die betroffenen Regionen? \u201eTreibstoffschnellabl\u00e4sse haben nach dem aktuellen Kenntnisstand keine kritischen Auswirkungen auf Mensch und Umwelt\u201c hei\u00dft es auf den Seiten des Umweltbundesamtes. In einem dort ver\u00f6ffentlichten Positionspapier von Ende 2020 wird allerdings auch empfohlen, nach M\u00f6glichkeit bei den Ablassgebieten abzuwechseln.\u00a0<\/p>\n<p>Hintergrund der eher niedrig eingesch\u00e4tzten Belastung ist, dass sich das Kerosin \u00fcber eine gro\u00dfe Fl\u00e4che verteilt. Untersuchungen des Umweltbundesamtes zufolge wird der Treibstoff meist binnen 5 bis 30 Minuten abgelassen &#8211; also \u00fcber eine Strecke von 40 bis 220 Kilometern. Zudem verteilt sich das zu Tr\u00f6pfchen verspr\u00fchte Kerosin auf dem Weg zum Boden weiter und verdunstet teilweise. Wie viel am Boden ankommt, h\u00e4ngt dabei unter anderem von Ablassh\u00f6he, Temperatur und Wind ab.<\/p>\n<p>\u00a9 dpa-infocom, dpa:260818-930-546394\/1<\/p>\n","protected":false},"excerpt":{"rendered":"Bevor das Flugzeug am Samstag wieder landen konnte, musste es tonnenweise Kerosin ablassen. Bild: Karl-Josef Hildenbrand\/dpa Beim Beinahe-Ungl\u00fcck&hellip;\n","protected":false},"author":2,"featured_media":1244619,"comment_status":"","ping_status":"","sticky":false,"template":"","format":"standard","meta":{"footnotes":"","_share_on_mastodon":"0"},"categories":[1827],"tags":[772,29,7488,30,141,1268,7489,7490],"class_list":["post-1244618","post","type-post","status-publish","format-standard","has-post-thumbnail","category-muenchen","tag-bayern","tag-deutschland","tag-dpa","tag-germany","tag-gesundheit","tag-muenchen","tag-region-bayern","tag-vermischtes"],"share_on_mastodon":{"url":"https:\/\/pubeurope.com\/@de\/117116091020432809","error":""},"_links":{"self":[{"href":"https:\/\/www.europesays.com\/de\/wp-json\/wp\/v2\/posts\/1244618","targetHints":{"allow":["GET"]}}],"collection":[{"href":"https:\/\/www.europesays.com\/de\/wp-json\/wp\/v2\/posts"}],"about":[{"href":"https:\/\/www.europesays.com\/de\/wp-json\/wp\/v2\/types\/post"}],"author":[{"embeddable":true,"href":"https:\/\/www.europesays.com\/de\/wp-json\/wp\/v2\/users\/2"}],"replies":[{"embeddable":true,"href":"https:\/\/www.europesays.com\/de\/wp-json\/wp\/v2\/comments?post=1244618"}],"version-history":[{"count":0,"href":"https:\/\/www.europesays.com\/de\/wp-json\/wp\/v2\/posts\/1244618\/revisions"}],"wp:featuredmedia":[{"embeddable":true,"href":"https:\/\/www.europesays.com\/de\/wp-json\/wp\/v2\/media\/1244619"}],"wp:attachment":[{"href":"https:\/\/www.europesays.com\/de\/wp-json\/wp\/v2\/media?parent=1244618"}],"wp:term":[{"taxonomy":"category","embeddable":true,"href":"https:\/\/www.europesays.com\/de\/wp-json\/wp\/v2\/categories?post=1244618"},{"taxonomy":"post_tag","embeddable":true,"href":"https:\/\/www.europesays.com\/de\/wp-json\/wp\/v2\/tags?post=1244618"}],"curies":[{"name":"wp","href":"https:\/\/api.w.org\/{rel}","templated":true}]}}