{"id":1244674,"date":"2026-08-18T11:16:16","date_gmt":"2026-08-18T11:16:16","guid":{"rendered":"https:\/\/www.europesays.com\/de\/1244674\/"},"modified":"2026-08-18T11:16:16","modified_gmt":"2026-08-18T11:16:16","slug":"jva-gablingen-monsterprozess-bringt-landgericht-augsburg-an-die-grenzen","status":"publish","type":"post","link":"https:\/\/www.europesays.com\/de\/1244674\/","title":{"rendered":"JVA Gablingen: Monsterprozess bringt Landgericht Augsburg an die Grenzen"},"content":{"rendered":"<p class=\"mb-6 text-xs-varying md:text-m lg:text-l font-serif group-[.font-sans]:font-sans \">\n    Wochenlang haben Angeklagte, Opfer, Verteidiger, die Staatsanwaltschaft und sogar <a href=\"https:\/\/augsburger-allgemeine.de\/bayern\/\" target=\"_self\" class=\"underline \" rel=\"nofollow noopener\">Bayerns<\/a> Justizminister Georg Eisenreich (<a href=\"https:\/\/www.augsburger-allgemeine.de\/organisationen\/aa-csu\" target=\"_self\" class=\"underline \" rel=\"nofollow noopener\">CSU<\/a>) auf das Landgericht <a href=\"https:\/\/www.augsburger-allgemeine.de\/augsburg\/\" target=\"_self\" class=\"underline \" rel=\"nofollow noopener\">Augsburg<\/a> geschaut. Nun ist klar: Die Aufarbeitung des Skandals in der JVA <a href=\"https:\/\/augsburger-allgemeine.de\/augsburg-land\/ort\/Gablingen\" target=\"_self\" class=\"underline \" rel=\"nofollow noopener\">Gablingen<\/a> wird einen Strafprozess von historischer Dimension zur Folge haben. Das Verfahren wird die Justiz an die Grenzen des Leistbaren f\u00fchren.\n  <\/p>\n<p class=\"mb-6 text-xs-varying md:text-m lg:text-l font-serif group-[.font-sans]:font-sans \">\n    Das Landgericht hat entschieden, die <a href=\"https:\/\/www.augsburger-allgemeine.de\/bayern\/skandal-um-jva-gablingen-landgericht-augsburg-prueft-raeume-fuer-prozess-114592697\" target=\"_self\" class=\"underline \" rel=\"nofollow noopener\">zwei bisher getrennten Verfahren in diesem spektakul\u00e4ren Fall zusammenzuf\u00fchren<\/a>. Dies hat unsere Redaktion aus mehreren Quellen best\u00e4tigt bekommen. Eine offizielle Mitteilung des Gerichts dazu steht noch aus. Diese Entscheidung hat massive Konsequenzen f\u00fcr die Dimension des zu erwartenden Prozesses. Sogar die Frage, wo die Mega-Verhandlung \u00fcberhaupt stattfinden kann, steht im Raum.\n  <\/p>\n<p>    <img decoding=\"async\" src=\"https:\/\/images.mgpd.de\/img\/103595885\/crop\/c16_9-w100\/178041645\/959435099\/gablingen21.jpg\" alt=\"Auch gegen die fr\u00fchere Leiterin der JVA Gablingen, Zoraida Maldonado de Landauer, wurde Anklage erhoben.\" title=\"Auch gegen die fr\u00fchere Leiterin der JVA Gablingen, Zoraida Maldonado de Landauer, wurde Anklage erhoben.\" loading=\"lazy\" class=\"h-full w-full object-cover\"\/><\/p>\n<p>      Icon vergr\u00f6\u00dfern<\/p>\n<p>    Auch gegen die fr\u00fchere Leiterin der JVA Gablingen, Zoraida Maldonado de Landauer, wurde Anklage erhoben.<br \/>\n    Foto: Timian Hopf<\/p>\n<p>        Schlie\u00dfen <\/p>\n<p>      Icon Schlie\u00dfen<\/p>\n<p>        Icon vergr\u00f6\u00dfern<\/p>\n<p>        Icon verkleinern<\/p>\n<p>      Icon Pfeil bewegen<\/p>\n<p>    Auch gegen die fr\u00fchere Leiterin der JVA Gablingen, Zoraida Maldonado de Landauer, wurde Anklage erhoben.<br \/>\n    Foto: Timian Hopf<\/p>\n<p>            JVA Gablingen: Entscheidung \u00fcber Anklage und Prozess liegt beim Landgericht Augsburg<\/p>\n<p class=\"mb-6 text-xs-varying md:text-m lg:text-l font-serif group-[.font-sans]:font-sans \">\n    Das Landgericht muss derzeit zwei separate Anklagen der Staatsanwaltschaft pr\u00fcfen. Die erste hatte sie im Januar 2026 gegen die drei Hauptbeschuldigten erhoben: <a href=\"https:\/\/www.augsburger-allgemeine.de\/augsburg\/gefaengnisskandal-gablingen-chefin-und-vize-erschaffen-kranke-knast-welt-114756335\" target=\"_self\" class=\"underline \" rel=\"nofollow noopener\">die beiden fr\u00fcheren JVA-Leiterinnen, Zoraida Maldonado de Landauer und Susanne B<\/a>., sowie gegen den mutma\u00dflichen R\u00e4delsf\u00fchrer der sogenannten \u201eSicherungsgruppe\u201c (SiG). Die zweite Anklage folgte drei Monate sp\u00e4ter.\u00a0Sie richtet sich gegen zehn weitere Ex-Mitarbeiter der SiG. Alle Angeklagten sind vom Dienst freigestellt.\n  <\/p>\n<p class=\"mb-6 text-xs-varying md:text-m lg:text-l font-serif group-[.font-sans]:font-sans \">\n    Mit der Zusammenf\u00fchrung der beiden Verfahren steht nun ein beispielloser Mammutprozess bevor. Allein die Anklagebank ist mit 13 ehemaligen JVA-Beamten gut gef\u00fcllt. Jeder Angeklagte hat mindestens einen Verteidiger, mit sogenannten Sicherungspflichtverteidigern und weiteren Wahlverteidigern werden es am Ende eher zwei bis drei Rechtsanw\u00e4lte pro Angeklagtem sein. Das ist aber noch gar nicht das gr\u00f6\u00dfte Problem.\n  <\/p>\n<p class=\"mb-6 text-xs-varying md:text-m lg:text-l font-serif group-[.font-sans]:font-sans \">\n    Die Zahl der Prozessbeteiligten k\u00f6nnte sich noch dramatisch erh\u00f6hen. Allein <a href=\"https:\/\/www.augsburger-allgemeine.de\/bayern\/ex-haeftling-der-jva-gablingen-ueber-angeklagte-ich-will-sie-hinter-gittern-sehen-113252445\" target=\"_self\" class=\"underline \" rel=\"nofollow noopener\">102 Gefangene sollen in dem Skandal von Gablingen Opfer von Straftaten<\/a> geworden sein. Unter bestimmten Voraussetzungen k\u00f6nnten sie einen Prozess als Nebenkl\u00e4ger verfolgen, jeweils auch in Begleitung eines Anwalts. Zuletzt hatte ein Sprecher des Landgerichts mitgeteilt, dass bereits elf Antr\u00e4ge auf Zulassung einer Nebenklage vorliegen. Je n\u00e4her der Prozess r\u00fcckt, desto mehr Antr\u00e4ge kommen erfahrungsgem\u00e4\u00df. Das f\u00fchrt zu einem gewaltigen Platzproblem.\n  <\/p>\n<p>            Der Prozess um die Skandal-JVA Gablingen wird enorme Kosten verursachen<\/p>\n<p class=\"mb-6 text-xs-varying md:text-m lg:text-l font-serif group-[.font-sans]:font-sans \">\n    Alle Prozessbeteiligten haben Anspruch auf einen Sitz- oder Arbeitsplatz. Auch Zuschauer brauchen ausreichend Platz, damit die \u00d6ffentlichkeit der Verhandlung gew\u00e4hrleistet ist. Und eine Menge Medienvertreter m\u00fcssen ebenfalls eingeplant werden. Daher gibt es seit L\u00e4ngerem bereits \u00dcberlegungen, in welchem Gerichtssaal der Gablingen-Prozess stattfinden k\u00f6nnte. Doch das ist noch nicht die einzige logistische H\u00fcrde.\n  <\/p>\n<p class=\"mb-6 text-xs-varying md:text-m lg:text-l font-serif group-[.font-sans]:font-sans \">\n    Richtig kompliziert wird es, wenn die Nebenkl\u00e4ger auf eine pers\u00f6nliche Teilnahme am Prozess pochen, die ihnen rechtlich zusteht. Denn viele der Opfer sitzen nach wie vor im Gef\u00e4ngnis. Wenn man diesen Gedanken zu Ende f\u00fchren w\u00fcrde, m\u00fcssten die Nebenkl\u00e4ger also jeden Morgen vor Prozessbeginn m\u00f6glicherweise zu Dutzenden aus verschiedenen bayerischen Gef\u00e4ngnissen nach Augsburg gekarrt werden \u2013 ein ungeheurer logistischer Aufwand, der zudem enorme Kosten verursachen w\u00fcrde.\n  <\/p>\n<\/p>\n<p class=\"mb-6 text-xs-varying md:text-m lg:text-l font-serif group-[.font-sans]:font-sans \">\n    Unrealistisch ist so ein Szenario keineswegs. Doch vorher steht noch eine andere Entscheidung des Gerichts aus. Die Anklage muss zum Hauptverfahren zugelassen werden. Das Gericht pr\u00fcft, ob die Anklage sachlich und rechtlich berechtigt ist.\n  <\/p>\n<p class=\"mb-6 text-xs-varying md:text-m lg:text-l font-serif group-[.font-sans]:font-sans \">\n    Wenn die Strafkammer zu der Ansicht kommt, dass eine sp\u00e4tere Verurteilung wahrscheinlich ist, er\u00f6ffnet sie das Hauptverfahren. Vorsitzender der 1. Strafkammer am Landgericht Augsburg ist Michael Schneider, der viele Jahre Beisitzer in der Schwurgerichtskammer war. Die Entscheidung \u00fcber die Zulassung d\u00fcrfte in den kommenden Wochen zu erwarten sein.\n  <\/p>\n<p class=\"mb-6 text-xs-varying md:text-m lg:text-l font-serif group-[.font-sans]:font-sans \">\n    Das Gericht verfolgt nach Informationen unserer Redaktion das Ziel, den Prozess noch in diesem Jahr zu starten. Ob das klappt, darf allerdings infrage gestellt werden. Das liegt an verschiedenen Fristen im Strafverfahren und h\u00e4ngt auch stark an der Frage, wie voll die Terminkalender der Verteidiger sind.\n  <\/p>\n<p>      <a href=\"https:\/\/www.augsburger-allgemeine.de\/bayern\/vertrauliche-informationen-so-erreichen-sie-das-investigativ-team-der-augsburger-allgemeinen-110564734\" class=\"hidden  &#010;                md:block md:mr-5 md:min-w-[140px]  aspect-photo md:aspect-tv lg:aspect-tv w-fullXXX relative self-start inline overflow-hidden\" rel=\"nofollow noopener\" target=\"_blank\"><\/p>\n<p>    <img decoding=\"async\" src=\"\" alt=\"E-Mail, Post, verschl\u00fcsselte Messenger-Nachricht oder pers\u00f6nliches Treffen \u2013 verschiedene Wege stehen Ihnen zur Verf\u00fcgung, um vertrauliche Informationen sicher an die Redaktion zu \u00fcbermitteln.\" title=\"E-Mail, Post, verschl\u00fcsselte Messenger-Nachricht oder pers\u00f6nliches Treffen \u2013 verschiedene Wege stehen Ihnen zur Verf\u00fcgung, um vertrauliche Informationen sicher an die Redaktion zu \u00fcbermitteln.\" loading=\"lazy\" class=\"h-full w-full object-cover\"\/><br \/>\n   <\/a><\/p>\n<p class=\"mb-6 text-xs-varying md:text-m lg:text-l font-serif group-[.font-sans]:font-sans \">\n    Seit bald zwei Jahren schwelt der Skandal um die <a href=\"https:\/\/www.augsburger-allgemeine.de\/bayern\/justizskandal-augsburg-chatprotokolle-belasten-fruehere-leitung-der-jva-gablingen-112857229\" target=\"_self\" class=\"underline \" rel=\"nofollow noopener\">systematische Misshandlung und Folter von Gefangenen in der JVA Gablingen<\/a>, den unsere Redaktion an die \u00d6ffentlichkeit gebracht hatte. Die H\u00e4ftlinge litten massiv unter dem Regime, das federf\u00fchrend die damalige stellvertretende Gef\u00e4ngnischefin Susanne B. (39) errichtet haben soll. Auch die fr\u00fchere JVA-Chefin Zoraida Maldonado de Landauer ist angeklagt, sie soll das System zugelassen und teils gedeckt haben.\n  <\/p>\n","protected":false},"excerpt":{"rendered":"Wochenlang haben Angeklagte, Opfer, Verteidiger, die Staatsanwaltschaft und sogar Bayerns Justizminister Georg Eisenreich (CSU) auf das Landgericht Augsburg&hellip;\n","protected":false},"author":2,"featured_media":509318,"comment_status":"","ping_status":"","sticky":false,"template":"","format":"standard","meta":{"footnotes":"","_share_on_mastodon":"0"},"categories":[1846],"tags":[680,772,3364,29,548,663,3934,85313,2690,30,13,4933,257909,14,15,155980,1269,12,1997,145954],"class_list":["post-1244674","post","type-post","status-publish","format-standard","has-post-thumbnail","category-augsburg","tag-augsburg","tag-bayern","tag-de","tag-deutschland","tag-eu","tag-europa","tag-europe","tag-gablingen","tag-gericht","tag-germany","tag-headlines","tag-landgericht","tag-monsterprozess","tag-nachrichten","tag-news","tag-platzproblem","tag-prozess","tag-schlagzeilen","tag-staatsanwaltschaft","tag-zoraida-maldonado"],"share_on_mastodon":{"url":"https:\/\/pubeurope.com\/@de\/117116234147826864","error":""},"_links":{"self":[{"href":"https:\/\/www.europesays.com\/de\/wp-json\/wp\/v2\/posts\/1244674","targetHints":{"allow":["GET"]}}],"collection":[{"href":"https:\/\/www.europesays.com\/de\/wp-json\/wp\/v2\/posts"}],"about":[{"href":"https:\/\/www.europesays.com\/de\/wp-json\/wp\/v2\/types\/post"}],"author":[{"embeddable":true,"href":"https:\/\/www.europesays.com\/de\/wp-json\/wp\/v2\/users\/2"}],"replies":[{"embeddable":true,"href":"https:\/\/www.europesays.com\/de\/wp-json\/wp\/v2\/comments?post=1244674"}],"version-history":[{"count":0,"href":"https:\/\/www.europesays.com\/de\/wp-json\/wp\/v2\/posts\/1244674\/revisions"}],"wp:featuredmedia":[{"embeddable":true,"href":"https:\/\/www.europesays.com\/de\/wp-json\/wp\/v2\/media\/509318"}],"wp:attachment":[{"href":"https:\/\/www.europesays.com\/de\/wp-json\/wp\/v2\/media?parent=1244674"}],"wp:term":[{"taxonomy":"category","embeddable":true,"href":"https:\/\/www.europesays.com\/de\/wp-json\/wp\/v2\/categories?post=1244674"},{"taxonomy":"post_tag","embeddable":true,"href":"https:\/\/www.europesays.com\/de\/wp-json\/wp\/v2\/tags?post=1244674"}],"curies":[{"name":"wp","href":"https:\/\/api.w.org\/{rel}","templated":true}]}}