{"id":1244683,"date":"2026-08-18T11:22:47","date_gmt":"2026-08-18T11:22:47","guid":{"rendered":"https:\/\/www.europesays.com\/de\/1244683\/"},"modified":"2026-08-18T11:22:47","modified_gmt":"2026-08-18T11:22:47","slug":"service-de-c-1995-2026-ruhr-concept-kg-das-presseportal-fuer-die-erfolgreiche-pressearbeit-von-staedten-kreisen-verbaenden-verlagen-parteien-unternehmen-medienbueros-hotelketten-etc-71","status":"publish","type":"post","link":"https:\/\/www.europesays.com\/de\/1244683\/","title":{"rendered":"service.de &#8211; (c) 1995-2026 ruhr-concept KG, das Presseportal f\u00fcr die erfolgreiche Pressearbeit von St\u00e4dten, Kreisen, Verb\u00e4nden, Verlagen, Parteien, Unternehmen, Medienb\u00fcros, Hotelketten etc."},"content":{"rendered":"<p>            &#13;<br \/>\n                Alle Meldungen:<\/p>\n<p>  &#13;<br \/>\n18.08.2026 &#8211; <a href=\"https:\/\/www.presse-service.de\/public\/Default.aspx?p=1452\" rel=\"nofollow noopener\" target=\"_blank\">Kreis Unna &#8211; Presse und Kommunikation<\/a>&#13;<\/p>\n<p>  &#13;<br \/>\nDer September auf Schloss Cappenberg&#13;<br \/>\nKunst, Kultur, Konzerte&#13;<\/p>\n<p class=\"ins_r\">&#13;<br \/>\n      <img decoding=\"async\" class=\"news_list_single_image\" src=\"https:\/\/www.europesays.com\/de\/wp-content\/uploads\/2025\/05\/1747307889_562_logo.jpg\" alt=\"\u00a9 \"\/>&#13;<br \/>\nEin ganzer Monat voller Kunst, Kultur und Konzerte \u2013 im September steht im Museum Schloss Cappenberg ein tolles Rahmenprogramm an: Passend zur neuen Ausstellung \u201eUnter Tage\u201c, die bis Ende Oktober zu sehen ist, gibt es einige Aktionen und auch Konzerte vor Ort.&#13;\n  <\/p>\n<p> &#13;<br \/>\n      <a href=\"https:\/\/www.presse-service.de\/public\/Single.aspx?iid=1224142\" rel=\"nofollow noopener\" target=\"_blank\">mehr lesen&#8230;<\/a>  <\/p>\n<p>  &#13;<br \/>\n18.08.2026 &#8211; <a href=\"https:\/\/www.presse-service.de\/public\/Default.aspx?p=1452\" rel=\"nofollow noopener\" target=\"_blank\">Kreis Unna &#8211; Presse und Kommunikation<\/a>&#13;<\/p>\n<p>  &#13;<br \/>\nMitmachen bei der Offenen Gartenpforte Ruhrgebiet&#13;<br \/>\nIGA 2027 sucht Privatg\u00e4rten f\u00fcr weiteres Wochenende im September&#13;<\/p>\n<p class=\"ins_r\">&#13;<br \/>\n      <img decoding=\"async\" class=\"news_list_single_image\" src=\"https:\/\/www.europesays.com\/de\/wp-content\/uploads\/2026\/08\/325134V.jpg\" alt=\"\u00a9 \"\/>&#13;<br \/>\nNach dem erfolgreichen Juni-Wochenende geht die Offene Gartenpforte Ruhrgebiet in die zweite Runde: Am 12. und 13. September 2026 \u00f6ffnen Gartenbesitzerinnen und Gartenbesitzer im gesamten Ruhrgebiet erneut ihre Pforten. Die IGA 2027 l\u00e4dt Gartenfreundinnen und Gartenfreunde aus der Region ein, mit ihrem eigenen Garten dabei zu sein. Anmeldungen f\u00fcr das September-Wochenende sind weiterhin m\u00f6glich.&#13;<br \/>\n&#13;<br \/>\n&#13;\n  <\/p>\n<p> &#13;<br \/>\n      <a href=\"https:\/\/www.presse-service.de\/public\/Single.aspx?iid=1224473\" rel=\"nofollow noopener\" target=\"_blank\">mehr lesen&#8230;<\/a>  <\/p>\n<p>  &#13;<br \/>\n18.08.2026 &#8211; <a href=\"https:\/\/www.presse-service.de\/public\/Default.aspx?p=272\" rel=\"nofollow noopener\" target=\"_blank\">Stadt Borken<\/a>&#13;<\/p>\n<p>  &#13;<br \/>\n Englisch auffrischen und sicherer sprechen \u2013 B1-Onlinekurs der VHS Borken&#13;<br \/>\nMontag, 14. September 2026, 17:30 Uhr&#13;<\/p>\n<p class=\"ins_r\">&#13;<br \/>\n      <img decoding=\"async\" class=\"news_list_single_image\" src=\"https:\/\/www.europesays.com\/de\/wp-content\/uploads\/2026\/08\/325181V.png\" alt=\"\u00a9 \u00a9 VHS Borken\"\/>&#13;<br \/>\nWer seine Englischkenntnisse auffrischen und vor allem beim Sprechen mehr Sicherheit gewinnen m\u00f6chte, findet bei der VHS Borken ab September ein passendes Online-Angebot. Der Kurs &#8222;B1 Englisch \u2013 Wiederholung + Konversation&#8220; startet am Montag, 14. September 2026, um 17:30 Uhr und findet bequem \u00fcber Zoom statt.&#13;<br \/>\nDer Kurs richtet sich an Menschen mit Englischkenntnissen auf B1-Niveau, die ihre Sprachkenntnisse aktiv anwenden und erweitern m\u00f6chten. Auch Neueinsteigende sind herzlich willkommen. Im Mittelpunkt stehen aktuelle und internationale&#8230;&#13;\n  <\/p>\n<p> &#13;<br \/>\n      <a href=\"https:\/\/www.presse-service.de\/public\/Single.aspx?iid=1224560\" rel=\"nofollow noopener\" target=\"_blank\">mehr lesen&#8230;<\/a>  <\/p>\n<p>  &#13;<br \/>\n18.08.2026 &#8211; <a href=\"https:\/\/www.presse-service.de\/public\/Default.aspx?p=77\" rel=\"nofollow noopener\" target=\"_blank\">Stadt M\u00fcnster<\/a>&#13;<\/p>\n<p>  &#13;<br \/>\nNeue Leezenboxen am Bahnhof Zentrum Nord ab Mitte September in Betrieb&#13;<br \/>\nMehr als 200 sichere Fahrradstellpl\u00e4tze \/ Anbindung an Buchungssystem radbox.nrw&#13;<\/p>\n<p class=\"ins_r\">&#13;<br \/>\n      <img decoding=\"async\" class=\"news_list_single_image\" src=\"https:\/\/www.europesays.com\/de\/wp-content\/uploads\/2026\/08\/325189V.jpg\" alt=\"\u00a9 Stadt M\u00fcnster \/ Patrick Schule\"\/>&#13;<br \/>\nM\u00fcnster (SMS) Am Bahnhof M\u00fcnster Zentrum Nord gehen voraussichtlich Mitte September zwei neue Leezenboxen in Betrieb. Dort stehen k\u00fcnftig mehr als 200 sichere Fahrradstellpl\u00e4tze sowie acht Pl\u00e4tze f\u00fcr Lastenr\u00e4der zur Verf\u00fcgung. Die neuen Leezenboxen liegen s\u00fcdlich der Buswendeschleife und richten sich vor allem an Radfahrende auf der Veloroute Greven-M\u00fcnster sowie an Pendlerinnen und Pendler, die am Bahnhof Zentrum Nord zwischen Rad und Zug wechseln.\u00a0&#13;<br \/>\nMit dem Ausbau reagiert die Stadt auf die hohe Nachfrage nach witterungs- und&#8230;&#13;\n  <\/p>\n<p> &#13;<br \/>\n      <a href=\"https:\/\/www.presse-service.de\/public\/Single.aspx?iid=1224585\" rel=\"nofollow noopener\" target=\"_blank\">mehr lesen&#8230;<\/a>  <\/p>\n<p>  &#13;<br \/>\n18.08.2026 &#8211; <a href=\"https:\/\/www.presse-service.de\/public\/Default.aspx?p=272\" rel=\"nofollow noopener\" target=\"_blank\">Stadt Borken<\/a>&#13;<\/p>\n<p>  &#13;<br \/>\nFederfreunde Borken geben Vogelgehege im Stadtpark auf&#13;<br \/>\nVerein wird zum Jahresende aufgel\u00f6st&#13;<\/p>\n<p class=\"ins_r\">&#13;<br \/>\n      <img decoding=\"async\" class=\"news_list_single_image\" src=\"https:\/\/www.europesays.com\/de\/wp-content\/uploads\/2026\/08\/325191V.jpg\" alt=\"\u00a9 Federfreunde Borken e.V.\"\/>&#13;<br \/>\nDer Verein &#8222;Federfreunde Borken e. V.&#8220; wird zum Ende des Jahres 2026 aufgel\u00f6st und das Vogelgehege im Borkener Stadtpark aufgeben. Grund f\u00fcr diese Entscheidung ist insbesondere der zunehmende Mangel an ehrenamtlichen Helferinnen und Helfern, die eine regelm\u00e4\u00dfige und artgerechte Versorgung der Tiere dauerhaft sicherstellen k\u00f6nnen.&#13;<br \/>\nIn den vergangenen Jahren hat sich der Verein intensiv darum bem\u00fcht, weitere Menschen f\u00fcr eine Mitarbeit zu gewinnen. Trotz dieser Bem\u00fchungen ist die Zahl der Aktiven kontinuierlich zur\u00fcckgegangen. Die wenigen&#8230;&#13;\n  <\/p>\n<p> &#13;<br \/>\n      <a href=\"https:\/\/www.presse-service.de\/public\/Single.aspx?iid=1224587\" rel=\"nofollow noopener\" target=\"_blank\">mehr lesen&#8230;<\/a>  <\/p>\n<p>  &#13;<br \/>\n18.08.2026 &#8211; <a href=\"https:\/\/www.presse-service.de\/public\/Default.aspx?p=116\" rel=\"nofollow noopener\" target=\"_blank\">Stadt Hanau<\/a>&#13;<\/p>\n<p>  &#13;<br \/>\nVandalismus am Multifunktionsfeld im B\u00fcrgerpark Hochgericht&#13;<\/p>\n<p class=\"ins_r\">&#13;<br \/>\n      <img decoding=\"async\" class=\"news_list_single_image\" src=\"https:\/\/www.europesays.com\/de\/wp-content\/uploads\/2026\/08\/325164V.jpg\" alt=\"\u00a9 Stadt Hanau \/ HIS\"\/>&#13;<br \/>\nDie Stadt Hanau passt die Absperrung des Multifunktionsfeldes im B\u00fcrgerpark Hochgericht an: Nachdem das Feld zun\u00e4chst aufgrund von Sch\u00e4den am Kunststoffbelag vollst\u00e4ndig gesperrt worden war, ist ab sofort nur noch der betroffene Bereich abgesperrt. Grund f\u00fcr die \u00c4nderung sind wiederholte Vandalismussch\u00e4den am Bauzaun. Unbekannte hatten diesen in den vergangenen Wochen mehrfach umgeworfen und besch\u00e4digt, um den gesperrten Bereich zu nutzen.&#13;\n  <\/p>\n<p> &#13;<br \/>\n      <a href=\"https:\/\/www.presse-service.de\/public\/Single.aspx?iid=1224534\" rel=\"nofollow noopener\" target=\"_blank\">mehr lesen&#8230;<\/a>  <\/p>\n<p>  &#13;<br \/>\n18.08.2026 &#8211; <a href=\"https:\/\/www.presse-service.de\/public\/Default.aspx?p=925\" rel=\"nofollow noopener\" target=\"_blank\">Stadt Braunschweig<\/a>&#13;<\/p>\n<p>  &#13;<br \/>\nLyrik im Lichthof mit Esther Dischereit&#13;<\/p>\n<p class=\"ins_r\">&#13;<br \/>\n      <img decoding=\"async\" class=\"news_list_single_image\" src=\"https:\/\/www.europesays.com\/de\/wp-content\/uploads\/2025\/06\/symbol_medium.gif\" alt=\"\u00a9 \u00a9 Sandro Most\"\/>&#13;<br \/>\nIm Rahmen der Sonderausstellung &#8222;Mit eigener Stimme. 75 Jahre Zentralrat der Juden in Deutschland&#8220; und der J\u00fcdischen Kulturtage zwischen Harz und Heide findet im Lichthof des St\u00e4dtischen Museums Braunschweig, Haus am L\u00f6wenwall, Steintorwall 14, am Dienstag, 25. August, um 19 Uhr eine Lesung mit Gespr\u00e4ch statt. Zu Gast ist die Lyrikerin Esther Dischereit. Der Eintritt ist frei.&#13;<br \/>\n\u00a0&#13;<br \/>\nIn der gegenw\u00e4rtigen j\u00fcdischen Lyrik in Deutschland gilt Esther Dischereit als wichtige Stimme innerhalb der zweiten Generation nach der Shoa. Sie ist Lyrikerin,&#8230;&#13;\n  <\/p>\n<p> &#13;<br \/>\n      <a href=\"https:\/\/www.presse-service.de\/public\/Single.aspx?iid=1224081\" rel=\"nofollow noopener\" target=\"_blank\">mehr lesen&#8230;<\/a>  <\/p>\n<p>  &#13;<br \/>\n18.08.2026 &#8211; <a href=\"https:\/\/www.presse-service.de\/public\/Default.aspx?p=272\" rel=\"nofollow noopener\" target=\"_blank\">Stadt Borken<\/a>&#13;<\/p>\n<p>  &#13;<br \/>\n Mit der VHS aufs Wasser: Sportbootf\u00fchrerschein Binnen&#13;<br \/>\nMittwoch, 9. September 2026, 19:30 Uhr Duesbergforum, Borken&#13;<\/p>\n<p class=\"ins_r\">&#13;<br \/>\n      <img decoding=\"async\" class=\"news_list_single_image\" src=\"https:\/\/www.europesays.com\/de\/wp-content\/uploads\/2026\/08\/325178V.jpg\" alt=\"\u00a9 \"\/>&#13;<br \/>\nWer k\u00fcnftig selbst ein Sportboot auf Binnengew\u00e4ssern f\u00fchren m\u00f6chte, kann sich bei der VHS Borken gezielt auf den amtlichen Sportbootf\u00fchrerschein Binnen vorbereiten. Der Kurs &#8222;Sportbootf\u00fchrerschein Binnen \u2013 Theorie des Segelns und Motorbootfahrens&#8220; startet am Mittwoch, 9. September 2026, um 19:30 Uhr im Duesbergforum in Borken.&#13;<br \/>\nAn insgesamt 15 Terminen werden die theoretischen Grundlagen vermittelt, die f\u00fcr die Pr\u00fcfung und den sicheren Betrieb eines Sportbootes auf Binnenwasserstra\u00dfen wichtig sind. Behandelt werden die relevanten Themen f\u00fcr&#8230;&#13;\n  <\/p>\n<p> &#13;<br \/>\n      <a href=\"https:\/\/www.presse-service.de\/public\/Single.aspx?iid=1224557\" rel=\"nofollow noopener\" target=\"_blank\">mehr lesen&#8230;<\/a>  <\/p>\n<p>  &#13;<br \/>\n18.08.2026 &#8211; <a href=\"https:\/\/www.presse-service.de\/public\/Default.aspx?p=377\" rel=\"nofollow noopener\" target=\"_blank\">Stadt Lippstadt<\/a>&#13;<\/p>\n<p>  &#13;<br \/>\nAlte Schule wird zum zukunftsf\u00e4higen Dorfgemeinschaftshaus &#13;<br \/>\nLand Nordrhein-Westfalen f\u00f6rdert Umbau in Herringhausen-Hellinghausen mit 250.000 Euro&#13;<\/p>\n<p class=\"ins_r\">&#13;<br \/>\n      <img decoding=\"async\" class=\"news_list_single_image\" src=\"https:\/\/www.europesays.com\/de\/wp-content\/uploads\/2026\/08\/325180V.jpg\" alt=\"\u00a9 \"\/>&#13;<br \/>\nLippstadt. Die Alte Schule in Herringhausen-Hellinghausen soll zu einem modernen und zukunftsf\u00e4higen Dorfgemeinschaftshaus entwickelt werden. Die Voraussetzungen f\u00fcr die Umsetzung des Projekts sind nun geschaffen: Das Land Nordrhein-Westfalen unterst\u00fctzt den Umbau mit 250.000 Euro aus dem Struktur- und Dorferneuerungsprogramm. Gemeinsam mit der Stadt Lippstadt, die das Vorhaben begleitet und insbesondere die energetische Sanierung des Geb\u00e4udes f\u00f6rdert, konnten sich die Ehrenamtlichen des Vereins Alte Schule e.V. \u00fcber den Zuwendungsbescheid vom&#8230;&#13;\n  <\/p>\n<p> &#13;<br \/>\n      <a href=\"https:\/\/www.presse-service.de\/public\/Single.aspx?iid=1224558\" rel=\"nofollow noopener\" target=\"_blank\">mehr lesen&#8230;<\/a>  <\/p>\n<p>  &#13;<br \/>\n18.08.2026 &#8211; <a href=\"https:\/\/www.presse-service.de\/public\/Default.aspx?p=1546\" rel=\"nofollow noopener\" target=\"_blank\">Naturpark Schwalm-Nette<\/a>&#13;<\/p>\n<p>  &#13;<br \/>\nNaturpark Schwalm-Nette: Seniorenexkursion im Sp\u00e4tsommer&#13;<\/p>\n<p class=\"ins_r\">&#13;<br \/>\n      <img decoding=\"async\" class=\"news_list_single_image\" src=\"https:\/\/www.europesays.com\/de\/wp-content\/uploads\/2025\/04\/logo_k.jpg\" alt=\"\u00a9 \"\/>&#13;<br \/>\nBei einer Wanderung des Naturparks Schwalm-Nette am Mittwoch, den 2. September, streifen die Teilnehmenden durch den sp\u00e4tsommerlichen Hardter Wald. Treffpunkt ist um 13.30 Uhr am Wanderparkplatz, Am Kirschbaum 11 in M\u00f6nchengladbach-Hardt. Unter der Leitung von Liselotte Uhlig geht die Gruppe auf eine entspannende Runde und genie\u00dft die Natur. Unterwegs erfahren die Teilnehmenden noch einiges \u00fcber die Natur und die Geschichte des Waldes. Danach besteht die M\u00f6glichkeit, gemeinsam \u2013 auf eigene Kosten \u2013 im Wilhelm-Kliewer-Haus zu Kaffee und Kuchen&#8230;&#13;\n  <\/p>\n<p> &#13;<br \/>\n      <a href=\"https:\/\/www.presse-service.de\/public\/Single.aspx?iid=1224570\" rel=\"nofollow noopener\" target=\"_blank\">mehr lesen&#8230;<\/a>  <\/p>\n<p>  &#13;<br \/>\n18.08.2026 &#8211; <a href=\"https:\/\/www.presse-service.de\/public\/Default.aspx?p=532\" rel=\"nofollow noopener\" target=\"_blank\">Stadt Arnsberg<\/a>&#13;<\/p>\n<p>  &#13;<br \/>\nDauerstress und Mental Load entgegenwirken: Letzte freie Pl\u00e4tze f\u00fcr Workshop-Tag &#13;<\/p>\n<p class=\"ins_r\">&#13;<br \/>\n      <img decoding=\"async\" class=\"news_list_single_image\" src=\"https:\/\/www.europesays.com\/de\/wp-content\/uploads\/2026\/08\/325187V.jpg\" alt=\"\u00a9 \"\/>&#13;<br \/>\nUnter dem Jahresmotto &#8222;Woman in Change&#8220; l\u00e4dt die Gleichstellungsstelle der Stadt Arnsberg zu einem inspirierenden Workshop ein. Das Thema der Veranstaltung lautet: &#8222;St\u00e4ndig unter Strom? Wege zu mehr Klarheit im Kopf und Entspannung im K\u00f6rper&#8220;. F\u00fcr die kommende Veranstaltung am 19. September sind derzeit noch letzte Pl\u00e4tze verf\u00fcgbar.&#13;<br \/>\n&#13;<br \/>\nDa Stress als einer der wichtigsten Ausl\u00f6ser vieler Krankheiten gilt, dient der Workshop dazu, die eigene mentale Gesundheit bewusst zu st\u00e4rken. Die Teilnehmerinnen schauen darauf, wie Gedanken, Stress und&#8230;&#13;\n  <\/p>\n<p> &#13;<br \/>\n      <a href=\"https:\/\/www.presse-service.de\/public\/Single.aspx?iid=1224576\" rel=\"nofollow noopener\" target=\"_blank\">mehr lesen&#8230;<\/a>  <\/p>\n<p>  &#13;<br \/>\n18.08.2026 &#8211; <a href=\"https:\/\/www.presse-service.de\/public\/Default.aspx?p=1597\" rel=\"nofollow noopener\" target=\"_blank\">Stadt Bottrop<\/a>&#13;<\/p>\n<p>  &#13;<br \/>\nBottrop ist Teil der IGA 2027 \u2013 Mitmachen, entdecken und informieren&#13;<\/p>\n<p class=\"ins_r\">&#13;<br \/>\n      <img decoding=\"async\" class=\"news_list_single_image\" src=\"https:\/\/www.europesays.com\/de\/wp-content\/uploads\/2025\/04\/1745649569_940_logo.jpg\" alt=\"\u00a9 \"\/>&#13;<br \/>\nVom 23. April bis 17. Oktober 2027 wird das Ruhrgebiet zur B\u00fchne der Internationalen Gartenausstellung (IGA). Erstmals findet die IGA nicht in einer einzelnen Stadt, sondern in einer ganzen Region statt.&#13;<br \/>\nDie neue Themenseite der Stadt\u00a0https:\/\/www.bottrop.de\/iga\u00a0ist in den kommenden Monaten die zentrale Anlaufstelle f\u00fcr alle Informationen rund um die IGA 2027 in Bottrop. Neben aktuellen Meldungen finden B\u00fcrgerinnen und B\u00fcrger dort Informationen zu Veranstaltungen und Aktionen sowie M\u00f6glichkeiten, die IGA und ihre Hauptstandorte von Bottrop aus&#8230;&#13;\n  <\/p>\n<p> &#13;<br \/>\n      <a href=\"https:\/\/www.presse-service.de\/public\/Single.aspx?iid=1224577\" rel=\"nofollow noopener\" target=\"_blank\">mehr lesen&#8230;<\/a>  <\/p>\n<p>  &#13;<br \/>\n18.08.2026 &#8211; <a href=\"https:\/\/www.presse-service.de\/public\/Default.aspx?p=1582\" rel=\"nofollow noopener\" target=\"_blank\">Stadt Marl<\/a>&#13;<\/p>\n<p>  &#13;<br \/>\nStadt verschickt Infobrief zur Grundschulanmeldung 2027&#13;<\/p>\n<p class=\"ins_r\">&#13;<br \/>\n      <img decoding=\"async\" class=\"news_list_single_image\" src=\"https:\/\/www.europesays.com\/de\/wp-content\/uploads\/2025\/05\/1747129533_121_logo.jpg\" alt=\"\u00a9 \"\/>&#13;<br \/>\nEs ist wieder so weit: In der Zeit von Montag, 28. September, bis Freitag, 2. Oktober 2026, findet die Anmeldewoche f\u00fcr die Schulanf\u00e4ngerinnen und -anf\u00e4nger des Jahres 2027\/2028 statt. Die sogenannten Elternbriefe f\u00fcr alle Kinder, die am 1. August 2027 schulpflichtig werden und bis zum 30. September 2027 das sechste Lebensjahr vollendet haben, werden an die Sorgeberechtigten verschickt. Die ersten Briefe gehen am 24. August 2026 raus.&#13;\n  <\/p>\n<p> &#13;<br \/>\n      <a href=\"https:\/\/www.presse-service.de\/public\/Single.aspx?iid=1224578\" rel=\"nofollow noopener\" target=\"_blank\">mehr lesen&#8230;<\/a>  <\/p>\n<p>  &#13;<br \/>\n18.08.2026 &#8211; <a href=\"https:\/\/www.presse-service.de\/public\/Default.aspx?p=1562\" rel=\"nofollow noopener\" target=\"_blank\">Landkreis Peine<\/a>&#13;<\/p>\n<p>  &#13;<br \/>\nSommerfest des Eltern- Baby- Treffs \u201eELBA\u201c&#13;<\/p>\n<p class=\"ins_r\">&#13;<br \/>\n      <img decoding=\"async\" class=\"news_list_single_image\" src=\"https:\/\/www.europesays.com\/de\/wp-content\/uploads\/2025\/10\/logo.png\" alt=\"\u00a9 \"\/>&#13;<br \/>\nAm Montag, 24. August, findet von 15 bis 16:30 Uhr das ELBA-Sommerfest mit Spiel und Spa\u00df im Rosenhagen 39 in Peine statt.&#13;<br \/>\nDas Elterncaf\u00e9 in Peine \u00f6ffnet jeden Montag in der Zeit von 15 bis 16:30 Uhr seine T\u00fcren.&#13;<br \/>\nDie Familienfr\u00fchst\u00fccke finden jeden Dienstag und Donnerstag in der Zeit von 9:30 bis 11:30 Uhr statt.&#13;<br \/>\nNeben der Pflege von Kontakt, Austausch und Begegnung k\u00f6nnen Eltern bei den Angeboten auf Wunsch auch ein breit gef\u00e4chertes Informations- und Beratungsangebot rund um die Bed\u00fcrfnisse von Familien mit Babys und Kleinkindern in&#8230;&#13;\n  <\/p>\n<p> &#13;<br \/>\n      <a href=\"https:\/\/www.presse-service.de\/public\/Single.aspx?iid=1224580\" rel=\"nofollow noopener\" target=\"_blank\">mehr lesen&#8230;<\/a>  <\/p>\n<p>  &#13;<br \/>\n18.08.2026 &#8211; <a href=\"https:\/\/www.presse-service.de\/public\/Default.aspx?p=532\" rel=\"nofollow noopener\" target=\"_blank\">Stadt Arnsberg<\/a>&#13;<\/p>\n<p>  &#13;<br \/>\nLetzte Veranstaltung beim Kindertheater f\u00e4llt wegen Krankheit am Mittwoch aus&#13;<\/p>\n<p class=\"ins_r\">&#13;<br \/>\n      <img decoding=\"async\" class=\"news_list_single_image\" src=\"https:\/\/www.europesays.com\/de\/wp-content\/uploads\/2025\/04\/logo_ansberg.jpg\" alt=\"\u00a9 \"\/>&#13;<br \/>\nDie letzte in der Reihe Kindertheater im Arnsberger Kultursommer geplante Vorstellung mit dem Titel &#8222;Sonst Schoko&#8220; muss am kommenden Mittwoch, 19. August, wegen Krankheit leider kurzfristig abgesagt werden. Dadurch f\u00e4llt auch die bei schlechtem Wetter urspr\u00fcnglich in die Kulturschmiede verlegte Vorf\u00fchrung des Kinderst\u00fcckes aus. Die Stadt Arnsberg bedauert die kurzfristige Absage und bittet um Verst\u00e4ndnis.&#13;\n  <\/p>\n<p> &#13;<br \/>\n      <a href=\"https:\/\/www.presse-service.de\/public\/Single.aspx?iid=1224581\" rel=\"nofollow noopener\" target=\"_blank\">mehr lesen&#8230;<\/a>  <\/p>\n<p>  &#13;<br \/>\n18.08.2026 &#8211; <a href=\"https:\/\/www.presse-service.de\/public\/Default.aspx?p=532\" rel=\"nofollow noopener\" target=\"_blank\">Stadt Arnsberg<\/a>&#13;<\/p>\n<p>  &#13;<br \/>\nSizilianischer Abend mit Klosterhof muss leider abgesagt werden&#13;<\/p>\n<p class=\"ins_r\">&#13;<br \/>\n      <img decoding=\"async\" class=\"news_list_single_image\" src=\"https:\/\/www.europesays.com\/de\/wp-content\/uploads\/2025\/04\/logo_ansberg.jpg\" alt=\"\u00a9 \"\/>&#13;<br \/>\nDas f\u00fcr kommenden Freitag, 21. August, im Hof des Klosters Wedinghausen geplante Konzert der sizilianischen Gruppe &#8222;Unavantaluna&#8220; muss leider kurzfristig abgesagt werden. Grund f\u00fcr die Absage ist die schwerwiegende Erkrankung eines Bandmitglieds.&#13;<br \/>\nErkrankung eines Bandmitglieds&#13;<br \/>\nDie Stadt Arnsberg bedauert die kurzfristige Absage sehr und bittet alle am Konzert interessierten Besucherinnen und Besucher um Verst\u00e4ndnis. &#8222;Wir h\u00e4tten die Gruppe Unavantaluna sehr gerne im besonderen Ambiente des Klosterhofs begr\u00fc\u00dft. Gleichzeitig steht&#8230;&#13;\n  <\/p>\n<p> &#13;<br \/>\n      <a href=\"https:\/\/www.presse-service.de\/public\/Single.aspx?iid=1224582\" rel=\"nofollow noopener\" target=\"_blank\">mehr lesen&#8230;<\/a>  <\/p>\n<p>  &#13;<br \/>\n18.08.2026 &#8211; <a href=\"https:\/\/www.presse-service.de\/public\/Default.aspx?p=925\" rel=\"nofollow noopener\" target=\"_blank\">Stadt Braunschweig<\/a>&#13;<\/p>\n<p>  &#13;<br \/>\nMumien, Monster und Mutationen mit Andreas J\u00e4ger&#13;<\/p>\n<p class=\"ins_r\">&#13;<br \/>\n      <img decoding=\"async\" class=\"news_list_single_image\" src=\"https:\/\/www.europesays.com\/de\/wp-content\/uploads\/2025\/05\/logo_braunschweig.jpg\" alt=\"\u00a9 \"\/>&#13;<br \/>\nAndreas J\u00e4ger f\u00fchrt am Dienstag, 25. August, um 17 Uhr mit seinem Spaziergang &#8222;Mumien, Monster, Mutationen \u2013 von Gruseln, Grauen und Gottlosigkeit&#8220; Krimi- und Horrorliebhaberinnen und -liebhaber in die schaurig sch\u00f6ne Welt nicht nur menschlicher Abgr\u00fcnde. Treffpunkt ist das Gau\u00dfdenkmal am Gau\u00dfberg (Schubertstra\u00dfe).&#13;<br \/>\n\u00a0&#13;<br \/>\nDer Spaziergang dauert ca. 30 Minuten. Die Teilnahme ist kostenlos. Anmeldungen sind nicht notwendig. Weitere Informationen unter www.braunschweig.de\/literaturzentrum oder raabe-haus@braunschweig.de.&#13;\n  <\/p>\n<p> &#13;<br \/>\n      <a href=\"https:\/\/www.presse-service.de\/public\/Single.aspx?iid=1223887\" rel=\"nofollow noopener\" target=\"_blank\">mehr lesen&#8230;<\/a>  <\/p>\n<p>  &#13;<br \/>\n18.08.2026 &#8211; <a href=\"https:\/\/www.presse-service.de\/public\/Default.aspx?p=1589\" rel=\"nofollow noopener\" target=\"_blank\">Stadt Dortmund<\/a>&#13;<\/p>\n<p>  &#13;<br \/>\nIGA 2027: N\u00e4chste Woche starten Markierungsarbeiten auf der Emscherallee f\u00fcr die neue Zufahrt&#13;<\/p>\n<p class=\"ins_r\">&#13;<br \/>\n      <img decoding=\"async\" class=\"news_list_single_image\" src=\"https:\/\/www.europesays.com\/de\/wp-content\/uploads\/2026\/08\/325166V.jpg\" alt=\"\u00a9 Stadt Dortmund \/ Leopold Achilles\"\/>&#13;<br \/>\nAb Mittwoch, 26. August, verengt die Stadt die Fahrspuren der Emscherallee in Huckarde f\u00fcr rund eine Woche. Grund sind neue Fahrbahnmarkierungen f\u00fcr eine Abbiegespur zur k\u00fcnftigen IGA-Zufahrt. &#13;\n  <\/p>\n<p> &#13;<br \/>\n      <a href=\"https:\/\/www.presse-service.de\/public\/Single.aspx?iid=1224545\" rel=\"nofollow noopener\" target=\"_blank\">mehr lesen&#8230;<\/a>  <\/p>\n<p>  &#13;<br \/>\n18.08.2026 &#8211; <a href=\"https:\/\/www.presse-service.de\/public\/Default.aspx?p=77\" rel=\"nofollow noopener\" target=\"_blank\">Stadt M\u00fcnster<\/a>&#13;<\/p>\n<p>  &#13;<br \/>\nNordrhein-Westfalen-Tag: Kopfh\u00f6rerparty auf dem Domplatz f\u00fcr bis zu 10.000 G\u00e4ste&#13;<br \/>\nKostenfreier Open-Air-Dancefloor \u00f6ffnet am 29. August von 19 bis 2 Uhr \/ Einlass und Kopfh\u00f6rer-Ausgabe an zwei Zug\u00e4ngen&#13;<\/p>\n<p class=\"ins_r\">&#13;<br \/>\n      <img decoding=\"async\" class=\"news_list_single_image\" src=\"https:\/\/www.europesays.com\/de\/wp-content\/uploads\/2026\/08\/325169V.jpg\" alt=\"\u00a9 M\u00fcnster Marketing\/Christian Menz\"\/>&#13;<br \/>\nM\u00fcnster (SMS) Anl\u00e4sslich des Nordrhein-Westfalen-Tages l\u00e4dt die Stadt M\u00fcnster am Samstag, 29. August, gemeinsam mit Antenne M\u00fcnster, vier m\u00fcnsterschen Clubs und 1LIVE zu Deutschlands gr\u00f6\u00dfter Kopfh\u00f6rerparty auf den Domplatz ein. Von 19 bis 2 Uhr stehen 10.000 Kopfh\u00f6rer zur Verf\u00fcgung, um unter dem Motto &#8222;Celebrate Democracy&#8220; gemeinsam und kostenfrei zu feiern. An den beim Einlass ausgeteilten Kopfh\u00f6rern lassen sich drei verschiedene Kan\u00e4le ausw\u00e4hlen, die von DJs auf der B\u00fchne am Domplatz bespielt werden. Davor machen ein &#8222;Laser-Himmel&#8220; und vier&#8230;&#13;\n  <\/p>\n<p> &#13;<br \/>\n      <a href=\"https:\/\/www.presse-service.de\/public\/Single.aspx?iid=1224551\" rel=\"nofollow noopener\" target=\"_blank\">mehr lesen&#8230;<\/a>  <\/p>\n<p>&#13;<br \/>\n  &#13;<\/p>\n","protected":false},"excerpt":{"rendered":"&#13; Alle Meldungen: &#13; 18.08.2026 &#8211; Kreis Unna &#8211; Presse und Kommunikation&#13; &#13; Der September auf Schloss Cappenberg&#13;&hellip;\n","protected":false},"author":2,"featured_media":112370,"comment_status":"","ping_status":"","sticky":false,"template":"","format":"standard","meta":{"footnotes":"","_share_on_mastodon":"0"},"categories":[1843],"tags":[3364,29,30,19579,19580,62,8970,14,1209,178,19577,19578,19576,181,19575],"class_list":["post-1244683","post","type-post","status-publish","format-standard","has-post-thumbnail","category-muenster","tag-de","tag-deutschland","tag-germany","tag-kommunal","tag-kommunaler-dienst","tag-medien","tag-muenster","tag-nachrichten","tag-nordrhein-westfalen","tag-presse","tag-pressearchiv","tag-pressedienst","tag-pressemeldungen","tag-pressemitteilungen","tag-presseservice"],"share_on_mastodon":{"url":"https:\/\/pubeurope.com\/@de\/117116259988530663","error":""},"_links":{"self":[{"href":"https:\/\/www.europesays.com\/de\/wp-json\/wp\/v2\/posts\/1244683","targetHints":{"allow":["GET"]}}],"collection":[{"href":"https:\/\/www.europesays.com\/de\/wp-json\/wp\/v2\/posts"}],"about":[{"href":"https:\/\/www.europesays.com\/de\/wp-json\/wp\/v2\/types\/post"}],"author":[{"embeddable":true,"href":"https:\/\/www.europesays.com\/de\/wp-json\/wp\/v2\/users\/2"}],"replies":[{"embeddable":true,"href":"https:\/\/www.europesays.com\/de\/wp-json\/wp\/v2\/comments?post=1244683"}],"version-history":[{"count":0,"href":"https:\/\/www.europesays.com\/de\/wp-json\/wp\/v2\/posts\/1244683\/revisions"}],"wp:featuredmedia":[{"embeddable":true,"href":"https:\/\/www.europesays.com\/de\/wp-json\/wp\/v2\/media\/112370"}],"wp:attachment":[{"href":"https:\/\/www.europesays.com\/de\/wp-json\/wp\/v2\/media?parent=1244683"}],"wp:term":[{"taxonomy":"category","embeddable":true,"href":"https:\/\/www.europesays.com\/de\/wp-json\/wp\/v2\/categories?post=1244683"},{"taxonomy":"post_tag","embeddable":true,"href":"https:\/\/www.europesays.com\/de\/wp-json\/wp\/v2\/tags?post=1244683"}],"curies":[{"name":"wp","href":"https:\/\/api.w.org\/{rel}","templated":true}]}}