{"id":1244712,"date":"2026-08-18T11:39:21","date_gmt":"2026-08-18T11:39:21","guid":{"rendered":"https:\/\/www.europesays.com\/de\/1244712\/"},"modified":"2026-08-18T11:39:21","modified_gmt":"2026-08-18T11:39:21","slug":"angriffe-ueber-queere-datingplattformen-tagesschau-de","status":"publish","type":"post","link":"https:\/\/www.europesays.com\/de\/1244712\/","title":{"rendered":"Angriffe \u00fcber queere Datingplattformen | tagesschau.de"},"content":{"rendered":"<p>            <img loading=\"lazy\" decoding=\"async\" class=\"ts-image\" src=\"https:\/\/www.europesays.com\/de\/wp-content\/uploads\/2026\/08\/mann-handy-104.jpg\" alt=\"Ein Mann sitzt und schaut auf sein Handy.\" title=\"Ein Mann sitzt und schaut auf sein Handy. | dpa\"\/><\/p>\n<p>                    <strong>Exklusiv<\/strong><\/p>\n<p class=\"metatextline\">Stand: 18.08.2026 \u2022 12:39 Uhr<\/p>\n<p class=\"article-head__shorttext\">\n        <strong>Junge M\u00e4nner organisieren sich in Gruppen, um \u00fcber queere Dating-Apps Gewalt auszu\u00fcben. Sie vernetzen sich etwa auf Discord-Servern und teilen Aufnahmen ihrer Taten &#8211; wie eine Recherche von team.recherche zeigt.<\/strong>\n    <\/p>\n<p>Von Amelie Borggrefe, Tasnim R\u00f6dder, Kim Stoppert, SR\n                    <\/p>\n<p class=\"textabsatz m-ten m-offset-one l-eight l-offset-two columns twelve\">&#8222;Da ging meine kleine H\u00f6lle los&#8220;, sagt Lukas, der eigentlich anders hei\u00dft. An einem Sommertag wartet der 35-J\u00e4hrige auf sein Date, mit dem er sich auf einem Parkplatz verabredet hatte. Doch statt seiner Verabredung kommen mehrere junge M\u00e4nner, die ihn aus dem Auto zerren, filmen und erniedrigen. &#8222;Ich sollte tanzen und ich sollte sagen, dass ich Sex mit Minderj\u00e4hrigen haben wollen w\u00fcrde&#8220;, sagt Lukas. Dabei ging er davon aus, dass er sich mit einer erwachsenen Person treffen w\u00fcrde.<\/p>\n<p class=\"textabsatz m-ten m-offset-one l-eight l-offset-two columns twelve\">Lukas wurde Opfer eines Fake-Dates, und damit ist er nicht allein. team.recherche z\u00e4hlte mehr als 70 angezeigte F\u00e4lle der Dating-Masche deutschlandweit in den letzten zehn Jahren. Insgesamt hat sich die Zahl der queerfeindlichen Straftaten laut Bundeskriminalamt in den letzten 15 Jahren nahezu verzehnfacht. Die Dunkelziffer liegt deutlich h\u00f6her. Laut einer repr\u00e4sentativen Umfrage der EU-Grundrechtsagentur von 2024 zeigt einer von zehn Betroffenen solche F\u00e4lle an.<\/p>\n<p>    T\u00e4ter sind online vernetzt<\/p>\n<p class=\"textabsatz m-ten m-offset-one l-eight l-offset-two columns twelve\">Lukas&#8216; T\u00e4ter nannten sich selbst &#8222;Pedo-Hunter&#8220; &#8211; das sind Menschen, die Selbstjustiz an vermeintlich P\u00e4dokriminellen betreiben. Sie geben sich als Jungen oder M\u00e4dchen aus und verabreden sich mit Personen, denen sie P\u00e4dophilie zuschreiben. Bei den pers\u00f6nlichen Treffen greifen &#8222;Pedo-Hunter&#8220; Betroffene teilweise gewaltsam an.<\/p>\n<p class=\"textabsatz m-ten m-offset-one l-eight l-offset-two columns twelve\">Doch warum wurde Lukas, der sich mit einer erwachsenen Person treffen wollte, Opfer von selbsternannten Pedo-Huntern? Das team.recherche will wissen, wer hinter den Taten steckt, und schleust sich in eine Discord-Gruppe ein. Auf der Plattform k\u00f6nnen Benutzer unter anderem Nachrichten, Bilder und Videos verschicken.<\/p>\n<p class=\"textabsatz m-ten m-offset-one l-eight l-offset-two columns twelve\">Wochenlang verfolgen die Autorinnen und Autoren die Chats der rund 1.500 User auf dem Server. Darin tauschen sich vor allem junge M\u00e4nner \u00fcber Gewaltfantasien und Angriffe auf vermeintlich P\u00e4dophile aus. Immer wieder teilen User auch queerfeindliche Aussagen. Ein User schreibt: &#8222;Die homo pedos wie mein onkel; Hab mein onkel nur die knie scheibe raus geschlagen; Der ist jetzt geh behindert.&#8220; [sic]<\/p>\n<p class=\"textabsatz m-ten m-offset-one l-eight l-offset-two columns twelve\">Es scheint, als w\u00fcrde unter den Usern Homosexualit\u00e4t teils mit P\u00e4dophilie gleichgesetzt. Der Verfassungsschutz Baden-W\u00fcrttemberg best\u00e4tigt das: &#8222;Insbesondere hierbei wird oft der Schutz des vermeintlich gef\u00e4hrdeten Kindeswohls in den Vordergrund der queerfeindlichen Agitation gestellt.&#8220;<\/p>\n<p>    Rechtsextremer Content auf Discord-Servern<\/p>\n<p class=\"textabsatz m-ten m-offset-one l-eight l-offset-two columns twelve\">Zudem wird auf dem Discord-Channel immer wieder betont, dass die Bewegung unpolitisch sei. Gleichzeitig werden Nachrichten wie diese gepostet: &#8222;Ich k\u00e4mpfe aktiv f\u00fcr das Deutsche Reich, also zum Beispiel gegen lgbtq&#8220;. Au\u00dferdem kursiert rechtsextreme Symbolik in den Chats.<\/p>\n<p class=\"textabsatz m-ten m-offset-one l-eight l-offset-two columns twelve\">Zu Verkn\u00fcpfungen in die rechte Szene best\u00e4tigt ein Sprecher des Verfassungsschutzes Hessen, dass &#8222;Pedo Huntings&#8220; &#8222;ein hohes Ma\u00df an Mobilisierungspotential f\u00fcr rechtsextremistische Jugendliche und junge Erwachsene&#8220; beinhalte. Rechtsextreme werben also mit vermeintlichem Kinderschutz junge Menschen an und vermischen dabei teilweise Homosexualit\u00e4t mit P\u00e4dophilie. Das Resultat: \u00dcbergriffe gegen queere M\u00e4nner unter dem Deckmantel von Kinderschutz.<\/p>\n<p class=\"textabsatz m-ten m-offset-one l-eight l-offset-two columns twelve\">team.recherche nimmt Kontakt mit einem der Betreiber des Discord-Channels auf. &#8222;Es geht halt einfach nur darum, dass man sich f\u00fcr etwas einsetzt und probiert, dieses Ziel zu erreichen&#8220;, sagt Marcel (Name ge\u00e4ndert). Er erkl\u00e4rt, f\u00fcr ihn sei das Ziel der Schutz vor P\u00e4dokriminellen. Gegen eine Radikalisierung anderer User auf seinem Server k\u00f6nne er grunds\u00e4tzlich nichts tun. team.recherche konfrontiert ihn mit antisemitischen und rechtsextremen Inhalten, die er auf dem Server teilt. &#8222;Ich spiele einfach gerne mit dem Feuer&#8220;, sagt er und ordnet sich als unpolitisch ein.<\/p>\n<p>    Mehr Schutz f\u00fcr queere Menschen gefordert<\/p>\n<p class=\"textabsatz m-ten m-offset-one l-eight l-offset-two columns twelve\">Die Queerbeauftragte der Bundesregierung, Sophie Koch, fordert eine bundesweite Meldestelle f\u00fcr queerfeindliche \u00dcbergriffe, um diese besser zu erfassen. Die ist aktuell nicht geplant, aber das Innenministerium habe eine &#8222;Handreichung&#8220; f\u00fcr Polizeidienststellen erstellt. Die soll dazu beitragen, dass queerfeindliche Straftaten einheitlicher erfasst werden k\u00f6nnen. &#8222;Selbst,wenn es vielleicht nicht oberste Priorit\u00e4t ist bei allem, was gerade ansteht, muss auch diese Bundesregierung zeigen, dass sie die Interessen queerer Menschen ernst nimmt und vor allen Dingen, dass sie die Community sch\u00fctzt&#8220;, sagt Koch.<\/p>\n<p class=\"textabsatz m-ten m-offset-one l-eight l-offset-two columns twelve\">Erst im M\u00e4rz 2026 beschloss Bundesfamilienministerin Karin Prien, dass &#8222;Vielfalt&#8220; kein staatliches F\u00f6rderkriterium mehr sei. Wie passt das mit dem Schutz queerer Menschen zusammen? Ein Sprecher des Innenministeriums teilt mit, dass die Neuausrichtung der F\u00f6rderprogramme keine Abkehr vom Engagement gegen Queerfeindlichkeit sei. Man wolle &#8222;innerhalb des Kinder- und Jugendplans neue Schwerpunkte setzen &#8211; insbesondere bei der mentalen Gesundheit oder der Bek\u00e4mpfung von Einsamkeit&#8220;.<\/p>\n<p class=\"textabsatz m-ten m-offset-one l-eight l-offset-two columns twelve\">Die T\u00e4ter des \u00dcbergriffs gegen Lukas sind mittlerweile verurteilt. Er m\u00f6chte trotz seiner schlechten Erfahrung weiterhin queere Dating Apps nutzen. &#8222;Aus dem Grund, dass die Hoffnung zuletzt stirbt und dass es noch Menschen gibt, die Gutes tun&#8220;, sagt Lukas.<\/p>\n<p class=\"textabsatz m-ten m-offset-one l-eight l-offset-two columns twelve\">Hinweis: Die team.recherche-Doku &#8222;Jagd auf Schwule &#8211; Wer steckt hinter den Fake-Dates?&#8220; im Auftrag des SR k\u00f6nnen Sie <a href=\"https:\/\/kurz.sr.de\/wzfkzmli\" title=\"Doku team.recherche\" class=\"textlink--extern\" target=\"_blank\" rel=\"noopener nofollow\">hier in der ARD-Mediathek<\/a> sehen.<\/p>\n","protected":false},"excerpt":{"rendered":"Exklusiv Stand: 18.08.2026 \u2022 12:39 Uhr Junge M\u00e4nner organisieren sich in Gruppen, um \u00fcber queere Dating-Apps Gewalt auszu\u00fcben.&hellip;\n","protected":false},"author":2,"featured_media":1244713,"comment_status":"","ping_status":"","sticky":false,"template":"","format":"standard","meta":{"footnotes":"","_share_on_mastodon":"0"},"categories":[5],"tags":[331,332,3364,29,30,13,14,15,257917,33550,12],"class_list":["post-1244712","post","type-post","status-publish","format-standard","has-post-thumbnail","category-nachrichten","tag-aktuelle-nachrichten","tag-aktuelle-news","tag-de","tag-deutschland","tag-germany","tag-headlines","tag-nachrichten","tag-news","tag-online-dating","tag-queerfeindlichkeit","tag-schlagzeilen"],"share_on_mastodon":{"url":"https:\/\/pubeurope.com\/@de\/117116324606254916","error":""},"_links":{"self":[{"href":"https:\/\/www.europesays.com\/de\/wp-json\/wp\/v2\/posts\/1244712","targetHints":{"allow":["GET"]}}],"collection":[{"href":"https:\/\/www.europesays.com\/de\/wp-json\/wp\/v2\/posts"}],"about":[{"href":"https:\/\/www.europesays.com\/de\/wp-json\/wp\/v2\/types\/post"}],"author":[{"embeddable":true,"href":"https:\/\/www.europesays.com\/de\/wp-json\/wp\/v2\/users\/2"}],"replies":[{"embeddable":true,"href":"https:\/\/www.europesays.com\/de\/wp-json\/wp\/v2\/comments?post=1244712"}],"version-history":[{"count":0,"href":"https:\/\/www.europesays.com\/de\/wp-json\/wp\/v2\/posts\/1244712\/revisions"}],"wp:featuredmedia":[{"embeddable":true,"href":"https:\/\/www.europesays.com\/de\/wp-json\/wp\/v2\/media\/1244713"}],"wp:attachment":[{"href":"https:\/\/www.europesays.com\/de\/wp-json\/wp\/v2\/media?parent=1244712"}],"wp:term":[{"taxonomy":"category","embeddable":true,"href":"https:\/\/www.europesays.com\/de\/wp-json\/wp\/v2\/categories?post=1244712"},{"taxonomy":"post_tag","embeddable":true,"href":"https:\/\/www.europesays.com\/de\/wp-json\/wp\/v2\/tags?post=1244712"}],"curies":[{"name":"wp","href":"https:\/\/api.w.org\/{rel}","templated":true}]}}