{"id":1244723,"date":"2026-08-18T11:45:15","date_gmt":"2026-08-18T11:45:15","guid":{"rendered":"https:\/\/www.europesays.com\/de\/1244723\/"},"modified":"2026-08-18T11:45:15","modified_gmt":"2026-08-18T11:45:15","slug":"pol-mfr-763-ermittlungen-der-eko-kajal-zwei-weitere-tatverdaechtige-festgenommen","status":"publish","type":"post","link":"https:\/\/www.europesays.com\/de\/1244723\/","title":{"rendered":"POL-MFR: (763) Ermittlungen der &#8222;EKO Kajal&#8220; &#8211; Zwei weitere Tatverd\u00e4chtige festgenommen"},"content":{"rendered":"<p class=\"date\">18.08.2026 \u2013 13:30<\/p>\n<p class=\"customer\">\n                        <a class=\"story-customer\" title=\"weiter zum newsroom von Polizeipr\u00e4sidium Mittelfranken\" href=\"https:\/\/www.presseportal.de\/blaulicht\/nr\/6013\" rel=\"nofollow noopener\" target=\"_blank\">Polizeipr\u00e4sidium Mittelfranken<\/a>\n                    <\/p>\n<p><a data-category=\"citylink-story-view\" data-action=\"click\" data-label=\"Citylink in Meldungsansicht\" class=\"story-city event-trigger\" href=\"https:\/\/www.presseportal.de\/regional\/N%FCrnberg\" title=\"News aus N\u00fcrnberg \" rel=\"nofollow noopener\" target=\"_blank\">N\u00fcrnberg<\/a> (ots)<\/p>\n<p>Im Zuge der weiterhin intensiv gef\u00fchrten Ermittlungen der &#8222;EKO Kajal&#8220; nahm die Polizei in N\u00fcrnberg in der vergangenen Woche (10.-14.08.2026) zwei M\u00e4nner fest, die unabh\u00e4ngig voneinander in Verdacht stehen, Drogen an minderj\u00e4hrige M\u00e4dchen abgegeben zu haben. Einem der beiden M\u00e4nner werden au\u00dferdem Sexualstraftaten vorgeworfen. Gegen beide Tatverd\u00e4chtige hat das Amtsgericht N\u00fcrnberg zwischenzeitlich Untersuchungshaftbefehle erlassen.<\/p>\n<p>Zun\u00e4chst hatte sich in der Nacht zum vergangenen Montag (10.08.2026) eine 15-j\u00e4hrige Jugendliche aus einer Wohnung in der Unteren Kanalstra\u00dfe bei der Polizei gemeldet, weil sie dort von einem Mann sexuell bedr\u00e4ngt worden sei. Derselbe Mann habe ihr zudem Drogen angeboten. Ermittler der &#8222;EKO Kajal&#8220; konnten die 15-J\u00e4hrige in der besagten Wohnung antreffen. Dort nahmen die Beamten au\u00dferdem den Tatverd\u00e4chtigen fest, bei dem es sich um einen 46-j\u00e4hrigen Syrer handelt.<\/p>\n<p>Die Ermittler der &#8222;EKO Kajal&#8220; gehen au\u00dferdem davon aus, dass der Mann zur\u00fcckliegend eine weitere 15-J\u00e4hrige im Gegenzug f\u00fcr die Abgabe von Bet\u00e4ubungsmitteln und Geld sexuell missbraucht hat. Auf Antrag der Staatsanwaltschaft erlie\u00df ein Ermittlungsrichter einen Untersuchungshaftbefehl gegen den 46-j\u00e4hrigen Tatverd\u00e4chtigen.<\/p>\n<p>Unabh\u00e4ngig davon nahmen Ermittler der &#8222;EKO Kajal&#8220; am Freitag (14.08.2026) einen weiteren Mann im Stadtgebiet N\u00fcrnberg fest. Dieser Festnahme war die Meldung von Passanten vorausgegangen, denen in den Morgenstunden eine erkennbar unter Drogeneinfluss stehende Jugendliche am Leonhardsplatz aufgefallen war. Die ersten Ermittlungen deuten darauf hin, dass die betroffene 15-J\u00e4hrige und eine gleichaltrige Begleiterin zuvor von einem 21-j\u00e4hrigen Griechen verschiedene Drogen bekommen hatten. Die aufgegriffene 15-J\u00e4hrige musste infolge der deutlichen Auswirkungen des Drogenkonsums vor\u00fcbergehend in ein Krankenhaus eingeliefert werden. Die Beamten nahmen den vor Ort anwesenden Tatverd\u00e4chtigen fest. Gegen den 21-J\u00e4hrigen stellte die Staatsanwaltschaft ebenfalls einen Haftantrag, den das Amtsgericht N\u00fcrnberg mit dem Erlass eines Untersuchungshaftbefehls best\u00e4tigte.<\/p>\n<p>Ungeachtet der beiden j\u00fcngsten Festnahmen wird die gemeinsame Ermittlungsarbeit von Polizei und Staatsanwaltschaft im Rahmen der &#8222;EKO Kajal&#8220; unvermindert weitergef\u00fchrt.<\/p>\n<p>Erstellt durch: Michael Konrad<\/p>\n<p class=\"contact-headline\">R\u00fcckfragen bitte an:<\/p>\n<p class=\"contact-text\">Polizeipr\u00e4sidium Mittelfranken<br \/>Pr\u00e4sidialb\u00fcro &#8211; Pressestelle<br \/>Jakobsplatz 5<br \/>D-90402 N\u00fcrnberg<br \/>E-Mail: <a href=\"https:\/\/www.presseportal.de\/blaulicht\/pm\/6013\/mailto:pp-mfr.pressestelle@polizei.bayern.de\" class=\"uri-mailto\" rel=\"nofollow noopener\" target=\"_blank\">pp-mfr.pressestelle@polizei.bayern.de<\/a><\/p>\n<p>Erreichbarkeiten:<br \/>Montag bis Donnerstag<br \/>07:00 bis 16:00 Uhr<br \/>Freitag<br \/>07:00 bis 15:00 Uhr<br \/>Sonntag<br \/>11:00 bis 14:00 Uhr<\/p>\n<p>Telefon: +49 (0)911 2112 1030<\/p>\n<p>Au\u00dferhalb der B\u00fcrozeiten:<\/p>\n<p>Telefon: +49 (0)911 2112 1553<\/p>\n<p>Die Pressestelle des Polizeipr\u00e4sidiums Mittelfranken im Internet:<br \/><a target=\"_blank\" class=\"uri-ext outbound\" rel=\"noopener nofollow\" href=\"http:\/\/ots.de\/P4TQ8h\">http:\/\/ots.de\/P4TQ8h<\/a><\/p>\n<p class=\"originator\">Original-Content von: Polizeipr\u00e4sidium Mittelfranken, \u00fcbermittelt durch news aktuell<\/p>\n","protected":false},"excerpt":{"rendered":"18.08.2026 \u2013 13:30 Polizeipr\u00e4sidium Mittelfranken N\u00fcrnberg (ots) Im Zuge der weiterhin intensiv gef\u00fchrten Ermittlungen der &#8222;EKO Kajal&#8220; nahm&hellip;\n","protected":false},"author":2,"featured_media":1184682,"comment_status":"","ping_status":"","sticky":false,"template":"","format":"standard","meta":{"footnotes":"","_share_on_mastodon":"0"},"categories":[1837],"tags":[772,2918,3364,29,30,177,3783,121,178,180,179,181],"class_list":["post-1244723","post","type-post","status-publish","format-standard","has-post-thumbnail","category-nuernberg","tag-bayern","tag-by","tag-de","tag-deutschland","tag-germany","tag-kriminalitt","tag-nuernberg","tag-polizei","tag-presse","tag-pressemeldung","tag-pressemitteilung","tag-pressemitteilungen"],"share_on_mastodon":{"url":"","error":""},"_links":{"self":[{"href":"https:\/\/www.europesays.com\/de\/wp-json\/wp\/v2\/posts\/1244723","targetHints":{"allow":["GET"]}}],"collection":[{"href":"https:\/\/www.europesays.com\/de\/wp-json\/wp\/v2\/posts"}],"about":[{"href":"https:\/\/www.europesays.com\/de\/wp-json\/wp\/v2\/types\/post"}],"author":[{"embeddable":true,"href":"https:\/\/www.europesays.com\/de\/wp-json\/wp\/v2\/users\/2"}],"replies":[{"embeddable":true,"href":"https:\/\/www.europesays.com\/de\/wp-json\/wp\/v2\/comments?post=1244723"}],"version-history":[{"count":0,"href":"https:\/\/www.europesays.com\/de\/wp-json\/wp\/v2\/posts\/1244723\/revisions"}],"wp:featuredmedia":[{"embeddable":true,"href":"https:\/\/www.europesays.com\/de\/wp-json\/wp\/v2\/media\/1184682"}],"wp:attachment":[{"href":"https:\/\/www.europesays.com\/de\/wp-json\/wp\/v2\/media?parent=1244723"}],"wp:term":[{"taxonomy":"category","embeddable":true,"href":"https:\/\/www.europesays.com\/de\/wp-json\/wp\/v2\/categories?post=1244723"},{"taxonomy":"post_tag","embeddable":true,"href":"https:\/\/www.europesays.com\/de\/wp-json\/wp\/v2\/tags?post=1244723"}],"curies":[{"name":"wp","href":"https:\/\/api.w.org\/{rel}","templated":true}]}}