{"id":1244756,"date":"2026-08-18T12:05:22","date_gmt":"2026-08-18T12:05:22","guid":{"rendered":"https:\/\/www.europesays.com\/de\/1244756\/"},"modified":"2026-08-18T12:05:22","modified_gmt":"2026-08-18T12:05:22","slug":"hessen-verbietet-palaestina-e-v-in-frankfurt-wegen-antisemitismus","status":"publish","type":"post","link":"https:\/\/www.europesays.com\/de\/1244756\/","title":{"rendered":"Hessen verbietet Pal\u00e4stina e.V. in Frankfurt wegen Antisemitismus"},"content":{"rendered":"<p>Durchsuchungen in Frankfurt <\/p>\n<p>&#8222;Antisemitische Propaganda&#8220;: Hessen verbietet Pal\u00e4stina-Verein<\/p>\n<p>18.08.2026 &#8211; 13:57 UhrLesedauer: 1 Min.<\/p>\n<p><a href=\"#focus-0\" class=\"transition-colors block text-current relative\" data-sctrack=\"FocusGalleryImage.Reference\"><img fetchpriority=\"high\" data-testid=\"Opener.Image\"   loading=\"eager\" src=\"https:\/\/www.europesays.com\/de\/wp-content\/uploads\/2025\/10\/teilnehmer-einer-pro-palaestina-demo-in-frankfurt-archivbild.jpg\" alt=\"Teilnehmer einer Pro-Pal\u00e4stina-Demo in Frankfurt (Archivbild):\" title=\"Teilnehmer einer Pro-Pal\u00e4stina-Demo in Frankfurt (Archivbild):\" width=\"3543\" height=\"1993\" class=\"bg-[url:var(--lqipURL)] bg-cover bg-center flex h-full w-full max-w-full\" style=\"--lqipURL:url('https:\/\/images.t-online.de\/2025\/10\/cuBqklS1OVOa\/0x185:3543x1993\/fit-in\/150x0\/filters:blur(25)\/teilnehmer-einer-pro-palaestina-demo-in-frankfurt-archivbild.jpg')\" decoding=\"async\"\/><img loading=\"lazy\" src=\"https:\/\/frankfurt.t-online.de\/s\/paper\/_next\/static\/media\/zoom-in.f7dae02f.svg\" alt=\"Vergr\u00f6\u00dfern des Bildes\" title=\"Vergr\u00f6\u00dfern des Bildes\" class=\"block h-[calc(var(--height)_\/_16_*_1rem)] w-[calc(var(--width)_\/_16_*_1rem)] max-w-none absolute right-8 bottom-8 rounded-4 bg-snow p-8\" style=\"--width:32;--height:32\" decoding=\"async\"\/><\/a><\/p>\n<p>Teilnehmer einer Pro-Pal\u00e4stina-Demo in Frankfurt (Symbolbild): Das Innenministerium hat einen Verein mit Sitz in Frankfurt verboten. (Quelle: Hannelore Foerster via www.imago-images.de)<\/p>\n<p><img loading=\"lazy\" src=\"https:\/\/frankfurt.t-online.de\/s\/paper\/_next\/static\/media\/audio-volume.6689034c.svg\" alt=\"\" title=\"\" class=\"block h-[calc(var(--height)_\/_16_*_1rem)] w-[calc(var(--width)_\/_16_*_1rem)] max-w-none group-hover:brightness-0 group-hover:invert\" style=\"--width:16;--height:16\" decoding=\"async\"\/>Vorlesen<\/p>\n<p>Aktuelle Zeit:0:00Gesamtdauer:0:00<\/p>\n<p>1x<img loading=\"lazy\" src=\"https:\/\/frankfurt.t-online.de\/s\/paper\/_next\/static\/media\/font-sizes.32942e33.svg\" alt=\"\" title=\"\" class=\"block h-[calc(var(--height)_\/_16_*_1rem)] w-[calc(var(--width)_\/_16_*_1rem)] max-w-none group-hover:hidden group-aria-expanded:hidden\" style=\"--width:16;--height:16\" decoding=\"async\"\/><img loading=\"lazy\" src=\"https:\/\/frankfurt.t-online.de\/s\/paper\/_next\/static\/media\/font-sizes-dark-mode.e382645c.svg\" alt=\"\" title=\"\" class=\"block h-[calc(var(--height)_\/_16_*_1rem)] w-[calc(var(--width)_\/_16_*_1rem)] max-w-none hidden group-hover:block group-aria-expanded:block\" style=\"--width:16;--height:16\" decoding=\"async\"\/><img loading=\"lazy\" src=\"https:\/\/frankfurt.t-online.de\/s\/paper\/_next\/static\/media\/sharing-menu-icon.1eb71368.svg\" alt=\"\" title=\"\" class=\"block h-[calc(var(--height)_\/_16_*_1rem)] w-[calc(var(--width)_\/_16_*_1rem)] max-w-none group-hover:brightness-0 group-hover:invert\" style=\"--width:16;--height:16\" decoding=\"async\"\/>Artikel teilen<\/p>\n<p class=\"font-bold text-18 leading-17 user-text-lg:text-22 user-text-xl:text-24\">Das Innenministerium verbietet einen Verein mit Sitz in Frankfurt wegen eines Antisemitismus-Vorwurfs. In der Stadt durchsucht die Polizei f\u00fcnf Objekte.<\/p>\n<p class=\"text-18 leading-17 user-text-lg:text-22 user-text-xl:text-24\">Das hessische Innenministerium hat den Verein &#8222;Pal\u00e4stina e.V.&#8220; verboten. Als Begr\u00fcndung nennt das Ministerium antisemitische Propaganda: Der Verein habe damit die Grenzen zul\u00e4ssiger politischer Meinungs\u00e4u\u00dferung \u00fcberschritten.<\/p>\n<p class=\"text-18 leading-17 user-text-lg:text-22 user-text-xl:text-24\">Nach Ministeriumsangaben sei die T\u00e4tigkeit des Vereins darauf ausgerichtet gewesen, &#8222;antisemitische Feindbilder zu verbreiten, gesellschaftliche Spannungen zu vertiefen und den Gedanken der V\u00f6lkerverst\u00e4ndigung nachhaltig zu beeintr\u00e4chtigen&#8220;. Zweck und T\u00e4tigkeit h\u00e4tten sich demnach gegen die verfassungsm\u00e4\u00dfige Ordnung gerichtet.<\/p>\n<p>F\u00fcnf Durchsuchungen in Frankfurt<\/p>\n<p class=\"text-18 leading-17 user-text-lg:text-22 user-text-xl:text-24\">Dem Verbot war nach Angaben des Ministeriums ein verwaltungsgerichtliches Verfahren vorausgegangen. Im Zusammenhang mit dem Verbot wurden am Morgen f\u00fcnf Objekte in Frankfurt am Main sowie ein weiteres in Mannheim durchsucht, wie das Ministerium mitteilte. Daran seien 35 Beamte des Polizeipr\u00e4sidiums Frankfurt, des Hessischen Pr\u00e4sidiums f\u00fcr Einsatz sowie des Landeskriminalamtes beteiligt gewesen.<\/p>\n<p class=\"text-18 leading-17 user-text-lg:text-22 user-text-xl:text-24\">Innenminister Roman Poseck (CDU) bezeichnete das Verbot als &#8222;klares Zeichen f\u00fcr das entschlossene Handeln des Rechtsstaates und gegen das Erstarken des Antisemitismus&#8220;. Poseck k\u00fcndigte an, auch k\u00fcnftig &#8222;mit aller Konsequenz gegen antisemitische, extremistische und verfassungsfeindliche Bestrebungen&#8220; vorzugehen.<\/p>\n","protected":false},"excerpt":{"rendered":"Durchsuchungen in Frankfurt &#8222;Antisemitische Propaganda&#8220;: Hessen verbietet Pal\u00e4stina-Verein 18.08.2026 &#8211; 13:57 UhrLesedauer: 1 Min. Teilnehmer einer Pro-Pal\u00e4stina-Demo in&hellip;\n","protected":false},"author":2,"featured_media":1170789,"comment_status":"","ping_status":"","sticky":false,"template":"","format":"standard","meta":{"footnotes":"","_share_on_mastodon":"0"},"categories":[1829],"tags":[722,17161,29,4417,2050,2051,30,2052,7539,2548,12689],"class_list":["post-1244756","post","type-post","status-publish","format-standard","has-post-thumbnail","category-frankfurt-am-main","tag-722","tag-17161","tag-deutschland","tag-durchsuchung","tag-frankfurt","tag-frankfurt-am-main","tag-germany","tag-hessen","tag-innenministerium","tag-palaestina","tag-propaganda"],"share_on_mastodon":{"url":"https:\/\/pubeurope.com\/@de\/117116427594671968","error":""},"_links":{"self":[{"href":"https:\/\/www.europesays.com\/de\/wp-json\/wp\/v2\/posts\/1244756","targetHints":{"allow":["GET"]}}],"collection":[{"href":"https:\/\/www.europesays.com\/de\/wp-json\/wp\/v2\/posts"}],"about":[{"href":"https:\/\/www.europesays.com\/de\/wp-json\/wp\/v2\/types\/post"}],"author":[{"embeddable":true,"href":"https:\/\/www.europesays.com\/de\/wp-json\/wp\/v2\/users\/2"}],"replies":[{"embeddable":true,"href":"https:\/\/www.europesays.com\/de\/wp-json\/wp\/v2\/comments?post=1244756"}],"version-history":[{"count":0,"href":"https:\/\/www.europesays.com\/de\/wp-json\/wp\/v2\/posts\/1244756\/revisions"}],"wp:featuredmedia":[{"embeddable":true,"href":"https:\/\/www.europesays.com\/de\/wp-json\/wp\/v2\/media\/1170789"}],"wp:attachment":[{"href":"https:\/\/www.europesays.com\/de\/wp-json\/wp\/v2\/media?parent=1244756"}],"wp:term":[{"taxonomy":"category","embeddable":true,"href":"https:\/\/www.europesays.com\/de\/wp-json\/wp\/v2\/categories?post=1244756"},{"taxonomy":"post_tag","embeddable":true,"href":"https:\/\/www.europesays.com\/de\/wp-json\/wp\/v2\/tags?post=1244756"}],"curies":[{"name":"wp","href":"https:\/\/api.w.org\/{rel}","templated":true}]}}